{"id":12590,"date":"2016-06-07T17:31:00","date_gmt":"2016-06-07T14:31:00","guid":{"rendered":"https:\/\/dia.edu.az\/?p=12590"},"modified":"2021-03-16T17:32:41","modified_gmt":"2021-03-16T14:32:41","slug":"dia-da-dovl%c9%99t-idar%c9%99ciliyi-haqqinda-pekin-2014-kitabinin-t%c9%99qdimati-olub","status":"publish","type":"post","link":"https:\/\/legacy.dia.edu.az\/en\/arxivl\u0259r\/12590","title":{"rendered":"D\u0130A-da \u201cD\u00f6vl\u0259t idar\u0259\u00e7iliyi haqq\u0131nda. Pekin-2014\u201d kitab\u0131n\u0131n t\u0259qdimat\u0131 olub"},"content":{"rendered":"<p><\/p>\n\n\n\n<p><strong>D\u0130A-da \u201cD\u00f6vl\u0259t idar\u0259\u00e7iliyi haqq\u0131nda. Pekin-2014\u201d kitab\u0131n\u0131n t\u0259qdimat\u0131 olub<\/strong><br><em>\u0130yn 07 , 2016 &#8211; 01:03<\/em><\/p>\n\n\n\n<p>\u0130yunun 7-d\u0259 Az\u0259rbaycan Respublikas\u0131n\u0131n Prezidenti yan\u0131nda D\u00f6vl\u0259t \u0130dar\u0259\u00e7iliyi Akademiyas\u0131nda (D\u0130A) \u00c7in Xalq Respublikas\u0131n\u0131n S\u0259dri Si Cinpinin \u201cD\u00f6vl\u0259t idar\u0259\u00e7iliyi haqq\u0131nda. Pekin-2014\u201d kitab\u0131n\u0131n t\u0259qdimat\u0131 olub.<\/p>\n\n\n\n<p>T\u0259dbird\u0259 Milli M\u0259clisin deputatlar\u0131, D\u0130A-n\u0131n m\u00fc\u0259llim v\u0259 t\u0259l\u0259b\u0259l\u0259ri, media n\u00fcmay\u0259nd\u0259l\u0259ri i\u015ftirak edibl\u0259r.<\/p>\n\n\n\n<p>D\u0130A-n\u0131n rektoru, akademik Urxan \u018fl\u0259kb\u0259rov r\u0259hb\u0259rlik etdiyi ali t\u0259hsil m\u00fc\u0259ssis\u0259sind\u0259 ke\u00e7iril\u0259n t\u0259dbirin \u0259h\u0259miyy\u0259tini qeyd edib, kitab\u0131n m\u0259ziyy\u0259tind\u0259n dan\u0131\u015f\u0131b. Rektor bildirib ki, bu n\u0259\u015fr d\u00fcnyan\u0131n \u0259n q\u0259dim \u00f6lk\u0259l\u0259rind\u0259n olan, d\u00f6vl\u0259t idar\u0259\u00e7iliyi sah\u0259sind\u0259 b\u00f6y\u00fck t\u0259cr\u00fcb\u0259y\u0259 malik \u00c7ind\u0259 m\u00fcvafiq istiqam\u0259td\u0259 \u0259ld\u0259 edilmi\u015f nailiyy\u0259tl\u0259rl\u0259 ba\u011fl\u0131 m\u0259lumat almaq \u00fc\u00e7\u00fcn \u00f6n\u0259mli vasit\u0259dir.<\/p>\n\n\n\n<p>U.\u018fl\u0259kb\u0259rov diqq\u0259t\u0259 \u00e7atd\u0131r\u0131b ki, yoxsullu\u011fun s\u0259viyy\u0259sinin bir \u00e7ox inki\u015faf etmi\u015f \u00f6lk\u0259l\u0259rd\u0259n daha a\u015fa\u011f\u0131 oldu\u011fu \u00c7ind\u0259 d\u00f6vl\u0259t idar\u0259\u00e7iliyind\u0259 iqtisadi v\u0259 sosial elementl\u0259rin h\u0259r zaman diqq\u0259t m\u0259rk\u0259zind\u0259 saxlan\u0131lmas\u0131 dinamik t\u0259r\u0259qqinin \u0259sas\u0131n\u0131 t\u0259\u015fkil edir. Bu kitab vasit\u0259sil\u0259, h\u0259m\u00e7inin \u00c7inin inki\u015faf\u0131n\u0131n m\u00fcasir istiqam\u0259tl\u0259ri bar\u0259d\u0259 maraql\u0131 m\u0259qamlar\u0131 \u00f6yr\u0259nm\u0259k m\u00fcmk\u00fcnd\u00fcr.<\/p>\n\n\n\n<p>\u00c7inin Az\u0259rbaycandak\u0131 s\u0259firliyinin m\u00fc\u015faviri Li Cinsonq \u00f6lk\u0259l\u0259rimiz aras\u0131ndak\u0131 \u0259laq\u0259l\u0259rd\u0259n s\u00f6z a\u00e7\u0131b, bu c\u00fcr t\u0259dbirl\u0259rin t\u0259\u015fkilinin m\u00fcnasib\u0259tl\u0259rimizin daha da m\u00f6hk\u0259ml\u0259nm\u0259sin\u0259 t\u0259kan verdiyini bildirib. \u00d6lk\u0259sinin idar\u0259\u00e7ilik sisteminin elementl\u0259rind\u0259n dan\u0131\u015fan diplomat qeyd edib ki, t\u0259qdim olunan n\u0259\u015fr \u00c7inin d\u00f6vl\u0259t idar\u0259\u00e7iliyinin \u00f6z\u00fcn\u0259m\u0259xsus x\u00fcsusiyy\u0259tl\u0259rini ara\u015fd\u0131rmaq, yeni d\u00f6vrd\u0259 \u00f6lk\u0259nin g\u0259l\u0259c\u0259y\u0259 bax\u0131\u015f m\u00f6vqeyini m\u00fc\u0259yy\u0259nl\u0259\u015fdirm\u0259k bax\u0131m\u0131ndan yax\u015f\u0131 imkan yarad\u0131r.<\/p>\n\n\n\n<p>Xarici \u0130\u015fl\u0259r Nazirliyinin informasiya v\u0259 ictimai \u0259laq\u0259l\u0259r idar\u0259sinin r\u0259isi Cavan\u015fir M\u0259mm\u0259dov bildirib ki, \u00c7in Az\u0259rbaycan il\u0259 ikit\u0259r\u0259fli m\u00fcnasib\u0259tl\u0259rin geni\u015fl\u0259ndirilm\u0259sin\u0259 h\u0259r zaman \u00f6n\u0259m verib. \u00d6lk\u0259l\u0259rimiz aras\u0131nda b\u00fct\u00fcn sah\u0259l\u0259rd\u0259 s\u00fcr\u0259tl\u0259 inki\u015faf ed\u0259n \u0259laq\u0259l\u0259r var. X\u00fcsusil\u0259 iqtisadi \u0259m\u0259kda\u015fl\u0131\u011f\u0131n t\u0259r\u0259qqisi n\u0259z\u0259r\u0259 \u00e7arp\u0131r. D\u00f6vl\u0259t v\u0259 h\u00f6kum\u0259t r\u0259smil\u0259rinin qar\u015f\u0131l\u0131ql\u0131 s\u0259f\u0259rl\u0259ri bu m\u00fcnasib\u0259tl\u0259rin \u00e7ox\u015fax\u0259li olmas\u0131na t\u00f6hf\u0259sini verir. Xarici siyas\u0259td\u0259 Az\u0259rbaycan il\u0259 \u00c7inin m\u00f6vqeyi bir \u00e7ox m\u0259s\u0259l\u0259l\u0259rd\u0259 \u00fcst-\u00fcst\u0259 d\u00fc\u015f\u00fcr. \u00c7in h\u0259r zaman \u00f6lk\u0259mizin \u0259razi b\u00fct\u00f6vl\u00fcy\u00fcn\u00fc d\u0259st\u0259kl\u0259yib.<\/p>\n\n\n\n<p>Kitab haqq\u0131nda m\u0259lumat ver\u0259n C.M\u0259mm\u0259dov d\u00fcnyan\u0131n m\u00fcxt\u0259lif \u00f6lk\u0259l\u0259rind\u0259 n\u0259\u015frin t\u0259qdimat\u0131n\u0131n ke\u00e7irildiyini vur\u011fulay\u0131b. Qeyd edilib ki, \u00c7in r\u0259hb\u0259rliyinin d\u00fcnyaya, \u00f6lk\u0259nin g\u0259l\u0259c\u0259k inki\u015faf\u0131na bax\u0131\u015f\u0131 kitabda olduqca sad\u0259 dild\u0259 \u0259ksini tap\u0131b. N\u0259\u015frl\u0259 tan\u0131\u015f olan h\u0259r k\u0259s \u00c7inin daxili v\u0259 xarici siyas\u0259ti, inki\u015faf istiqam\u0259tl\u0259ri, idar\u0259\u00e7ilik strukturu v\u0259 bu kimi dig\u0259r m\u00f6vzular bar\u0259d\u0259 \u0259trafl\u0131 m\u0259lumat \u0259ld\u0259 ed\u0259 bil\u0259r.<\/p>\n\n\n\n<p>T\u0259dbird\u0259 Milli M\u0259clisin deputatlar\u0131 Elman N\u0259sirov, Musa Qas\u0131ml\u0131, Ayd\u0131n Mirz\u0259zad\u0259, \u00c7ingiz \u0130smay\u0131lov kitab haqq\u0131nda fikirl\u0259rini b\u00f6l\u00fc\u015f\u00fcbl\u0259r. D\u00f6vl\u0259t idar\u0259\u00e7iliyi sah\u0259sind\u0259 b\u00f6y\u00fck t\u0259cr\u00fcb\u0259y\u0259 malik \u00c7inin m\u00fcasir inki\u015faf konsepsiyas\u0131 v\u0259 idar\u0259\u00e7ilik strukturu il\u0259 tan\u0131\u015f olmaq bax\u0131m\u0131ndan \u00f6n\u0259mli m\u0259nb\u0259 say\u0131lan bu n\u0259\u015fr y\u00fcks\u0259k d\u0259y\u0259rl\u0259ndirilib.<\/p>\n\n\n\n<p>\u201cD\u00f6vl\u0259t idar\u0259\u00e7iliyi haqq\u0131nda. Pekin-2014\u201d kitab\u0131nda \u0259sas\u0259n m\u00fcasir \u00c7ind\u0259 ba\u015f ver\u0259n iqtisadi-sosial d\u0259yi\u015fiklikl\u0259r v\u0259 inki\u015faf prosesl\u0259ri, dinamik t\u0259r\u0259qqi d\u00f6vr\u00fc ya\u015fayan bu \u00f6lk\u0259y\u0259 d\u00fcnya birliyinin m\u00fcnasib\u0259ti, \u00c7in Kommunist Partiyas\u0131n\u0131n ba\u015f katibi Si Cinpinin d\u00f6vl\u0259t idar\u0259\u00e7iliyi sisteminin m\u00fcasirl\u0259\u015fdirilm\u0259si sah\u0259sind\u0259ki yeni ideyalar v\u0259 s. m\u0259qamlar \u0259ksini tap\u0131b. N\u0259\u015frd\u0259 2012-2014-c\u00fc ill\u0259r \u0259rzind\u0259ki \u00e7\u0131x\u0131\u015flar, g\u00f6r\u00fc\u015fl\u0259r, m\u00fchazir\u0259l\u0259r, q\u0259tnam\u0259 m\u0259tnl\u0259ri, t\u0259brik m\u0259ktublar\u0131 v\u0259 dig\u0259r materiallar yer al\u0131b. Kitab 18 tematik hiss\u0259d\u0259n ibar\u0259tdir v\u0259 h\u0259r bir hiss\u0259 xronoloji ard\u0131c\u0131ll\u0131qla haz\u0131rlan\u0131b. N\u0259\u015frd\u0259, h\u0259m\u00e7inin Si Cinpinin m\u00fcxt\u0259lif d\u00f6vrl\u0259rd\u0259 \u00e7\u0259kilmi\u015f 45 foto\u015f\u0259kli yer al\u0131b.<\/p>\n\n\n\n<p><\/p>\n\n\n\n<figure class=\"wp-container-2 wp-block-gallery-1 wp-block-gallery columns-1 is-cropped\"><ul class=\"blocks-gallery-grid\"><li class=\"blocks-gallery-item\"><figure><img width=\"640\" height=\"454\" src=\"https:\/\/dia.edu.az\/wp-content\/uploads\/2021\/03\/qwer.jpg\" alt=\"\" data-id=\"12591\" data-full-url=\"https:\/\/dia.edu.az\/wp-content\/uploads\/2021\/03\/qwer.jpg\" data-link=\"https:\/\/dia.edu.az\/?attachment_id=12591\" class=\"wp-image-12591\" srcset=\"https:\/\/legacy.dia.edu.az\/wp-content\/uploads\/2021\/03\/qwer.jpg 640w, https:\/\/legacy.dia.edu.az\/wp-content\/uploads\/2021\/03\/qwer-300x213.jpg 300w, https:\/\/legacy.dia.edu.az\/wp-content\/uploads\/2021\/03\/qwer-16x12.jpg 16w, https:\/\/legacy.dia.edu.az\/wp-content\/uploads\/2021\/03\/qwer-300x213@2x.jpg 600w\" sizes=\"(max-width: 640px) 100vw, 640px\" \/><\/figure><\/li><\/ul><\/figure>","protected":false},"excerpt":{"rendered":"<p>D\u0130A-da \u201cD\u00f6vl\u0259t idar\u0259\u00e7iliyi haqq\u0131nda. Pekin-2014\u201d kitab\u0131n\u0131n t\u0259qdimat\u0131 olub\u0130yn 07 , 2016 &#8211; 01:03 \u0130yunun 7-d\u0259 Az\u0259rbaycan Respublikas\u0131n\u0131n Prezidenti yan\u0131nda D\u00f6vl\u0259t \u0130dar\u0259\u00e7iliyi Akademiyas\u0131nda (D\u0130A) \u00c7in Xalq Respublikas\u0131n\u0131n S\u0259dri Si Cinpinin \u201cD\u00f6vl\u0259t idar\u0259\u00e7iliyi haqq\u0131nda. Pekin-2014\u201d kitab\u0131n\u0131n t\u0259qdimat\u0131 olub. T\u0259dbird\u0259 Milli M\u0259clisin deputatlar\u0131, D\u0130A-n\u0131n m\u00fc\u0259llim v\u0259 t\u0259l\u0259b\u0259l\u0259ri, media n\u00fcmay\u0259nd\u0259l\u0259ri i\u015ftirak edibl\u0259r. D\u0130A-n\u0131n rektoru, akademik Urxan \u018fl\u0259kb\u0259rov r\u0259hb\u0259rlik etdiyi [&hellip;]<\/p>","protected":false},"author":2,"featured_media":12591,"comment_status":"closed","ping_status":"closed","sticky":false,"template":"","format":"standard","meta":[],"categories":[137],"tags":[],"_links":{"self":[{"href":"https:\/\/legacy.dia.edu.az\/en\/wp-json\/wp\/v2\/posts\/12590"}],"collection":[{"href":"https:\/\/legacy.dia.edu.az\/en\/wp-json\/wp\/v2\/posts"}],"about":[{"href":"https:\/\/legacy.dia.edu.az\/en\/wp-json\/wp\/v2\/types\/post"}],"author":[{"embeddable":true,"href":"https:\/\/legacy.dia.edu.az\/en\/wp-json\/wp\/v2\/users\/2"}],"replies":[{"embeddable":true,"href":"https:\/\/legacy.dia.edu.az\/en\/wp-json\/wp\/v2\/comments?post=12590"}],"version-history":[{"count":0,"href":"https:\/\/legacy.dia.edu.az\/en\/wp-json\/wp\/v2\/posts\/12590\/revisions"}],"wp:featuredmedia":[{"embeddable":true,"href":"https:\/\/legacy.dia.edu.az\/en\/wp-json\/wp\/v2\/media\/12591"}],"wp:attachment":[{"href":"https:\/\/legacy.dia.edu.az\/en\/wp-json\/wp\/v2\/media?parent=12590"}],"wp:term":[{"taxonomy":"category","embeddable":true,"href":"https:\/\/legacy.dia.edu.az\/en\/wp-json\/wp\/v2\/categories?post=12590"},{"taxonomy":"post_tag","embeddable":true,"href":"https:\/\/legacy.dia.edu.az\/en\/wp-json\/wp\/v2\/tags?post=12590"}],"curies":[{"name":"wp","href":"https:\/\/api.w.org\/{rel}","templated":true}]}}