{"id":12587,"date":"2016-06-09T17:27:00","date_gmt":"2016-06-09T14:27:00","guid":{"rendered":"https:\/\/dia.edu.az\/?p=12587"},"modified":"2021-03-16T17:28:18","modified_gmt":"2021-03-16T14:28:18","slug":"dovl%c9%99t-idar%c9%99cilik-akademiyasi-il%c9%99-%c9%99mlak-m%c9%99s%c9%99l%c9%99l%c9%99ri-dovl%c9%99t-komit%c9%99si-arasinda-%c9%99m%c9%99kdasliga-dair-memorandum-imzalanib","status":"publish","type":"post","link":"https:\/\/legacy.dia.edu.az\/en\/arxivl\u0259r\/12587","title":{"rendered":"D\u00f6vl\u0259t \u0130dar\u0259\u00e7ilik Akademiyas\u0131 il\u0259 \u018fmlak M\u0259s\u0259l\u0259l\u0259ri D\u00f6vl\u0259t Komit\u0259si aras\u0131nda \u0259m\u0259kda\u015fl\u0131\u011fa dair memorandum imzalan\u0131b"},"content":{"rendered":"<p><\/p>\n\n\n\n<p><strong>D\u00f6vl\u0259t \u0130dar\u0259\u00e7ilik Akademiyas\u0131 il\u0259 \u018fmlak M\u0259s\u0259l\u0259l\u0259ri D\u00f6vl\u0259t Komit\u0259si aras\u0131nda \u0259m\u0259kda\u015fl\u0131\u011fa dair memorandum imzalan\u0131b<\/strong><br><em>\u0130yn 09 , 2016 &#8211; 03:47<\/em><\/p>\n\n\n\n<p>\u0130yunun 9-da \u018fmlak M\u0259s\u0259l\u0259l\u0259ri D\u00f6vl\u0259t Komit\u0259si (\u018fMDK) il\u0259 Az\u0259rbaycan Respublikas\u0131n\u0131n Prezidenti yan\u0131nda D\u00f6vl\u0259t \u0130dar\u0259\u00e7ilik Akademiyas\u0131 (D\u0130A) aras\u0131nda \u0259m\u0259kda\u015fl\u0131\u011fa dair memorandum imzalan\u0131b.<\/p>\n\n\n\n<p>\u018fMDK-n\u0131n s\u0259dr m\u00fcavini Rafiq C\u0259lilov v\u0259 D\u0130A-n\u0131n rektoru, akademik Urxan \u018fl\u0259kb\u0259rovun imzalad\u0131\u011f\u0131 Memorandumda t\u0259r\u0259fl\u0259r aras\u0131nda birg\u0259 layih\u0259l\u0259rin, konfranslar\u0131n, ixtisasart\u0131rma kurslar\u0131n\u0131n t\u0259\u015fkili, \u201cd\u0259yirmi masa\u201d v\u0259 seminarlar\u0131n, m\u00fczakir\u0259l\u0259rin ke\u00e7irilm\u0259si, m\u00fcxt\u0259lif elmi t\u0259dqiqatlar\u0131n, analitik materiallar\u0131n haz\u0131rlanmas\u0131 n\u0259z\u0259rd\u0259 tutulub.<\/p>\n\n\n\n<p>U.\u018fl\u0259kb\u0259rov qeyd edib ki, Prezident \u0130lham \u018fliyev t\u0259r\u0259find\u0259n elmin v\u0259 t\u0259hsilin inki\u015faf\u0131na, sosial innovasiyalar\u0131n geni\u015f t\u0259tbiqin\u0259 x\u00fcsusi diqq\u0259t g\u00f6st\u0259rilir. Rektor komit\u0259nin v\u0259t\u0259nda\u015flara xidm\u0259t sah\u0259sind\u0259ki f\u0259aliyy\u0259tini y\u00fcks\u0259k qiym\u0259tl\u0259ndirib v\u0259 bildirib ki, bu f\u0259aliyy\u0259t m\u00fcasir innovativ konsepsiya olmaqla yana\u015f\u0131, \u201cAz\u0259rbaycan 2020: g\u0259l\u0259c\u0259y\u0259 bax\u0131\u015f\u201d \u0130nki\u015faf Konsepsiyas\u0131n\u0131n h\u0259d\u0259fl\u0259rind\u0259ndir. D\u00f6vl\u0259t Komit\u0259si il\u0259 qar\u015f\u0131l\u0131ql\u0131 \u0259m\u0259kda\u015fl\u0131\u011f\u0131n geni\u015fl\u0259nm\u0259sinin s\u0259m\u0259r\u0259li olaca\u011f\u0131na v\u0259 akademiyada t\u0259hsil alan, d\u00f6vl\u0259t idar\u0259\u00e7ilik sah\u0259sind\u0259 ixtisasla\u015fan g\u0259ncl\u0259rin v\u0259 d\u00f6vl\u0259t qulluq\u00e7ular\u0131n\u0131n praktik bilikl\u0259rinin geni\u015fl\u0259nm\u0259sin\u0259 daha bir imkan \u0259ld\u0259 ed\u0259c\u0259yimiz\u0259 inan\u0131r\u0131q.<\/p>\n\n\n\n<p>R.C\u0259lilov bildirib ki, f\u0259aliyy\u0259tind\u0259 h\u0259r zaman s\u0259m\u0259r\u0259liliyin art\u0131r\u0131lmas\u0131n\u0131, \u00f6lk\u0259 v\u0259t\u0259nda\u015flar\u0131na v\u0259 biznes qurumlar\u0131na y\u00fcks\u0259k s\u0259viyy\u0259d\u0259 xidm\u0259t g\u00f6st\u0259rilm\u0259sini \u0259sas g\u00f6t\u00fcr\u0259n \u018fMDK qabaqc\u0131l d\u00fcnya t\u0259cr\u00fcb\u0259sind\u0259n v\u0259 m\u00fcasir yana\u015fmalardan geni\u015f \u015f\u0259kild\u0259 yararlan\u0131r. Komit\u0259 \u0259sas f\u0259aliyy\u0259t istiqam\u0259tl\u0259rind\u0259 &#8211; torpaqlar\u0131n idar\u0259\u00e7iliyind\u0259, d\u00f6vl\u0259t \u0259mlak\u0131n\u0131n idar\u0259 edilm\u0259si v\u0259 \u00f6z\u0259ll\u0259\u015fdirilm\u0259sind\u0259, el\u0259c\u0259 d\u0259 da\u015f\u0131nmaz \u0259mlak\u0131n qeydiyyat\u0131 prosesind\u0259 m\u00fct\u0259r\u0259qqi metodlar v\u0259 innovasiyalar\u0131n t\u0259tbiqini daim davam etdirir.<\/p>\n\n\n\n<p>Bu i\u015fl\u0259rin h\u0259yata ke\u00e7irilm\u0259sind\u0259 komit\u0259 haz\u0131rl\u0131ql\u0131, pe\u015f\u0259kar v\u0259 innovativ t\u0259f\u0259kk\u00fcr\u0259 malik g\u0259nc kadrlar\u0131n potensial\u0131ndan yararlan\u0131r. S\u0259dr m\u00fcavini qeyd edib ki, bu m\u0259nada imzalanan \u018fm\u0259kda\u015fl\u0131q Memorandumu komit\u0259 il\u0259 D\u0130A aras\u0131nda kadr sah\u0259sind\u0259 \u0259m\u0259kda\u015fl\u0131\u011f\u0131n geni\u015fl\u0259nm\u0259sin\u0259, Akademiyan\u0131n istedadl\u0131 v\u0259 haz\u0131rl\u0131ql\u0131 t\u0259l\u0259b\u0259l\u0259rinin real iqtisadi prosesl\u0259rd\u0259 i\u015ftirak\u0131na v\u0259 onlar\u0131n potensial\u0131ndan tam g\u00fcc\u00fc il\u0259 faydalanma\u011fa imkan ver\u0259c\u0259k.<\/p>\n\n\n\n<p>H\u0259m\u00e7inin bildirilib ki, son ill\u0259rd\u0259 komit\u0259 \u00f6z f\u0259aliyy\u0259tind\u0259 bir s\u0131ra sosial \u0259h\u0259miyy\u0259tli nailiyy\u0259tl\u0259r \u0259ld\u0259 edib, xidm\u0259tl\u0259rd\u0259 v\u0259t\u0259nda\u015f amilinin g\u00fccl\u0259ndirilm\u0259sini diqq\u0259td\u0259 saxlay\u0131b. Torpaq idar\u0259\u00e7iliyi v\u0259 da\u015f\u0131nmaz \u0259mlak\u0131n qeydiyyat\u0131 sistemi xeyli t\u0259kmill\u0259\u015fdirilib, \u201cbir p\u0259nc\u0259r\u0259\u201d prinsipi t\u0259tbiq edilib, qeydiyyat prosedurlar\u0131 sad\u0259l\u0259\u015fdirilib v\u0259 qeydiyyat m\u00fcdd\u0259tl\u0259ri q\u0131sald\u0131l\u0131b. V\u0259t\u0259nda\u015flara \u00e7evik, \u015f\u0259ffaf v\u0259 rahat xidm\u0259tl\u0259rin g\u00f6st\u0259rilm\u0259si m\u0259qs\u0259dil\u0259 31 elektron, 3 onlayn v\u0259 3 SMS xidm\u0259t \u0259halinin istifad\u0259sin\u0259 verilib. \u0130ndiy\u0259d\u0259k 361 min\u0259 yax\u0131n m\u00fcraci\u0259tin m\u0259hz elektron xidm\u0259tl\u0259r vasit\u0259sil\u0259 daxil olmas\u0131 bu xidm\u0259tl\u0259r\u0259 mara\u011f\u0131n y\u00fcks\u0259k olmas\u0131n\u0131n \u0259yani g\u00f6st\u0259ricisidir. Komit\u0259 da\u015f\u0131nmaz \u0259mlak\u0131n qeydiyyat\u0131 sah\u0259sind\u0259 \u201cK\u00fctl\u0259vi \u00e7\u0131xar\u0131\u015f\u201d kampaniyas\u0131 v\u0259 mobil ofis xidm\u0259tl\u0259ri kimi sosial layih\u0259l\u0259ri d\u0259 realla\u015fd\u0131r\u0131r. H\u0259yata ke\u00e7irdiyi t\u0259dbirl\u0259r v\u0259 \u0259ld\u0259 edil\u0259n n\u0259tic\u0259l\u0259r beyn\u0259lxalq t\u0259\u015fkilatlar t\u0259r\u0259find\u0259n d\u0259 y\u00fcks\u0259k qiym\u0259tl\u0259ndirilir. Bel\u0259 ki, D\u00fcnya Bank\u0131 v\u0259 Beyn\u0259lxalq Maliyy\u0259 Korporasiyas\u0131n\u0131n birg\u0259 t\u0259rtib etdiyi, biznes m\u00fchitin qiym\u0259tl\u0259ndirilm\u0259sini n\u0259z\u0259rd\u0259 tutan \u201cDoing Business\u201d hesabatlar\u0131nda Az\u0259rbaycan art\u0131q bir ne\u00e7\u0259 ildir ki, \u0259mlak\u0131n qeydiyyat\u0131n\u0131n sad\u0259liyin\u0259 g\u00f6r\u0259, d\u00fcnyada ilk onluqdad\u0131r. Bundan ba\u015fqa, \u00f6lk\u0259miz 2016-c\u0131 ild\u0259 ilk d\u0259f\u0259 olaraq \u0259mlak h\u00fcquqlar\u0131n\u0131n qorunmas\u0131 indeksin\u0259 g\u00f6r\u0259 \u201cM\u00fclkiyy\u0259t h\u00fcquqlar\u0131 Alyans\u0131\u201dn\u0131n illik beyn\u0259lxalq reytinq c\u0259dv\u0259lind\u0259 yer al\u0131b v\u0259 129 \u00f6lk\u0259ni \u0259hat\u0259 ed\u0259n reytinq c\u0259dv\u0259lind\u0259 Az\u0259rbaycan \u201cda\u015f\u0131nmaz \u0259mlak\u0131n qeydiyyat\u0131\u201d kateqoriyas\u0131nda d\u00fcnya \u00fczr\u0259 \u0259n yax\u015f\u0131 iyirmilik s\u0131ras\u0131na daxil edilib.<\/p>\n\n\n\n<p>Torpaq m\u00fcnasib\u0259tl\u0259rinin t\u0259nziml\u0259nm\u0259si, torpaqlar\u0131n idar\u0259 edilm\u0259si v\u0259 onlar\u0131n istifad\u0259sinin n\u0259zar\u0259t sah\u0259sind\u0259 d\u0259 ciddi i\u015fl\u0259r g\u00f6r\u00fcl\u00fcr. D\u00f6vl\u0259t ba\u015f\u00e7\u0131s\u0131n\u0131n verdiyi tap\u015f\u0131r\u0131qlara \u0259sas\u0259n, torpaqlar\u0131n vahid elektron kadastr u\u00e7otu sisteminin yarad\u0131lmas\u0131 i\u015fl\u0259ri u\u011furla icra olunur.<\/p>\n\n\n\n<p>\u00c7\u0131x\u0131\u015flarda qeyd edil\u0259n v\u0259zif\u0259l\u0259ri u\u011furla v\u0259 s\u0259m\u0259r\u0259li icra etm\u0259k \u00fc\u00e7\u00fcn y\u00fcks\u0259k bilik v\u0259 t\u0259cr\u00fcb\u0259d\u0259n geni\u015f istifad\u0259 olunmas\u0131 v\u0259 elmi bilikl\u0259rin idar\u0259etm\u0259d\u0259 t\u0259tbiqi v\u0259 qar\u015f\u0131l\u0131ql\u0131 m\u00fcbadil\u0259 yolu il\u0259 daha da s\u0259m\u0259r\u0259li olmas\u0131 bar\u0259d\u0259 fikirl\u0259r bildirilib.<\/p>\n\n\n\n<p><\/p>\n\n\n\n<figure class=\"wp-container-2 wp-block-gallery-1 wp-block-gallery columns-1 is-cropped\"><ul class=\"blocks-gallery-grid\"><li class=\"blocks-gallery-item\"><figure><img width=\"640\" height=\"403\" src=\"https:\/\/dia.edu.az\/wp-content\/uploads\/2021\/03\/emlak.jpg\" alt=\"\" data-id=\"12588\" data-full-url=\"https:\/\/dia.edu.az\/wp-content\/uploads\/2021\/03\/emlak.jpg\" data-link=\"https:\/\/dia.edu.az\/?attachment_id=12588\" class=\"wp-image-12588\" srcset=\"https:\/\/legacy.dia.edu.az\/wp-content\/uploads\/2021\/03\/emlak.jpg 640w, https:\/\/legacy.dia.edu.az\/wp-content\/uploads\/2021\/03\/emlak-300x189.jpg 300w, https:\/\/legacy.dia.edu.az\/wp-content\/uploads\/2021\/03\/emlak-16x10.jpg 16w, https:\/\/legacy.dia.edu.az\/wp-content\/uploads\/2021\/03\/emlak-300x189@2x.jpg 600w\" sizes=\"(max-width: 640px) 100vw, 640px\" \/><\/figure><\/li><\/ul><\/figure>","protected":false},"excerpt":{"rendered":"<p>D\u00f6vl\u0259t \u0130dar\u0259\u00e7ilik Akademiyas\u0131 il\u0259 \u018fmlak M\u0259s\u0259l\u0259l\u0259ri D\u00f6vl\u0259t Komit\u0259si aras\u0131nda \u0259m\u0259kda\u015fl\u0131\u011fa dair memorandum imzalan\u0131b\u0130yn 09 , 2016 &#8211; 03:47 \u0130yunun 9-da \u018fmlak M\u0259s\u0259l\u0259l\u0259ri D\u00f6vl\u0259t Komit\u0259si (\u018fMDK) il\u0259 Az\u0259rbaycan Respublikas\u0131n\u0131n Prezidenti yan\u0131nda D\u00f6vl\u0259t \u0130dar\u0259\u00e7ilik Akademiyas\u0131 (D\u0130A) aras\u0131nda \u0259m\u0259kda\u015fl\u0131\u011fa dair memorandum imzalan\u0131b. \u018fMDK-n\u0131n s\u0259dr m\u00fcavini Rafiq C\u0259lilov v\u0259 D\u0130A-n\u0131n rektoru, akademik Urxan \u018fl\u0259kb\u0259rovun imzalad\u0131\u011f\u0131 Memorandumda t\u0259r\u0259fl\u0259r aras\u0131nda birg\u0259 [&hellip;]<\/p>","protected":false},"author":2,"featured_media":12588,"comment_status":"closed","ping_status":"closed","sticky":false,"template":"","format":"standard","meta":[],"categories":[137],"tags":[],"_links":{"self":[{"href":"https:\/\/legacy.dia.edu.az\/en\/wp-json\/wp\/v2\/posts\/12587"}],"collection":[{"href":"https:\/\/legacy.dia.edu.az\/en\/wp-json\/wp\/v2\/posts"}],"about":[{"href":"https:\/\/legacy.dia.edu.az\/en\/wp-json\/wp\/v2\/types\/post"}],"author":[{"embeddable":true,"href":"https:\/\/legacy.dia.edu.az\/en\/wp-json\/wp\/v2\/users\/2"}],"replies":[{"embeddable":true,"href":"https:\/\/legacy.dia.edu.az\/en\/wp-json\/wp\/v2\/comments?post=12587"}],"version-history":[{"count":0,"href":"https:\/\/legacy.dia.edu.az\/en\/wp-json\/wp\/v2\/posts\/12587\/revisions"}],"wp:featuredmedia":[{"embeddable":true,"href":"https:\/\/legacy.dia.edu.az\/en\/wp-json\/wp\/v2\/media\/12588"}],"wp:attachment":[{"href":"https:\/\/legacy.dia.edu.az\/en\/wp-json\/wp\/v2\/media?parent=12587"}],"wp:term":[{"taxonomy":"category","embeddable":true,"href":"https:\/\/legacy.dia.edu.az\/en\/wp-json\/wp\/v2\/categories?post=12587"},{"taxonomy":"post_tag","embeddable":true,"href":"https:\/\/legacy.dia.edu.az\/en\/wp-json\/wp\/v2\/tags?post=12587"}],"curies":[{"name":"wp","href":"https:\/\/api.w.org\/{rel}","templated":true}]}}