{"id":12580,"date":"2016-06-23T17:24:00","date_gmt":"2016-06-23T14:24:00","guid":{"rendered":"https:\/\/dia.edu.az\/?p=12580"},"modified":"2021-03-16T17:25:44","modified_gmt":"2021-03-16T14:25:44","slug":"az%c9%99rbaycan-respublikasinin-prezidenti-yaninda-dovl%c9%99t-idar%c9%99cilik-akademiyasinda-dovl%c9%99t-qulluqcularinin-pes%c9%99-bayrami-gunu-qeyd-edilib","status":"publish","type":"post","link":"https:\/\/legacy.dia.edu.az\/en\/arxivl\u0259r\/12580","title":{"rendered":"Az\u0259rbaycan Respublikas\u0131n\u0131n Prezidenti yan\u0131nda D\u00f6vl\u0259t \u0130dar\u0259\u00e7ilik Akademiyas\u0131nda D\u00f6vl\u0259t qulluq\u00e7ular\u0131n\u0131n pe\u015f\u0259 bayram\u0131 g\u00fcn\u00fc qeyd edilib"},"content":{"rendered":"<p><\/p>\n\n\n\n<p><strong>Az\u0259rbaycan Respublikas\u0131n\u0131n Prezidenti yan\u0131nda D\u00f6vl\u0259t \u0130dar\u0259\u00e7ilik Akademiyas\u0131nda D\u00f6vl\u0259t qulluq\u00e7ular\u0131n\u0131n pe\u015f\u0259 bayram\u0131 g\u00fcn\u00fc qeyd edilib<\/strong><br><em>\u0130yn 23 , 2016 &#8211; 02:24<\/em><\/p>\n\n\n\n<p>\u0130yunun 23-d\u0259 Az\u0259rbaycan Respublikas\u0131n\u0131n Prezidenti yan\u0131nda D\u00f6vl\u0259t \u0130dar\u0259\u00e7ilik Akademiyas\u0131nda D\u00f6vl\u0259t Qulluq\u00e7ular\u0131n\u0131n pe\u015f\u0259 bayram\u0131na h\u0259sr olunmu\u015f \u201cD\u00f6vl\u0259t idar\u0259\u00e7iliyinin Az\u0259rbaycan modeli: d\u00f6vl\u0259t qullu\u011funda innovasiyalar\u0131n t\u0259tbiqi\u201d m\u00f6vzusunda elmi-praktik konfrans ke\u00e7irilib.<\/p>\n\n\n\n<p>D\u0130A-n\u0131n rektoru, akademik Urxan \u018fl\u0259kb\u0259rov konfrans\u0131 a\u00e7araq d\u00f6vl\u0259t qulluq\u00e7ular\u0131n\u0131 pe\u015f\u0259 bayram\u0131 m\u00fcnasib\u0259til\u0259 t\u0259brik edib. Rektor bildirib ki, Az\u0259rbaycanda \u00e7evik d\u00f6vl\u0259t qullu\u011fu sistemi formala\u015f\u0131b. Natiq, \u00f6lk\u0259d\u0259 d\u00f6vl\u0259t quruculu\u011fu, d\u00f6vl\u0259t idar\u0259etm\u0259 sisteminin formala\u015fmas\u0131 v\u0259 d\u00f6vl\u0259t qullu\u011funun inki\u015faf\u0131 prosesl\u0259rind\u0259 \u00fcmummilli lider Heyd\u0259r \u018fliyevin misilsiz xidm\u0259tl\u0259rini qeyd etmi\u015f, ulu \u00f6nd\u0259rin d\u00f6vl\u0259t idar\u0259\u00e7iliyi sah\u0259sind\u0259 milli kadr potensial\u0131n\u0131n formala\u015fd\u0131r\u0131lmas\u0131 sah\u0259sind\u0259 h\u0259l\u0259 \u00f6t\u0259n \u0259srin 70-80-ci ill\u0259rind\u0259 g\u00f6rd\u00fcy\u00fc i\u015fl\u0259rd\u0259n, el\u0259c\u0259 d\u0259 m\u00fcst\u0259qil Az\u0259rbaycanda m\u00fcasir d\u00f6vl\u0259t quruculu\u011fu prosesinin t\u0259rkib hiss\u0259si kimi, d\u00f6vl\u0259t qullu\u011fu sisteminin formala\u015fd\u0131r\u0131lmas\u0131 v\u0259 inki\u015faf\u0131, bu sah\u0259d\u0259 h\u00fcquqi bazan\u0131n yarad\u0131lmas\u0131 sah\u0259sind\u0259 m\u00fch\u00fcm tarixi xidm\u0259tl\u0259rind\u0259n s\u00f6z a\u00e7m\u0131\u015fd\u0131r. D\u00f6vl\u0259t qulluq\u00e7ular\u0131n\u0131n pe\u015f\u0259 bayram\u0131n\u0131n Az\u0259rbaycan Prezidenti \u0130lham \u018fliyevin 2006-c\u0131 il 25 may tarixli S\u0259r\u0259ncam\u0131 il\u0259 t\u0259sis edildiyini diqq\u0259t\u0259 \u00e7atd\u0131ran natiq respublikam\u0131zda demokratik, h\u00fcquqi v\u0259 d\u00fcny\u0259vi d\u00f6vl\u0259t qurulmas\u0131 prosesind\u0259 d\u00f6vl\u0259t qullu\u011funun rolu v\u0259 Birl\u0259\u015fmi\u015f Mill\u0259tl\u0259r T\u0259\u015fkilat\u0131n\u0131n Ba\u015f M\u0259clisi t\u0259r\u0259find\u0259n iyunun 23-n\u00fcn BMT-nin D\u00f6vl\u0259t Qullu\u011fu G\u00fcn\u00fc elan edilm\u0259sini xat\u0131rlad\u0131b.<\/p>\n\n\n\n<p>Akademik U.\u018fl\u0259kb\u0259rov \u201cDavaml\u0131 inki\u015faf namin\u0259 s\u0259m\u0259r\u0259li idar\u0259etm\u0259: Az\u0259rbaycan Respublikas\u0131n\u0131n nailiyy\u0259tl\u0259ri beyn\u0259lxalq t\u0259\u015fkilatlar\u0131n hesabatlar\u0131nda\u201d adl\u0131 geni\u015f m\u0259ruz\u0259 il\u0259 \u00e7\u0131x\u0131\u015f edib. Natiq m\u0259ruz\u0259d\u0259 \u00f6lk\u0259mizin innovativ t\u0259r\u0259qqisi il\u0259 ba\u011fl\u0131 BMT v\u0259 dig\u0259r n\u00fcfuzlu beyn\u0259lxalq qurumlar\u0131n 2016-c\u0131 il \u00fc\u00e7\u00fcn qiym\u0259tl\u0259ndirm\u0259l\u0259ri il\u0259 ba\u011fl\u0131 davaml\u0131 inki\u015faf d\u00fcnyan\u0131n \u0259n b\u00f6y\u00fck prioriteti oldu\u011fu \u00fc\u00e7\u00fcn BMT-nin 2015-ci ild\u0259 ke\u00e7iril\u0259n yubiley sessiyas\u0131 v\u0259 dig\u0259r m\u00fch\u00fcm beyn\u0259lxalq sammitl\u0259rin bu m\u00f6vzuya h\u0259sr edildiyini qeyd edib. O, davaml\u0131 inki\u015faf\u0131n idar\u0259 olunmas\u0131 sah\u0259sind\u0259 Az\u0259rbaycan\u0131n qazand\u0131\u011f\u0131 nailiyy\u0259tl\u0259rin y\u00fcks\u0259k oldu\u011funu v\u0259 bu fakt\u0131n bir \u00e7ox beyn\u0259lxalq t\u0259\u015fkilatlar\u0131n, o c\u00fcml\u0259d\u0259n D\u00fcnya Bank\u0131 v\u0259 BMT-nin hesabatlar\u0131nda \u00f6z \u0259ksini tapd\u0131\u011f\u0131n\u0131 qeyd edib. D\u00fcnya Bank\u0131n\u0131n v\u0259 BMT-nin r\u0259smi hesabatlar\u0131nda Az\u0259rbaycan\u0131n y\u00fcks\u0259k n\u0259tic\u0259l\u0259r \u0259ld\u0259 etdiyi qeyd olunur v\u0259 respublikam\u0131z bu g\u00f6st\u0259ricil\u0259r\u0259 g\u00f6r\u0259 bir s\u0131ra inki\u015faf etmi\u015f \u00f6lk\u0259l\u0259ri, o c\u00fcml\u0259d\u0259n \u201cB\u00f6y\u00fck yeddilik\u201d (G 7) v\u0259 \u201cB\u00f6y\u00fck iyirmilik\u201d (G 20) &nbsp;qrupuna daxil olan bir \u00e7ox inki\u015faf etmi\u015f d\u00f6vl\u0259tl\u0259ri qabaqlay\u0131b v\u0259 haz\u0131rda da bu siyas\u0259t u\u011furla davam etdirilir, b\u00fct\u00fcn bu nailiyy\u0259tl\u0259r d\u00f6vl\u0259t idar\u0259etm\u0259sinin u\u011furlar\u0131d\u0131r-dey\u0259 natiq bildirib.<\/p>\n\n\n\n<p>Daha sonra D\u0130A-n\u0131n R\u0259hb\u0259r D\u00f6vl\u0259t \u0130dar\u0259\u00e7iliyi Kadrlar\u0131n\u0131n \u0130xtisas\u0131n\u0131n Art\u0131r\u0131lmas\u0131 \u0130nstitutunun direktoru professor G\u00fclnar\u0259 Qurbanova \u201cDavaml\u0131 inki\u015faf\u0131n t\u0259min olunmas\u0131nda d\u00f6vl\u0259t qulluq\u00e7ular\u0131n\u0131n yenid\u0259n haz\u0131rlanmas\u0131\u201d, D\u0130A-n\u0131n Elmi T\u0259\u015fkilat \u015f\u00f6b\u0259sinin m\u00fcdiri, dosent R\u0259c\u0259b R\u0259himli \u201cD\u00f6vl\u0259t qulluq\u00e7ular\u0131n\u0131n f\u0259aliyy\u0259t s\u0259m\u0259r\u0259liliyinin qiym\u0259tl\u0259ndirilm\u0259si\u201d m\u00f6vzular\u0131nda m\u0259ruz\u0259 il\u0259 \u00e7\u0131x\u0131\u015f edibl\u0259r. M\u0259ruz\u0259l\u0259rd\u0259 d\u00f6vl\u0259t qullu\u011fu sah\u0259sind\u0259 apar\u0131lan islahatlar\u0131n u\u011furlu n\u0259tic\u0259l\u0259rind\u0259n, \u201cD\u00f6vl\u0259t qullu\u011fu haqq\u0131nda\u201d Qanunun q\u0259bul edilm\u0259si il\u0259 \u00f6lk\u0259d\u0259 d\u00f6vl\u0259t qullu\u011fu sah\u0259sind\u0259 vahid d\u00f6vl\u0259t siyas\u0259tinin formala\u015fd\u0131r\u0131lmas\u0131n\u0131n \u0259h\u0259miyy\u0259tind\u0259n dan\u0131\u015f\u0131l\u0131b. \u00d6lk\u0259d\u0259 h\u0259yata ke\u00e7iril\u0259n t\u0259dbirl\u0259r d\u00f6vl\u0259t qulluq\u00e7ular\u0131n\u0131n m\u0259suliyy\u0259tini art\u0131rmaqla yana\u015f\u0131, dinamik inki\u015faf ed\u0259n c\u0259miyy\u0259tin t\u0259l\u0259bl\u0259rin\u0259 cavab ver\u0259n d\u00f6vl\u0259t idar\u0259\u00e7iliyi sisteminin qurulmas\u0131nda da m\u00fch\u00fcm rol oynad\u0131\u011f\u0131 qeyd edilmi\u015f, m\u00fcasir \u015f\u0259raitd\u0259 sosial-iqtisadi, m\u0259d\u0259ni, siyasi sah\u0259l\u0259rd\u0259 m\u00fcr\u0259kk\u0259b m\u0259s\u0259l\u0259l\u0259rin h\u0259ll etm\u0259y\u0259 qadir olan yeni g\u0259nc n\u0259sil d\u00f6vl\u0259t qulluq\u00e7ular\u0131n\u0131n haz\u0131rlanmas\u0131 i\u015finin t\u0259kmill\u0259\u015fdirilm\u0259sinin u\u011furla h\u0259yata ke\u00e7irildiyi bildirilmi\u015fdir.<\/p>\n\n\n\n<p>T\u0259dbirin sonunda D\u00f6vl\u0259t \u0130dar\u0259\u00e7ilik Akademiyas\u0131 R\u0259hb\u0259r D\u00f6vl\u0259t \u0130dar\u0259\u00e7iliyi Kadrlar\u0131n\u0131n \u0130xtisas\u0131n\u0131n art\u0131r\u0131lmas\u0131 \u0130nstutunun \u201cD\u00f6vl\u0259t v\u0259 b\u0259l\u0259diyy\u0259 idar\u0259etm\u0259si\u201d ixtisas\u0131n\u0131n \u201cElektron idar\u0259etm\u0259\u201d, \u201cRegional idar\u0259etm\u0259\u201d v\u0259 \u201cD\u00f6vl\u0259t qullu\u011funun t\u0259\u015fkili v\u0259 idar\u0259 edilm\u0259si\u201d ixtisasla\u015fmalar\u0131ndan m\u0259zun olanlara magistr d\u0259r\u0259c\u0259li diplomlar t\u0259qdim edilmi\u015fdir.<\/p>\n\n\n\n<p><\/p>\n\n\n\n<figure class=\"wp-container-2 wp-block-gallery-1 wp-block-gallery columns-2 is-cropped\"><ul class=\"blocks-gallery-grid\"><li class=\"blocks-gallery-item\"><figure><img width=\"640\" height=\"457\" src=\"https:\/\/dia.edu.az\/wp-content\/uploads\/2021\/03\/DQ.jpg\" alt=\"\" data-id=\"12581\" data-full-url=\"https:\/\/dia.edu.az\/wp-content\/uploads\/2021\/03\/DQ.jpg\" data-link=\"https:\/\/dia.edu.az\/?attachment_id=12581\" class=\"wp-image-12581\" srcset=\"https:\/\/legacy.dia.edu.az\/wp-content\/uploads\/2021\/03\/DQ.jpg 640w, https:\/\/legacy.dia.edu.az\/wp-content\/uploads\/2021\/03\/DQ-300x214.jpg 300w, https:\/\/legacy.dia.edu.az\/wp-content\/uploads\/2021\/03\/DQ-16x12.jpg 16w, https:\/\/legacy.dia.edu.az\/wp-content\/uploads\/2021\/03\/DQ-300x214@2x.jpg 600w\" sizes=\"(max-width: 640px) 100vw, 640px\" \/><\/figure><\/li><li class=\"blocks-gallery-item\"><figure><img width=\"640\" height=\"424\" src=\"https:\/\/dia.edu.az\/wp-content\/uploads\/2021\/03\/DQ1.jpg\" alt=\"\" data-id=\"12582\" data-full-url=\"https:\/\/dia.edu.az\/wp-content\/uploads\/2021\/03\/DQ1.jpg\" data-link=\"https:\/\/dia.edu.az\/?attachment_id=12582\" class=\"wp-image-12582\" srcset=\"https:\/\/legacy.dia.edu.az\/wp-content\/uploads\/2021\/03\/DQ1.jpg 640w, https:\/\/legacy.dia.edu.az\/wp-content\/uploads\/2021\/03\/DQ1-300x199.jpg 300w, https:\/\/legacy.dia.edu.az\/wp-content\/uploads\/2021\/03\/DQ1-16x12.jpg 16w, https:\/\/legacy.dia.edu.az\/wp-content\/uploads\/2021\/03\/DQ1-150x100.jpg 150w, https:\/\/legacy.dia.edu.az\/wp-content\/uploads\/2021\/03\/DQ1-300x199@2x.jpg 600w\" sizes=\"(max-width: 640px) 100vw, 640px\" \/><\/figure><\/li><\/ul><\/figure>","protected":false},"excerpt":{"rendered":"<p>Az\u0259rbaycan Respublikas\u0131n\u0131n Prezidenti yan\u0131nda D\u00f6vl\u0259t \u0130dar\u0259\u00e7ilik Akademiyas\u0131nda D\u00f6vl\u0259t qulluq\u00e7ular\u0131n\u0131n pe\u015f\u0259 bayram\u0131 g\u00fcn\u00fc qeyd edilib\u0130yn 23 , 2016 &#8211; 02:24 \u0130yunun 23-d\u0259 Az\u0259rbaycan Respublikas\u0131n\u0131n Prezidenti yan\u0131nda D\u00f6vl\u0259t \u0130dar\u0259\u00e7ilik Akademiyas\u0131nda D\u00f6vl\u0259t Qulluq\u00e7ular\u0131n\u0131n pe\u015f\u0259 bayram\u0131na h\u0259sr olunmu\u015f \u201cD\u00f6vl\u0259t idar\u0259\u00e7iliyinin Az\u0259rbaycan modeli: d\u00f6vl\u0259t qullu\u011funda innovasiyalar\u0131n t\u0259tbiqi\u201d m\u00f6vzusunda elmi-praktik konfrans ke\u00e7irilib. D\u0130A-n\u0131n rektoru, akademik Urxan \u018fl\u0259kb\u0259rov konfrans\u0131 a\u00e7araq d\u00f6vl\u0259t qulluq\u00e7ular\u0131n\u0131 [&hellip;]<\/p>","protected":false},"author":2,"featured_media":12581,"comment_status":"closed","ping_status":"closed","sticky":false,"template":"","format":"standard","meta":[],"categories":[137],"tags":[],"_links":{"self":[{"href":"https:\/\/legacy.dia.edu.az\/en\/wp-json\/wp\/v2\/posts\/12580"}],"collection":[{"href":"https:\/\/legacy.dia.edu.az\/en\/wp-json\/wp\/v2\/posts"}],"about":[{"href":"https:\/\/legacy.dia.edu.az\/en\/wp-json\/wp\/v2\/types\/post"}],"author":[{"embeddable":true,"href":"https:\/\/legacy.dia.edu.az\/en\/wp-json\/wp\/v2\/users\/2"}],"replies":[{"embeddable":true,"href":"https:\/\/legacy.dia.edu.az\/en\/wp-json\/wp\/v2\/comments?post=12580"}],"version-history":[{"count":0,"href":"https:\/\/legacy.dia.edu.az\/en\/wp-json\/wp\/v2\/posts\/12580\/revisions"}],"wp:featuredmedia":[{"embeddable":true,"href":"https:\/\/legacy.dia.edu.az\/en\/wp-json\/wp\/v2\/media\/12581"}],"wp:attachment":[{"href":"https:\/\/legacy.dia.edu.az\/en\/wp-json\/wp\/v2\/media?parent=12580"}],"wp:term":[{"taxonomy":"category","embeddable":true,"href":"https:\/\/legacy.dia.edu.az\/en\/wp-json\/wp\/v2\/categories?post=12580"},{"taxonomy":"post_tag","embeddable":true,"href":"https:\/\/legacy.dia.edu.az\/en\/wp-json\/wp\/v2\/tags?post=12580"}],"curies":[{"name":"wp","href":"https:\/\/api.w.org\/{rel}","templated":true}]}}