{"id":12576,"date":"2016-07-08T17:23:00","date_gmt":"2016-07-08T14:23:00","guid":{"rendered":"https:\/\/dia.edu.az\/?p=12576"},"modified":"2021-03-16T17:24:15","modified_gmt":"2021-03-16T14:24:15","slug":"az%c9%99rbaycanda-dovl%c9%99t-qullugu-uzr%c9%99-t%c9%99liml%c9%99r%c9%99-d%c9%99st%c9%99k-birg%c9%99-layih%c9%99si-h%c9%99yata-keciril%c9%99c%c9%99k","status":"publish","type":"post","link":"https:\/\/legacy.dia.edu.az\/en\/arxivl\u0259r\/12576","title":{"rendered":"Az\u0259rbaycanda d\u00f6vl\u0259t qullu\u011fu \u00fczr\u0259 t\u0259liml\u0259r\u0259 d\u0259st\u0259k birg\u0259 layih\u0259si h\u0259yata ke\u00e7iril\u0259c\u0259k"},"content":{"rendered":"<p><\/p>\n\n\n\n<p><strong>Az\u0259rbaycanda d\u00f6vl\u0259t qullu\u011fu \u00fczr\u0259 t\u0259liml\u0259r\u0259 d\u0259st\u0259k birg\u0259 layih\u0259si h\u0259yata ke\u00e7iril\u0259c\u0259k<\/strong><br><em>\u0130yl 08 , 2016 &#8211; 09:29<\/em><\/p>\n\n\n\n<p>\u0130yulun 1-d\u0259 Prezident yan\u0131nda D\u00f6vl\u0259t \u0130dar\u0259\u00e7ilik Akademiyas\u0131nda \u201cAz\u0259rbaycan Respublikas\u0131nda d\u00f6vl\u0259t qullu\u011fu \u00fczr\u0259 t\u0259liml\u0259r\u0259 d\u0259st\u0259k\u201d adl\u0131 birg\u0259 layih\u0259nin imzalanmas\u0131 m\u0259rasimi ke\u00e7irilib.<\/p>\n\n\n\n<p>S\u0259n\u0259d BMT-nin Az\u0259rbaycandak\u0131 rezident \u0259laq\u0259l\u0259ndiricisi, BMT \u0130nki\u015faf Proqram\u0131n\u0131n (BMT\u0130P) rezident n\u00fcmay\u0259nd\u0259si Qulam \u0130sakzai v\u0259 D\u00f6vl\u0259t \u0130dar\u0259\u00e7ilik Akademiyas\u0131n\u0131n rektoru, akademik Urxan \u018fl\u0259kb\u0259rov t\u0259r\u0259find\u0259n imzalan\u0131b.<\/p>\n\n\n\n<p>Layih\u0259 BMT-nin \u0130nki\u015faf Proqram\u0131 t\u0259r\u0259find\u0259n D\u00f6vl\u0259t \u0130dar\u0259\u00e7ilik Akademiyas\u0131 il\u0259 birg\u0259 h\u0259yata ke\u00e7iril\u0259c\u0259k. BMT\u0130P v\u0259 Avropa \u0130ttifaqi t\u0259r\u0259find\u0259n birg\u0259 maliyy\u0259l\u0259\u015fdiril\u0259n bu layih\u0259d\u0259n \u00fcmumilikd\u0259 500 n\u0259f\u0259rd\u0259n \u00e7ox insan yararlanacaq.<\/p>\n\n\n\n<p>D\u00f6vl\u0259t \u0130dar\u0259\u00e7ilik Akademiyas\u0131n\u0131n rektoru Urxan \u018fl\u0259kb\u0259rov t\u0259dbird\u0259 \u00e7\u0131x\u0131\u015f ed\u0259r\u0259k bildirib ki, bu g\u00fcn Az\u0259rbaycanda \u00e7evik d\u00f6vl\u0259t qullu\u011fu sistemi formala\u015f\u0131b. Rektor \u00fcmummilli lider Heyd\u0259r \u018fliyevin \u00f6lk\u0259d\u0259 d\u00f6vl\u0259t idar\u0259etm\u0259 sisteminin formala\u015fmas\u0131 v\u0259 d\u00f6vl\u0259t qullu\u011funun inki\u015faf\u0131 istiqam\u0259tind\u0259 m\u00fch\u00fcm f\u0259aliyy\u0259tini qeyd edib, Prezident \u0130lham \u018fliyevin Az\u0259rbaycanda d\u00f6vl\u0259t idar\u0259\u00e7iliyinin innovativ inki\u015faf\u0131nda xidm\u0259tl\u0259rind\u0259n s\u00f6z a\u00e7\u0131b. Bildirib ki, bunun n\u0259tic\u0259si olaraq, BMT t\u0259r\u0259find\u0259n q\u0259bul edilmi\u015f 2015-2030-cu ill\u0259r \u00fc\u00e7\u00fcn Davaml\u0131 \u0130nki\u015faf M\u0259qs\u0259dl\u0259rind\u0259 n\u0259z\u0259rd\u0259 tutulan m\u0259s\u0259l\u0259l\u0259rin bir \u00e7oxu art\u0131q \u00f6lk\u0259d\u0259 y\u00fcks\u0259k s\u0259viyy\u0259d\u0259 h\u0259llini tap\u0131b. Bu fakt n\u00fcfuzlu beyn\u0259lxalq t\u0259\u015fkilatlar t\u0259r\u0259find\u0259n d\u0259 t\u0259sdiql\u0259nib. Haz\u0131rk\u0131 layih\u0259nin realla\u015fd\u0131r\u0131lmas\u0131 \u00f6lk\u0259d\u0259 davaml\u0131 inki\u015faf\u0131n planla\u015fd\u0131r\u0131lmas\u0131 v\u0259 idar\u0259 edilm\u0259si prosesini daha da s\u00fcr\u0259tl\u0259ndir\u0259c\u0259k.<\/p>\n\n\n\n<p>BMT-nin Az\u0259rbaycandak\u0131 rezident \u0259laq\u0259l\u0259ndiricisi, BMT \u0130nki\u015faf Proqram\u0131n\u0131n rezident n\u00fcmay\u0259nd\u0259si Qulam \u0130sakzai qeyd edib ki, BMT\u0130P-in D\u0130A il\u0259 \u0259m\u0259kda\u015fl\u0131\u011f\u0131 uzun m\u00fcdd\u0259tdir davam edir.&nbsp;O deyib ki, Az\u0259rbaycan institusional inki\u015faf sah\u0259sind\u0259 u\u011furlar \u0259ld\u0259 edib. D\u00fcnyan\u0131n h\u0259r yerind\u0259 bel\u0259 hesab edilir ki, g\u00fccl\u00fc idar\u0259etm\u0259 bacar\u0131\u011f\u0131 olan d\u00f6vl\u0259t qulluq\u00e7ular\u0131 h\u0259r bir c\u0259miyy\u0259tin inki\u015faf\u0131nda \u0259sas \u015f\u0259rtdir. Bundan ba\u015fqa, d\u00f6vl\u0259t qulluq\u00e7ular\u0131n\u0131n pe\u015f\u0259 inki\u015faf\u0131n\u0131 davam etdirm\u0259k v\u0259 \u0259laq\u0259l\u0259ndirm\u0259k \u00fc\u00e7\u00fcn t\u0259lim m\u0259rk\u0259zinin yarad\u0131lmas\u0131 \u00e7ox \u00f6n\u0259mlidir.<\/p>\n\n\n\n<p>Layih\u0259 Avropa standartlar\u0131na uy\u011fun olaraq d\u00f6vl\u0259t qullu\u011fu \u00fczr\u0259 t\u0259limin g\u00fccl\u0259ndirilm\u0259sind\u0259 D\u00f6vl\u0259t \u0130dar\u0259\u00e7ilik Akademiyas\u0131na d\u0259st\u0259k verilm\u0259sini n\u0259z\u0259rd\u0259 tutur. Layih\u0259 t\u0259lim m\u0259rk\u0259zinin yarad\u0131lmas\u0131 v\u0259 i\u015f\u00e7i hey\u0259tin bacar\u0131qlar\u0131n\u0131n art\u0131r\u0131lmas\u0131nda D\u0130A-ya yard\u0131m ed\u0259c\u0259k. H\u0259m\u00e7inin d\u00f6vl\u0259t qullu\u011fu \u00fczr\u0259 t\u0259liml\u0259ri inki\u015faf etdirm\u0259k v\u0259 \u0259laq\u0259l\u0259ndirm\u0259k, o c\u00fcml\u0259d\u0259n d\u00f6vl\u0259t orqanlar\u0131 v\u0259 dig\u0259r t\u0259lim m\u0259rk\u0259zl\u0259rini metodoloji olaraq yard\u0131mla t\u0259min etm\u0259k \u00fc\u00e7\u00fcn Akademiyan\u0131n institusional bacar\u0131qlar\u0131n\u0131 g\u00fccl\u0259ndir\u0259c\u0259k.<\/p>\n\n\n\n<p><\/p>\n\n\n\n<figure class=\"wp-container-2 wp-block-gallery-1 wp-block-gallery columns-2 is-cropped\"><ul class=\"blocks-gallery-grid\"><li class=\"blocks-gallery-item\"><figure><img width=\"800\" height=\"402\" src=\"https:\/\/dia.edu.az\/wp-content\/uploads\/2021\/03\/a2.jpg\" alt=\"\" data-id=\"12577\" data-full-url=\"https:\/\/dia.edu.az\/wp-content\/uploads\/2021\/03\/a2.jpg\" data-link=\"https:\/\/dia.edu.az\/?attachment_id=12577\" class=\"wp-image-12577\" srcset=\"https:\/\/legacy.dia.edu.az\/wp-content\/uploads\/2021\/03\/a2.jpg 800w, https:\/\/legacy.dia.edu.az\/wp-content\/uploads\/2021\/03\/a2-300x151.jpg 300w, https:\/\/legacy.dia.edu.az\/wp-content\/uploads\/2021\/03\/a2-16x8.jpg 16w, https:\/\/legacy.dia.edu.az\/wp-content\/uploads\/2021\/03\/a2-300x151@2x.jpg 600w\" sizes=\"(max-width: 800px) 100vw, 800px\" \/><\/figure><\/li><li class=\"blocks-gallery-item\"><figure><img width=\"640\" height=\"396\" src=\"https:\/\/dia.edu.az\/wp-content\/uploads\/2021\/03\/aa1.jpg\" alt=\"\" data-id=\"12578\" data-full-url=\"https:\/\/dia.edu.az\/wp-content\/uploads\/2021\/03\/aa1.jpg\" data-link=\"https:\/\/dia.edu.az\/?attachment_id=12578\" class=\"wp-image-12578\" srcset=\"https:\/\/legacy.dia.edu.az\/wp-content\/uploads\/2021\/03\/aa1.jpg 640w, https:\/\/legacy.dia.edu.az\/wp-content\/uploads\/2021\/03\/aa1-300x186.jpg 300w, https:\/\/legacy.dia.edu.az\/wp-content\/uploads\/2021\/03\/aa1-16x10.jpg 16w, https:\/\/legacy.dia.edu.az\/wp-content\/uploads\/2021\/03\/aa1-300x186@2x.jpg 600w\" sizes=\"(max-width: 640px) 100vw, 640px\" \/><\/figure><\/li><\/ul><\/figure>","protected":false},"excerpt":{"rendered":"<p>Az\u0259rbaycanda d\u00f6vl\u0259t qullu\u011fu \u00fczr\u0259 t\u0259liml\u0259r\u0259 d\u0259st\u0259k birg\u0259 layih\u0259si h\u0259yata ke\u00e7iril\u0259c\u0259k\u0130yl 08 , 2016 &#8211; 09:29 \u0130yulun 1-d\u0259 Prezident yan\u0131nda D\u00f6vl\u0259t \u0130dar\u0259\u00e7ilik Akademiyas\u0131nda \u201cAz\u0259rbaycan Respublikas\u0131nda d\u00f6vl\u0259t qullu\u011fu \u00fczr\u0259 t\u0259liml\u0259r\u0259 d\u0259st\u0259k\u201d adl\u0131 birg\u0259 layih\u0259nin imzalanmas\u0131 m\u0259rasimi ke\u00e7irilib. S\u0259n\u0259d BMT-nin Az\u0259rbaycandak\u0131 rezident \u0259laq\u0259l\u0259ndiricisi, BMT \u0130nki\u015faf Proqram\u0131n\u0131n (BMT\u0130P) rezident n\u00fcmay\u0259nd\u0259si Qulam \u0130sakzai v\u0259 D\u00f6vl\u0259t \u0130dar\u0259\u00e7ilik Akademiyas\u0131n\u0131n rektoru, akademik Urxan [&hellip;]<\/p>","protected":false},"author":2,"featured_media":12578,"comment_status":"closed","ping_status":"closed","sticky":false,"template":"","format":"standard","meta":[],"categories":[137],"tags":[],"_links":{"self":[{"href":"https:\/\/legacy.dia.edu.az\/en\/wp-json\/wp\/v2\/posts\/12576"}],"collection":[{"href":"https:\/\/legacy.dia.edu.az\/en\/wp-json\/wp\/v2\/posts"}],"about":[{"href":"https:\/\/legacy.dia.edu.az\/en\/wp-json\/wp\/v2\/types\/post"}],"author":[{"embeddable":true,"href":"https:\/\/legacy.dia.edu.az\/en\/wp-json\/wp\/v2\/users\/2"}],"replies":[{"embeddable":true,"href":"https:\/\/legacy.dia.edu.az\/en\/wp-json\/wp\/v2\/comments?post=12576"}],"version-history":[{"count":0,"href":"https:\/\/legacy.dia.edu.az\/en\/wp-json\/wp\/v2\/posts\/12576\/revisions"}],"wp:featuredmedia":[{"embeddable":true,"href":"https:\/\/legacy.dia.edu.az\/en\/wp-json\/wp\/v2\/media\/12578"}],"wp:attachment":[{"href":"https:\/\/legacy.dia.edu.az\/en\/wp-json\/wp\/v2\/media?parent=12576"}],"wp:term":[{"taxonomy":"category","embeddable":true,"href":"https:\/\/legacy.dia.edu.az\/en\/wp-json\/wp\/v2\/categories?post=12576"},{"taxonomy":"post_tag","embeddable":true,"href":"https:\/\/legacy.dia.edu.az\/en\/wp-json\/wp\/v2\/tags?post=12576"}],"curies":[{"name":"wp","href":"https:\/\/api.w.org\/{rel}","templated":true}]}}