{"id":12567,"date":"2016-09-20T17:19:00","date_gmt":"2016-09-20T14:19:00","guid":{"rendered":"https:\/\/dia.edu.az\/?p=12567"},"modified":"2021-03-16T17:20:55","modified_gmt":"2021-03-16T14:20:55","slug":"dovl%c9%99t-idar%c9%99cilik-akademiyasinin-birinci-kurs-t%c9%99l%c9%99b%c9%99l%c9%99ri-ucun-ilk-muhazir%c9%99-az%c9%99rbaycanin-ugurlarina-h%c9%99sr-olunub-2","status":"publish","type":"post","link":"https:\/\/legacy.dia.edu.az\/en\/arxivl\u0259r\/12567","title":{"rendered":"D\u00f6vl\u0259t \u0130dar\u0259\u00e7ilik Akademiyas\u0131n\u0131n birinci kurs t\u0259l\u0259b\u0259l\u0259ri \u00fc\u00e7\u00fcn ilk m\u00fchazir\u0259 Az\u0259rbaycan\u0131n u\u011furlar\u0131na h\u0259sr olunub"},"content":{"rendered":"<p><\/p>\n\n\n\n<p><strong>D\u00f6vl\u0259t \u0130dar\u0259\u00e7ilik Akademiyas\u0131n\u0131n birinci kurs t\u0259l\u0259b\u0259l\u0259ri \u00fc\u00e7\u00fcn ilk m\u00fchazir\u0259 Az\u0259rbaycan\u0131n u\u011furlar\u0131na h\u0259sr olunub<\/strong><br><em>Sen 20 , 2016 &#8211; 09:57<\/em><\/p>\n\n\n\n<p>Az\u0259rbaycan Respublikas\u0131n\u0131n Prezidenti yan\u0131nda D\u00f6vl\u0259t \u0130dar\u0259\u00e7ilik Akademiyas\u0131n\u0131n (D\u0130A) birinci kurs t\u0259l\u0259b\u0259l\u0259ri ilk m\u00fchazir\u0259l\u0259rini sentyabr\u0131n 20-d\u0259 Heyd\u0259r \u018fliyev D\u00f6vl\u0259t \u0130dar\u0259\u00e7iliyi M\u0259kt\u0259bind\u0259 dinl\u0259yibl\u0259r.<\/p>\n\n\n\n<p>Heyd\u0259r \u018fliyev M\u0259rk\u0259zinin d\u0259st\u0259yi il\u0259 yarad\u0131lan Heyd\u0259r \u018fliyev D\u00f6vl\u0259t \u0130dar\u0259\u00e7iliyi M\u0259kt\u0259bi il\u0259 tan\u0131\u015fl\u0131qdan sonra D\u0130A-n\u0131n rektoru, akademik Urxan \u018fl\u0259kb\u0259rovun \u201cAz\u0259rbaycan Respublikas\u0131n\u0131n d\u00f6vl\u0259t idar\u0259etm\u0259 modelinin u\u011furu: \u00d6lk\u0259nin nailiyy\u0259tl\u0259ri beyn\u0259lxalq t\u0259\u015fkilatlar\u0131n hesabatlar\u0131nda\u201d m\u00f6vzusunda m\u00fchazir\u0259si dinl\u0259nilib.<\/p>\n\n\n\n<p>M\u00fchazir\u0259sind\u0259 Heyd\u0259r \u018fliyev D\u00f6vl\u0259t \u0130dar\u0259\u00e7iliyi M\u0259kt\u0259bi haqqinda \u0259trafl\u0131 m\u0259lumat ver\u0259n rektor bildirib ki, m\u0259kt\u0259b \u00fcmummilli lider, m\u00fcasir m\u00fcst\u0259qil d\u00f6vl\u0259timizin memar\u0131 v\u0259 qurucusu Heyd\u0259r \u018fliyevin siyasi irsinin, az\u0259rbaycan\u00e7\u0131l\u0131q m\u0259fkur\u0259sinin t\u0259bli\u011fi m\u0259qs\u0259dil\u0259 yarad\u0131l\u0131b. Ulu \u00d6nd\u0259rin misilsiz tarixi xidm\u0259tl\u0259rind\u0259n dan\u0131\u015fan U.\u018fl\u0259kb\u0259rov diqq\u0259t\u0259 \u00e7atd\u0131r\u0131b ki, Prezident \u0130lham \u018fliyev \u00dcmummilli Liderin siyasi x\u0259ttini \u0259zml\u0259 davam etdirir. Dahi \u015f\u0259xsiyy\u0259t Heyd\u0259r \u018fliyevin z\u0259ngin siyasi irsinin \u00f6yr\u0259nilm\u0259sind\u0259, \u00f6lk\u0259mizin d\u00fcnyaya tan\u0131d\u0131lmas\u0131nda Az\u0259rbaycan\u0131n birinci xan\u0131m\u0131 Mehriban \u018fliyevan\u0131n r\u0259hb\u0259rlik etdiyi Heyd\u0259r \u018fliyev Fondunun g\u00f6rd\u00fcy\u00fc i\u015fl\u0259r d\u0259 t\u0259qdir\u0259layiqdir.<\/p>\n\n\n\n<p>Akademik qeyd edib ki, \u00fcmummilli lider Heyd\u0259r \u018fliyevin S\u0259r\u0259ncam\u0131 il\u0259 D\u0130A-n\u0131n yarad\u0131lmas\u0131n\u0131n m\u0259qs\u0259di d\u00f6vl\u0259t idar\u0259etm\u0259 sah\u0259si \u00fc\u00e7\u00fcn g\u0259nc m\u00fct\u0259x\u0259ssisl\u0259rin haz\u0131rlanmas\u0131 i\u015finin m\u00fcasir t\u0259l\u0259bl\u0259r\u0259 uy\u011fun qurulmas\u0131, onlar\u0131n pe\u015f\u0259karl\u0131q s\u0259viyy\u0259sinin art\u0131r\u0131lmas\u0131, d\u00f6vl\u0259timizin m\u00f6hk\u0259ml\u0259ndirilm\u0259si v\u0259 elmi \u0259saslarla idar\u0259 olunmas\u0131d\u0131r. D\u00f6vl\u0259t qullu\u011fu \u00fc\u00e7\u00fcn g\u0259nc kadrlar\u0131n haz\u0131rlanmas\u0131 m\u0259s\u0259l\u0259l\u0259ri \u00fczr\u0259 \u0259sas elmi-metodiki v\u0259 t\u0259dris m\u0259rk\u0259zi olan D\u0130A-n\u0131n qar\u015f\u0131s\u0131nda \u00e7ox m\u0259sul v\u0259zif\u0259 durmaqdad\u0131r. Rektor \u00f6lk\u0259 iqtisadiyyat\u0131n\u0131n s\u00fcr\u0259tli inki\u015faf\u0131 istiqam\u0259tind\u0259 apar\u0131lan u\u011furlu siyas\u0259tin \u0259sas h\u0259d\u0259fl\u0259rini, el\u0259c\u0259 d\u0259 davaml\u0131 inki\u015fafa t\u0259sir ed\u0259n amill\u0259ri beyn\u0259lxalq t\u0259\u015fkilatlar\u0131n hesabatlar\u0131 il\u0259 m\u00fcqayis\u0259li \u015f\u0259kild\u0259 t\u0259l\u0259b\u0259l\u0259rin diqq\u0259tin\u0259 \u00e7atd\u0131r\u0131b.<\/p>\n\n\n\n<p>Az\u0259rbaycan\u0131n regionda v\u0259 d\u00fcnyada s\u00f6z sahibin\u0259 \u00e7evrildiyini dey\u0259n rektor vur\u011fulay\u0131b ki, \u00f6lk\u0259mizin inki\u015faf g\u00f6st\u0259ricil\u0259ri bir \u00e7ox beyn\u0259lxalq t\u0259\u015fkilatlar\u0131n, o c\u00fcml\u0259d\u0259n BMT-nin, UNESCO-nun, D\u00fcnya Bank\u0131n\u0131n v\u0259 dig\u0259r n\u00fcfuzlu qurumlar\u0131n r\u0259smi s\u0259n\u0259dl\u0259rind\u0259, m\u00fcst\u0259qil ekspertl\u0259r t\u0259r\u0259find\u0259n haz\u0131rlanm\u0131\u015f hesabatlarda t\u0259sdiqini tap\u0131b.<\/p>\n\n\n\n<p>Sonda t\u0259l\u0259b\u0259l\u0259ri maraqland\u0131ran suallar cavabland\u0131r\u0131l\u0131b.<\/p>\n\n\n\n<p><\/p>\n\n\n\n<figure class=\"wp-container-2 wp-block-gallery-1 wp-block-gallery columns-2 is-cropped\"><ul class=\"blocks-gallery-grid\"><li class=\"blocks-gallery-item\"><figure><img width=\"640\" height=\"426\" src=\"https:\/\/dia.edu.az\/wp-content\/uploads\/2021\/03\/2016.09.20-1.jpg\" alt=\"\" data-id=\"12568\" data-full-url=\"https:\/\/dia.edu.az\/wp-content\/uploads\/2021\/03\/2016.09.20-1.jpg\" data-link=\"https:\/\/dia.edu.az\/?attachment_id=12568\" class=\"wp-image-12568\" srcset=\"https:\/\/legacy.dia.edu.az\/wp-content\/uploads\/2021\/03\/2016.09.20-1.jpg 640w, https:\/\/legacy.dia.edu.az\/wp-content\/uploads\/2021\/03\/2016.09.20-1-300x200.jpg 300w, https:\/\/legacy.dia.edu.az\/wp-content\/uploads\/2021\/03\/2016.09.20-1-16x12.jpg 16w, https:\/\/legacy.dia.edu.az\/wp-content\/uploads\/2021\/03\/2016.09.20-1-150x100.jpg 150w, https:\/\/legacy.dia.edu.az\/wp-content\/uploads\/2021\/03\/2016.09.20-1-300x200@2x.jpg 600w\" sizes=\"(max-width: 640px) 100vw, 640px\" \/><\/figure><\/li><li class=\"blocks-gallery-item\"><figure><img width=\"640\" height=\"426\" src=\"https:\/\/dia.edu.az\/wp-content\/uploads\/2021\/03\/2016.09-1.jpg\" alt=\"\" data-id=\"12569\" data-full-url=\"https:\/\/dia.edu.az\/wp-content\/uploads\/2021\/03\/2016.09-1.jpg\" data-link=\"https:\/\/dia.edu.az\/?attachment_id=12569\" class=\"wp-image-12569\" srcset=\"https:\/\/legacy.dia.edu.az\/wp-content\/uploads\/2021\/03\/2016.09-1.jpg 640w, https:\/\/legacy.dia.edu.az\/wp-content\/uploads\/2021\/03\/2016.09-1-300x200.jpg 300w, https:\/\/legacy.dia.edu.az\/wp-content\/uploads\/2021\/03\/2016.09-1-16x12.jpg 16w, https:\/\/legacy.dia.edu.az\/wp-content\/uploads\/2021\/03\/2016.09-1-150x100.jpg 150w, https:\/\/legacy.dia.edu.az\/wp-content\/uploads\/2021\/03\/2016.09-1-300x200@2x.jpg 600w\" sizes=\"(max-width: 640px) 100vw, 640px\" \/><\/figure><\/li><li class=\"blocks-gallery-item\"><figure><img width=\"640\" height=\"426\" src=\"https:\/\/dia.edu.az\/wp-content\/uploads\/2021\/03\/2016.9.1-1.jpg\" alt=\"\" data-id=\"12570\" data-full-url=\"https:\/\/dia.edu.az\/wp-content\/uploads\/2021\/03\/2016.9.1-1.jpg\" data-link=\"https:\/\/dia.edu.az\/?attachment_id=12570\" class=\"wp-image-12570\" srcset=\"https:\/\/legacy.dia.edu.az\/wp-content\/uploads\/2021\/03\/2016.9.1-1.jpg 640w, https:\/\/legacy.dia.edu.az\/wp-content\/uploads\/2021\/03\/2016.9.1-1-300x200.jpg 300w, https:\/\/legacy.dia.edu.az\/wp-content\/uploads\/2021\/03\/2016.9.1-1-16x12.jpg 16w, https:\/\/legacy.dia.edu.az\/wp-content\/uploads\/2021\/03\/2016.9.1-1-150x100.jpg 150w, https:\/\/legacy.dia.edu.az\/wp-content\/uploads\/2021\/03\/2016.9.1-1-300x200@2x.jpg 600w\" sizes=\"(max-width: 640px) 100vw, 640px\" \/><\/figure><\/li><\/ul><\/figure>","protected":false},"excerpt":{"rendered":"<p>D\u00f6vl\u0259t \u0130dar\u0259\u00e7ilik Akademiyas\u0131n\u0131n birinci kurs t\u0259l\u0259b\u0259l\u0259ri \u00fc\u00e7\u00fcn ilk m\u00fchazir\u0259 Az\u0259rbaycan\u0131n u\u011furlar\u0131na h\u0259sr olunubSen 20 , 2016 &#8211; 09:57 Az\u0259rbaycan Respublikas\u0131n\u0131n Prezidenti yan\u0131nda D\u00f6vl\u0259t \u0130dar\u0259\u00e7ilik Akademiyas\u0131n\u0131n (D\u0130A) birinci kurs t\u0259l\u0259b\u0259l\u0259ri ilk m\u00fchazir\u0259l\u0259rini sentyabr\u0131n 20-d\u0259 Heyd\u0259r \u018fliyev D\u00f6vl\u0259t \u0130dar\u0259\u00e7iliyi M\u0259kt\u0259bind\u0259 dinl\u0259yibl\u0259r. Heyd\u0259r \u018fliyev M\u0259rk\u0259zinin d\u0259st\u0259yi il\u0259 yarad\u0131lan Heyd\u0259r \u018fliyev D\u00f6vl\u0259t \u0130dar\u0259\u00e7iliyi M\u0259kt\u0259bi il\u0259 tan\u0131\u015fl\u0131qdan sonra D\u0130A-n\u0131n rektoru, [&hellip;]<\/p>","protected":false},"author":2,"featured_media":12569,"comment_status":"closed","ping_status":"closed","sticky":false,"template":"","format":"standard","meta":[],"categories":[137],"tags":[],"_links":{"self":[{"href":"https:\/\/legacy.dia.edu.az\/en\/wp-json\/wp\/v2\/posts\/12567"}],"collection":[{"href":"https:\/\/legacy.dia.edu.az\/en\/wp-json\/wp\/v2\/posts"}],"about":[{"href":"https:\/\/legacy.dia.edu.az\/en\/wp-json\/wp\/v2\/types\/post"}],"author":[{"embeddable":true,"href":"https:\/\/legacy.dia.edu.az\/en\/wp-json\/wp\/v2\/users\/2"}],"replies":[{"embeddable":true,"href":"https:\/\/legacy.dia.edu.az\/en\/wp-json\/wp\/v2\/comments?post=12567"}],"version-history":[{"count":0,"href":"https:\/\/legacy.dia.edu.az\/en\/wp-json\/wp\/v2\/posts\/12567\/revisions"}],"wp:featuredmedia":[{"embeddable":true,"href":"https:\/\/legacy.dia.edu.az\/en\/wp-json\/wp\/v2\/media\/12569"}],"wp:attachment":[{"href":"https:\/\/legacy.dia.edu.az\/en\/wp-json\/wp\/v2\/media?parent=12567"}],"wp:term":[{"taxonomy":"category","embeddable":true,"href":"https:\/\/legacy.dia.edu.az\/en\/wp-json\/wp\/v2\/categories?post=12567"},{"taxonomy":"post_tag","embeddable":true,"href":"https:\/\/legacy.dia.edu.az\/en\/wp-json\/wp\/v2\/tags?post=12567"}],"curies":[{"name":"wp","href":"https:\/\/api.w.org\/{rel}","templated":true}]}}