{"id":12541,"date":"2016-10-03T13:25:00","date_gmt":"2016-10-03T10:25:00","guid":{"rendered":"https:\/\/dia.edu.az\/?p=12541"},"modified":"2021-03-16T13:26:30","modified_gmt":"2021-03-16T10:26:30","slug":"rusiyada-az%c9%99rbaycanin-dovl%c9%99t-must%c9%99qilliyinin-b%c9%99rpasinin-25-illiyin%c9%99-h%c9%99sr-edil%c9%99n-jurnal-d%c9%99rc-olunub","status":"publish","type":"post","link":"https:\/\/legacy.dia.edu.az\/en\/arxivl\u0259r\/12541","title":{"rendered":"Rusiyada Az\u0259rbaycan\u0131n d\u00f6vl\u0259t m\u00fcst\u0259qilliyinin b\u0259rpas\u0131n\u0131n 25 illiyin\u0259 h\u0259sr edil\u0259n jurnal d\u0259rc olunub"},"content":{"rendered":"<p><\/p>\n\n\n\n<p><\/p>\n\n\n\n<p><strong>Rusiyada Az\u0259rbaycan\u0131n d\u00f6vl\u0259t m\u00fcst\u0259qilliyinin b\u0259rpas\u0131n\u0131n 25 illiyin\u0259 h\u0259sr edil\u0259n jurnal d\u0259rc olunub<\/strong><br><em>Okt 03 , 2016 &#8211; 03:57<\/em><\/p>\n\n\n\n<p>Rusiyan\u0131n n\u00fcfuzlu elmi n\u0259\u015frl\u0259rind\u0259n olan \u201cM\u00fcasir elmi fikir\u201d (\u201c\u0421\u043e\u0432\u0440\u0435\u043c\u0435\u043d\u043d\u0430\u044f \u043d\u0430\u0443\u0447\u043d\u0430\u044f \u043c\u044b\u0441\u043b\u044c\u201d) jurnal\u0131n\u0131n Az\u0259rbaycan\u0131n d\u00f6vl\u0259t m\u00fcst\u0259qilliyinin b\u0259rpas\u0131n\u0131n 25 illiyin\u0259 h\u0259sr edil\u0259n x\u00fcsusi burax\u0131l\u0131\u015f\u0131 d\u0259rc olunubdur. \u201cM\u00fcasir elmi fikir\u201d jurnal\u0131 vasit\u0259sil\u0259 ba\u015f redaktor \u0130.Turits\u0131n, akademik Rafael Hakimov, professorlar \u0130ohann Rau, Rau\u015fanbek Absattarov v\u0259 ba\u015fqalar\u0131 Az\u0259rbaycan xalq\u0131n\u0131 m\u00fcst\u0259qilliyimizin 25 illiyi m\u00fcnasib\u0259til\u0259 t\u0259brik edibl\u0259r. Jurnalda Az\u0259rbaycan Respublikas\u0131n\u0131n Prezidenti yan\u0131nda D\u00f6vl\u0259t \u0130dar\u0259\u00e7ilik Akademiyas\u0131n\u0131n Tarix kafedras\u0131n\u0131n m\u00fcdiri dosent Firdovsiyy\u0259 \u018fhm\u0259dovan\u0131n \u201cM\u00fcasir Az\u0259rbaycan d\u00f6vl\u0259t\u00e7iliyind\u0259 Az\u0259rbaycan Demokratik Respublikas\u0131n\u0131n \u0259n\u0259n\u0259l\u0259ri\u201d adl\u0131 m\u0259qal\u0259si d\u0259 yer al\u0131bd\u0131r.<\/p>\n\n\n\n<p><\/p>\n\n\n\n<figure class=\"wp-container-2 wp-block-gallery-1 wp-block-gallery columns-1 is-cropped\"><ul class=\"blocks-gallery-grid\"><li class=\"blocks-gallery-item\"><figure><img width=\"480\" height=\"621\" src=\"https:\/\/dia.edu.az\/wp-content\/uploads\/2021\/03\/kitab1475496141.jpg\" alt=\"\" data-id=\"12542\" data-full-url=\"https:\/\/dia.edu.az\/wp-content\/uploads\/2021\/03\/kitab1475496141.jpg\" data-link=\"https:\/\/dia.edu.az\/?attachment_id=12542\" class=\"wp-image-12542\" srcset=\"https:\/\/legacy.dia.edu.az\/wp-content\/uploads\/2021\/03\/kitab1475496141.jpg 480w, https:\/\/legacy.dia.edu.az\/wp-content\/uploads\/2021\/03\/kitab1475496141-232x300.jpg 232w, https:\/\/legacy.dia.edu.az\/wp-content\/uploads\/2021\/03\/kitab1475496141-9x12.jpg 9w, https:\/\/legacy.dia.edu.az\/wp-content\/uploads\/2021\/03\/kitab1475496141-232x300@2x.jpg 464w\" sizes=\"(max-width: 480px) 100vw, 480px\" \/><\/figure><\/li><\/ul><\/figure>","protected":false},"excerpt":{"rendered":"<p>Rusiyada Az\u0259rbaycan\u0131n d\u00f6vl\u0259t m\u00fcst\u0259qilliyinin b\u0259rpas\u0131n\u0131n 25 illiyin\u0259 h\u0259sr edil\u0259n jurnal d\u0259rc olunubOkt 03 , 2016 &#8211; 03:57 Rusiyan\u0131n n\u00fcfuzlu elmi n\u0259\u015frl\u0259rind\u0259n olan \u201cM\u00fcasir elmi fikir\u201d (\u201c\u0421\u043e\u0432\u0440\u0435\u043c\u0435\u043d\u043d\u0430\u044f \u043d\u0430\u0443\u0447\u043d\u0430\u044f \u043c\u044b\u0441\u043b\u044c\u201d) jurnal\u0131n\u0131n Az\u0259rbaycan\u0131n d\u00f6vl\u0259t m\u00fcst\u0259qilliyinin b\u0259rpas\u0131n\u0131n 25 illiyin\u0259 h\u0259sr edil\u0259n x\u00fcsusi burax\u0131l\u0131\u015f\u0131 d\u0259rc olunubdur. \u201cM\u00fcasir elmi fikir\u201d jurnal\u0131 vasit\u0259sil\u0259 ba\u015f redaktor \u0130.Turits\u0131n, akademik Rafael Hakimov, professorlar \u0130ohann Rau, [&hellip;]<\/p>","protected":false},"author":2,"featured_media":12542,"comment_status":"closed","ping_status":"closed","sticky":false,"template":"","format":"standard","meta":[],"categories":[137],"tags":[],"_links":{"self":[{"href":"https:\/\/legacy.dia.edu.az\/en\/wp-json\/wp\/v2\/posts\/12541"}],"collection":[{"href":"https:\/\/legacy.dia.edu.az\/en\/wp-json\/wp\/v2\/posts"}],"about":[{"href":"https:\/\/legacy.dia.edu.az\/en\/wp-json\/wp\/v2\/types\/post"}],"author":[{"embeddable":true,"href":"https:\/\/legacy.dia.edu.az\/en\/wp-json\/wp\/v2\/users\/2"}],"replies":[{"embeddable":true,"href":"https:\/\/legacy.dia.edu.az\/en\/wp-json\/wp\/v2\/comments?post=12541"}],"version-history":[{"count":0,"href":"https:\/\/legacy.dia.edu.az\/en\/wp-json\/wp\/v2\/posts\/12541\/revisions"}],"wp:featuredmedia":[{"embeddable":true,"href":"https:\/\/legacy.dia.edu.az\/en\/wp-json\/wp\/v2\/media\/12542"}],"wp:attachment":[{"href":"https:\/\/legacy.dia.edu.az\/en\/wp-json\/wp\/v2\/media?parent=12541"}],"wp:term":[{"taxonomy":"category","embeddable":true,"href":"https:\/\/legacy.dia.edu.az\/en\/wp-json\/wp\/v2\/categories?post=12541"},{"taxonomy":"post_tag","embeddable":true,"href":"https:\/\/legacy.dia.edu.az\/en\/wp-json\/wp\/v2\/tags?post=12541"}],"curies":[{"name":"wp","href":"https:\/\/api.w.org\/{rel}","templated":true}]}}