{"id":12520,"date":"2016-10-25T01:54:00","date_gmt":"2016-10-24T22:54:00","guid":{"rendered":"https:\/\/dia.edu.az\/?p=12520"},"modified":"2021-03-16T01:55:58","modified_gmt":"2021-03-15T22:55:58","slug":"dovl%c9%99t-idar%c9%99cilik-akademiyasinin-%c9%99m%c9%99kdaslari-naxcivanin-m%c9%99d%c9%99niyy%c9%99t-mu%c9%99ssis%c9%99l%c9%99rind%c9%99-olublar","status":"publish","type":"post","link":"https:\/\/legacy.dia.edu.az\/en\/arxivl\u0259r\/12520","title":{"rendered":"D\u00f6vl\u0259t \u0130dar\u0259\u00e7ilik Akademiyas\u0131n\u0131n \u0259m\u0259kda\u015flar\u0131 Nax\u00e7\u0131van\u0131n m\u0259d\u0259niyy\u0259t m\u00fc\u0259ssis\u0259l\u0259rind\u0259 olublar"},"content":{"rendered":"<p><\/p>\n\n\n\n<p><\/p>\n\n\n\n<p><strong>D\u00f6vl\u0259t \u0130dar\u0259\u00e7ilik Akademiyas\u0131n\u0131n \u0259m\u0259kda\u015flar\u0131 Nax\u00e7\u0131van\u0131n m\u0259d\u0259niyy\u0259t m\u00fc\u0259ssis\u0259l\u0259rind\u0259 olublar<\/strong><br><em>Okt 25 , 2016 &#8211; 04:38<\/em><\/p>\n\n\n\n<p>Az\u0259rbaycan&nbsp;Respublikas\u0131n\u0131n&nbsp;Prezidenti&nbsp;yan\u0131nda&nbsp;D\u00f6vl\u0259t&nbsp;\u0130dar\u0259\u00e7ilik&nbsp;Akademiyas\u0131n\u0131n&nbsp;rektoru,&nbsp;akademik&nbsp;Urxan&nbsp;\u018fl\u0259kb\u0259rov&nbsp;v\u0259&nbsp;akademiyan\u0131n&nbsp;bir&nbsp;qrup&nbsp;\u0259m\u0259kda\u015f\u0131&nbsp;Nax\u00e7\u0131van&nbsp;Muxtar&nbsp;Respublikas\u0131na&nbsp;s\u0259f\u0259r\u0259&nbsp;g\u0259libl\u0259r.<\/p>\n\n\n\n<p>Qonaqlar \u0259vv\u0259lc\u0259 ulu \u00f6nd\u0259r Heyd\u0259r \u018fliyevin Nax\u00e7\u0131van \u015f\u0259h\u0259rinin ba\u015f meydan\u0131nda \u0259z\u0259m\u0259tl\u0259 ucalan abid\u0259sini v\u0259 Heyd\u0259r \u018fliyev Muzeyini ziyar\u0259t edibl\u0259r.<\/p>\n\n\n\n<p>Sonra Az\u0259rbaycan Milli Elml\u0259r Akademiyas\u0131n\u0131n Nax\u00e7\u0131van B\u00f6lm\u0259si v\u0259 b\u00f6lm\u0259nin t\u0259rkibind\u0259 f\u0259aliyy\u0259t g\u00f6st\u0259r\u0259n, nadir bitkil\u0259rin v\u0259 a\u011faclar\u0131n qorundu\u011fu \u201cN\u0259batat ba\u011f\u0131\u201d il\u0259 tan\u0131\u015fl\u0131q olub.<\/p>\n\n\n\n<p>\u201cNax\u00e7\u0131vanqala\u201d Tarix-Memarl\u0131q Muzey Kompleksi il\u0259 tan\u0131\u015fl\u0131q zaman\u0131 bildirilib ki, muxtar respublikan\u0131n \u0259razisi d\u00fcnyan\u0131n \u0259n q\u0259dim insan m\u0259sk\u0259nl\u0259rind\u0259n biridir. Buna g\u00f6r\u0259 d\u0259 \u0259razid\u0259 tarixin b\u00fct\u00fcn d\u00f6vrl\u0259rin\u0259 aid z\u0259ngin m\u0259d\u0259niyy\u0259t v\u0259 memarl\u0131q n\u00fcmun\u0259l\u0259ri m\u00f6vcuddur. Bu abid\u0259l\u0259r aras\u0131nda Nax\u00e7\u0131vanqalan\u0131n m\u00fch\u00fcm \u0259h\u0259miyy\u0259ti var. 2010-cu ild\u0259 Nax\u00e7\u0131vanqalan\u0131n b\u0259rpas\u0131na ba\u015flan\u0131l\u0131b, tarixi \u0259razid\u0259 yenid\u0259nqurma i\u015fl\u0259ri apar\u0131l\u0131b, qalan\u0131n \u0259vv\u0259lki g\u00f6rk\u0259mi \u00f6z\u00fcn\u0259 qaytar\u0131l\u0131b. Nax\u00e7\u0131van\u0131n q\u0259dim tarixi-m\u0259d\u0259ni irsinin m\u00fchafiz\u0259sini t\u0259min etm\u0259k m\u0259qs\u0259dil\u0259 Nax\u00e7\u0131van Muxtar Respublikas\u0131 Ali M\u0259clisi S\u0259drinin 2013-c\u00fc il iyunun 5-d\u0259 imzalad\u0131\u011f\u0131 S\u0259r\u0259ncam il\u0259 \u201cNax\u00e7\u0131vanqala\u201d Tarix-Memarl\u0131q Muzey Kompleksi yarad\u0131l\u0131b. Kompleks \u00e7oxsayl\u0131 turistl\u0259ri \u00f6z\u00fcn\u0259 c\u0259lb etm\u0259kl\u0259 yana\u015f\u0131, h\u0259m d\u0259 son d\u00f6vrl\u0259rd\u0259 m\u0259d\u0259ni-k\u00fctl\u0259vi t\u0259dbirl\u0259rin ke\u00e7irildiyi m\u0259rk\u0259z\u0259 \u00e7evrilib.<\/p>\n\n\n\n<p>Daha sonra qonaqlar yerli m\u0259hsullar\u0131n n\u00fcmayi\u015f etdirildiyi Nax\u00e7\u0131van Biznes M\u0259rk\u0259zind\u0259 olublar. M\u0259lumat verilib ki, m\u0259rk\u0259zd\u0259 k\u0259rpicd\u0259n mebel d\u0259stin\u0259, ki\u00e7ik plastik hiss\u0259l\u0259rd\u0259n dam \u00f6rt\u00fcy\u00fcn\u0259, mineral sulardan \u0259rzaq m\u0259hsullar\u0131na, Nax\u00e7\u0131van duzundan konservl\u0259\u015fdirilmi\u015f qovurmaya q\u0259d\u0259r bir \u00e7ox \u00e7e\u015fidd\u0259 yerli m\u0259hsullar s\u0259rgil\u0259nir. M\u0259rk\u0259z, eyni zamanda, yerli sahibkarlar\u0131n f\u0259aliyy\u0259tinin stimulla\u015fd\u0131r\u0131lmas\u0131nda, onlara m\u00fcxt\u0259lif metodik k\u00f6m\u0259yin g\u00f6st\u0259rilm\u0259sind\u0259 \u0259h\u0259miyy\u0259tli rol oynay\u0131r.<\/p>\n\n\n\n<p><\/p>\n\n\n\n<figure class=\"wp-container-2 wp-block-gallery-1 wp-block-gallery columns-3 is-cropped\"><ul class=\"blocks-gallery-grid\"><li class=\"blocks-gallery-item\"><figure><img width=\"640\" height=\"426\" src=\"https:\/\/dia.edu.az\/wp-content\/uploads\/2021\/03\/nax1.jpg\" alt=\"\" data-id=\"12521\" data-full-url=\"https:\/\/dia.edu.az\/wp-content\/uploads\/2021\/03\/nax1.jpg\" data-link=\"https:\/\/dia.edu.az\/?attachment_id=12521\" class=\"wp-image-12521\" srcset=\"https:\/\/legacy.dia.edu.az\/wp-content\/uploads\/2021\/03\/nax1.jpg 640w, https:\/\/legacy.dia.edu.az\/wp-content\/uploads\/2021\/03\/nax1-300x200.jpg 300w, https:\/\/legacy.dia.edu.az\/wp-content\/uploads\/2021\/03\/nax1-16x12.jpg 16w, https:\/\/legacy.dia.edu.az\/wp-content\/uploads\/2021\/03\/nax1-150x100.jpg 150w, https:\/\/legacy.dia.edu.az\/wp-content\/uploads\/2021\/03\/nax1-300x200@2x.jpg 600w\" sizes=\"(max-width: 640px) 100vw, 640px\" \/><\/figure><\/li><li class=\"blocks-gallery-item\"><figure><img width=\"640\" height=\"426\" src=\"https:\/\/dia.edu.az\/wp-content\/uploads\/2021\/03\/nax2.jpg\" alt=\"\" data-id=\"12522\" data-full-url=\"https:\/\/dia.edu.az\/wp-content\/uploads\/2021\/03\/nax2.jpg\" data-link=\"https:\/\/dia.edu.az\/?attachment_id=12522\" class=\"wp-image-12522\" srcset=\"https:\/\/legacy.dia.edu.az\/wp-content\/uploads\/2021\/03\/nax2.jpg 640w, https:\/\/legacy.dia.edu.az\/wp-content\/uploads\/2021\/03\/nax2-300x200.jpg 300w, https:\/\/legacy.dia.edu.az\/wp-content\/uploads\/2021\/03\/nax2-16x12.jpg 16w, https:\/\/legacy.dia.edu.az\/wp-content\/uploads\/2021\/03\/nax2-150x100.jpg 150w, https:\/\/legacy.dia.edu.az\/wp-content\/uploads\/2021\/03\/nax2-300x200@2x.jpg 600w\" sizes=\"(max-width: 640px) 100vw, 640px\" \/><\/figure><\/li><li class=\"blocks-gallery-item\"><figure><img width=\"640\" height=\"426\" src=\"https:\/\/dia.edu.az\/wp-content\/uploads\/2021\/03\/nax3.jpg\" alt=\"\" data-id=\"12523\" data-full-url=\"https:\/\/dia.edu.az\/wp-content\/uploads\/2021\/03\/nax3.jpg\" data-link=\"https:\/\/dia.edu.az\/?attachment_id=12523\" class=\"wp-image-12523\" srcset=\"https:\/\/legacy.dia.edu.az\/wp-content\/uploads\/2021\/03\/nax3.jpg 640w, https:\/\/legacy.dia.edu.az\/wp-content\/uploads\/2021\/03\/nax3-300x200.jpg 300w, https:\/\/legacy.dia.edu.az\/wp-content\/uploads\/2021\/03\/nax3-16x12.jpg 16w, https:\/\/legacy.dia.edu.az\/wp-content\/uploads\/2021\/03\/nax3-150x100.jpg 150w, https:\/\/legacy.dia.edu.az\/wp-content\/uploads\/2021\/03\/nax3-300x200@2x.jpg 600w\" sizes=\"(max-width: 640px) 100vw, 640px\" \/><\/figure><\/li><li class=\"blocks-gallery-item\"><figure><img width=\"640\" height=\"426\" src=\"https:\/\/dia.edu.az\/wp-content\/uploads\/2021\/03\/nax4.jpg\" alt=\"\" data-id=\"12524\" data-full-url=\"https:\/\/dia.edu.az\/wp-content\/uploads\/2021\/03\/nax4.jpg\" data-link=\"https:\/\/dia.edu.az\/?attachment_id=12524\" class=\"wp-image-12524\" srcset=\"https:\/\/legacy.dia.edu.az\/wp-content\/uploads\/2021\/03\/nax4.jpg 640w, https:\/\/legacy.dia.edu.az\/wp-content\/uploads\/2021\/03\/nax4-300x200.jpg 300w, https:\/\/legacy.dia.edu.az\/wp-content\/uploads\/2021\/03\/nax4-16x12.jpg 16w, https:\/\/legacy.dia.edu.az\/wp-content\/uploads\/2021\/03\/nax4-150x100.jpg 150w, https:\/\/legacy.dia.edu.az\/wp-content\/uploads\/2021\/03\/nax4-300x200@2x.jpg 600w\" sizes=\"(max-width: 640px) 100vw, 640px\" \/><\/figure><\/li><li class=\"blocks-gallery-item\"><figure><img width=\"640\" height=\"426\" src=\"https:\/\/dia.edu.az\/wp-content\/uploads\/2021\/03\/nax5.jpg\" alt=\"\" data-id=\"12525\" data-full-url=\"https:\/\/dia.edu.az\/wp-content\/uploads\/2021\/03\/nax5.jpg\" data-link=\"https:\/\/dia.edu.az\/?attachment_id=12525\" class=\"wp-image-12525\" srcset=\"https:\/\/legacy.dia.edu.az\/wp-content\/uploads\/2021\/03\/nax5.jpg 640w, https:\/\/legacy.dia.edu.az\/wp-content\/uploads\/2021\/03\/nax5-300x200.jpg 300w, https:\/\/legacy.dia.edu.az\/wp-content\/uploads\/2021\/03\/nax5-16x12.jpg 16w, https:\/\/legacy.dia.edu.az\/wp-content\/uploads\/2021\/03\/nax5-150x100.jpg 150w, https:\/\/legacy.dia.edu.az\/wp-content\/uploads\/2021\/03\/nax5-300x200@2x.jpg 600w\" sizes=\"(max-width: 640px) 100vw, 640px\" \/><\/figure><\/li><\/ul><\/figure>","protected":false},"excerpt":{"rendered":"<p>D\u00f6vl\u0259t \u0130dar\u0259\u00e7ilik Akademiyas\u0131n\u0131n \u0259m\u0259kda\u015flar\u0131 Nax\u00e7\u0131van\u0131n m\u0259d\u0259niyy\u0259t m\u00fc\u0259ssis\u0259l\u0259rind\u0259 olublarOkt 25 , 2016 &#8211; 04:38 Az\u0259rbaycan&nbsp;Respublikas\u0131n\u0131n&nbsp;Prezidenti&nbsp;yan\u0131nda&nbsp;D\u00f6vl\u0259t&nbsp;\u0130dar\u0259\u00e7ilik&nbsp;Akademiyas\u0131n\u0131n&nbsp;rektoru,&nbsp;akademik&nbsp;Urxan&nbsp;\u018fl\u0259kb\u0259rov&nbsp;v\u0259&nbsp;akademiyan\u0131n&nbsp;bir&nbsp;qrup&nbsp;\u0259m\u0259kda\u015f\u0131&nbsp;Nax\u00e7\u0131van&nbsp;Muxtar&nbsp;Respublikas\u0131na&nbsp;s\u0259f\u0259r\u0259&nbsp;g\u0259libl\u0259r. Qonaqlar \u0259vv\u0259lc\u0259 ulu \u00f6nd\u0259r Heyd\u0259r \u018fliyevin Nax\u00e7\u0131van \u015f\u0259h\u0259rinin ba\u015f meydan\u0131nda \u0259z\u0259m\u0259tl\u0259 ucalan abid\u0259sini v\u0259 Heyd\u0259r \u018fliyev Muzeyini ziyar\u0259t edibl\u0259r. Sonra Az\u0259rbaycan Milli Elml\u0259r Akademiyas\u0131n\u0131n Nax\u00e7\u0131van B\u00f6lm\u0259si v\u0259 b\u00f6lm\u0259nin t\u0259rkibind\u0259 f\u0259aliyy\u0259t g\u00f6st\u0259r\u0259n, nadir bitkil\u0259rin v\u0259 a\u011faclar\u0131n qorundu\u011fu \u201cN\u0259batat ba\u011f\u0131\u201d il\u0259 tan\u0131\u015fl\u0131q olub. [&hellip;]<\/p>","protected":false},"author":2,"featured_media":12522,"comment_status":"closed","ping_status":"closed","sticky":false,"template":"","format":"standard","meta":[],"categories":[137],"tags":[],"_links":{"self":[{"href":"https:\/\/legacy.dia.edu.az\/en\/wp-json\/wp\/v2\/posts\/12520"}],"collection":[{"href":"https:\/\/legacy.dia.edu.az\/en\/wp-json\/wp\/v2\/posts"}],"about":[{"href":"https:\/\/legacy.dia.edu.az\/en\/wp-json\/wp\/v2\/types\/post"}],"author":[{"embeddable":true,"href":"https:\/\/legacy.dia.edu.az\/en\/wp-json\/wp\/v2\/users\/2"}],"replies":[{"embeddable":true,"href":"https:\/\/legacy.dia.edu.az\/en\/wp-json\/wp\/v2\/comments?post=12520"}],"version-history":[{"count":0,"href":"https:\/\/legacy.dia.edu.az\/en\/wp-json\/wp\/v2\/posts\/12520\/revisions"}],"wp:featuredmedia":[{"embeddable":true,"href":"https:\/\/legacy.dia.edu.az\/en\/wp-json\/wp\/v2\/media\/12522"}],"wp:attachment":[{"href":"https:\/\/legacy.dia.edu.az\/en\/wp-json\/wp\/v2\/media?parent=12520"}],"wp:term":[{"taxonomy":"category","embeddable":true,"href":"https:\/\/legacy.dia.edu.az\/en\/wp-json\/wp\/v2\/categories?post=12520"},{"taxonomy":"post_tag","embeddable":true,"href":"https:\/\/legacy.dia.edu.az\/en\/wp-json\/wp\/v2\/tags?post=12520"}],"curies":[{"name":"wp","href":"https:\/\/api.w.org\/{rel}","templated":true}]}}