{"id":12513,"date":"2016-11-08T01:51:00","date_gmt":"2016-11-07T22:51:00","guid":{"rendered":"https:\/\/dia.edu.az\/?p=12513"},"modified":"2021-03-16T01:52:35","modified_gmt":"2021-03-15T22:52:35","slug":"dovl%c9%99t-idar%c9%99cilik-akademiyasinda-dovl%c9%99t-bayragi-gunun%c9%99-h%c9%99sr-olunan-t%c9%99dbir-kecirilib","status":"publish","type":"post","link":"https:\/\/legacy.dia.edu.az\/en\/arxivl\u0259r\/12513","title":{"rendered":"D\u00f6vl\u0259t \u0130dar\u0259\u00e7ilik Akademiyas\u0131nda D\u00f6vl\u0259t Bayra\u011f\u0131 G\u00fcn\u00fcn\u0259 h\u0259sr olunan t\u0259dbir ke\u00e7irilib"},"content":{"rendered":"<p><\/p>\n\n\n\n<p><strong>D\u00f6vl\u0259t \u0130dar\u0259\u00e7ilik Akademiyas\u0131nda D\u00f6vl\u0259t Bayra\u011f\u0131 G\u00fcn\u00fcn\u0259 h\u0259sr olunan t\u0259dbir ke\u00e7irilib<\/strong><br><em>Noy 08 , 2016 &#8211; 10:29<\/em><\/p>\n\n\n\n<p>Az\u0259rbaycan Respublikas\u0131n\u0131n Prezidenti yan\u0131nda D\u00f6vl\u0259t \u0130dar\u0259\u00e7ilik Akademiyas\u0131nda d\u00f6vl\u0259t suverenliyinin \u0259sas atributlar\u0131ndan olan D\u00f6vl\u0259t Bayra\u011f\u0131 G\u00fcn\u00fcn\u0259 h\u0259sr olunan t\u0259dbir ke\u00e7irilib.<\/p>\n\n\n\n<p>T\u0259dbird\u0259 D\u0130A-n\u0131n Humanitar v\u0259 sosial m\u0259s\u0259l\u0259l\u0259r \u00fczr\u0259 prorektoru, dosent&nbsp; Mehdi Abdullayev \u00dcmummilli Liderin memar\u0131 oldu\u011fu m\u00fcasir m\u00fcst\u0259qil Az\u0259rbaycan\u0131n t\u0259\u015f\u0259kk\u00fcl\u00fc v\u0259 t\u0259r\u0259qqisi yolundak\u0131 f\u0259aliyy\u0259tind\u0259n, bayraq g\u00fcn\u00fcn\u00fcn \u0259h\u0259miyy\u0259ti haqq\u0131nda m\u0259lumat verdi.<\/p>\n\n\n\n<p>Daha sonra t\u0259dbird\u0259 D\u00f6vl\u0259t \u0130dar\u0259\u00e7ilik Akademiyas\u0131 \u201cTarix\u201d kafedras\u0131n\u0131n professoru Musa Quliyev, \u201cV\u0259t\u0259np\u0259rv\u0259rlik Klubu\u201dnun s\u0259dri Xan\u0131m Pa\u015fayeva t\u0259qdimatla \u00e7\u0131x\u0131\u015f etdil\u0259r.<\/p>\n\n\n\n<p>\u00c7\u0131x\u0131\u015flarda qeyd edildi ki, b\u00fct\u00fcn h\u0259yat\u0131n\u0131 Az\u0259rbaycan\u0131n t\u0259r\u0259qqisi i\u015fin\u0259 h\u0259sr etmi\u015f \u00fcmummilli lider Heyd\u0259r \u018fliyevin xalq\u0131m\u0131z qar\u015f\u0131s\u0131nda b\u00f6y\u00fck xidm\u0259tl\u0259ri olub. Prezident \u0130lham \u018fliyevin d\u00f6vl\u0259t\u00e7iliyimizin m\u00f6hk\u0259ml\u0259nm\u0259sind\u0259ki u\u011furlu xidm\u0259tl\u0259ri, d\u00f6vl\u0259t atributlar\u0131m\u0131za olan x\u00fcsusi diqq\u0259t v\u0259 qay\u011f\u0131s\u0131, Az\u0259rbaycan prezidentinin s\u0259r\u0259ncam\u0131 il\u0259 m\u0259hz noyabr\u0131n 9-u Az\u0259rbaycanda bundan sonra h\u0259r il Az\u0259rbaycan D\u00f6vl\u0259t Bayra\u011f\u0131 G\u00fcn\u00fc kimi qeyd olunmas\u0131n\u0131n x\u00fcsusi \u0259h\u0259miyy\u0259ti vard\u0131r. Bayraq h\u0259r bir d\u00f6vl\u0259tin m\u00fcst\u0259qilliyini, mill\u0259tin kimliyini v\u0259 m\u0259nsubiyy\u0259tini, hans\u0131 amallar u\u011frunda m\u00fcbariz\u0259 apard\u0131\u011f\u0131n\u0131 ifad\u0259 ed\u0259n x\u00fcsusi bir q\u00fcrur m\u0259nb\u0259yi oldu\u011fu qiym\u0259l\u0259ndirildi. Bu t\u0259hsil oca\u011f\u0131nda d\u00f6vl\u0259t idar\u0259\u00e7iliyi sah\u0259sind\u0259 ixtisasla\u015fan g\u0259nc kardlar\u0131n d\u00f6vl\u0259t atributlar\u0131n\u0131n qorunmas\u0131 v\u0259 t\u0259bli\u011find\u0259 daha da f\u0259al olmalar\u0131 t\u0259qdir edildi. Az\u0259rbaycan bayra\u011f\u0131n\u0131n, bayraq meydan\u0131n\u0131n Az\u0259rbaycan\u0131n g\u00fcc\u00fcn\u00fc, Az\u0259rbaycan xalq\u0131n\u0131n \u00f6z d\u00f6vl\u0259tin\u0259 sevgisini, d\u00f6vl\u0259t r\u0259mzl\u0259rimiz\u0259 ehtiram\u0131n\u0131n bir q\u00fcrur simvolu oldu\u011fu, mill\u0259t v\u0259 d\u00f6vl\u0259t kimi varl\u0131\u011f\u0131m\u0131z\u0131n s\u00fcbutu, atalar\u0131m\u0131z\u0131n \u0259man\u0259ti olan, u\u011frunda minl\u0259rl\u0259 v\u0259t\u0259n evlad\u0131n\u0131n can\u0131ndan ke\u00e7diyi bayra\u011f\u0131m\u0131z\u0131 uca tutma\u011f\u0131 t\u00f6vsiy\u0259 edildi.\u00a0<\/p>\n\n\n\n<p><\/p>\n\n\n\n<figure class=\"wp-container-2 wp-block-gallery-1 wp-block-gallery columns-2 is-cropped\"><ul class=\"blocks-gallery-grid\"><li class=\"blocks-gallery-item\"><figure><img width=\"640\" height=\"424\" src=\"https:\/\/dia.edu.az\/wp-content\/uploads\/2021\/03\/bayraq1.jpg\" alt=\"\" data-id=\"12514\" data-full-url=\"https:\/\/dia.edu.az\/wp-content\/uploads\/2021\/03\/bayraq1.jpg\" data-link=\"https:\/\/dia.edu.az\/?attachment_id=12514\" class=\"wp-image-12514\" srcset=\"https:\/\/legacy.dia.edu.az\/wp-content\/uploads\/2021\/03\/bayraq1.jpg 640w, https:\/\/legacy.dia.edu.az\/wp-content\/uploads\/2021\/03\/bayraq1-300x199.jpg 300w, https:\/\/legacy.dia.edu.az\/wp-content\/uploads\/2021\/03\/bayraq1-16x12.jpg 16w, https:\/\/legacy.dia.edu.az\/wp-content\/uploads\/2021\/03\/bayraq1-150x100.jpg 150w, https:\/\/legacy.dia.edu.az\/wp-content\/uploads\/2021\/03\/bayraq1-300x199@2x.jpg 600w\" sizes=\"(max-width: 640px) 100vw, 640px\" \/><\/figure><\/li><li class=\"blocks-gallery-item\"><figure><img width=\"640\" height=\"424\" src=\"https:\/\/dia.edu.az\/wp-content\/uploads\/2021\/03\/bayraq2.jpg\" alt=\"\" data-id=\"12515\" data-full-url=\"https:\/\/dia.edu.az\/wp-content\/uploads\/2021\/03\/bayraq2.jpg\" data-link=\"https:\/\/dia.edu.az\/?attachment_id=12515\" class=\"wp-image-12515\" srcset=\"https:\/\/legacy.dia.edu.az\/wp-content\/uploads\/2021\/03\/bayraq2.jpg 640w, https:\/\/legacy.dia.edu.az\/wp-content\/uploads\/2021\/03\/bayraq2-300x199.jpg 300w, https:\/\/legacy.dia.edu.az\/wp-content\/uploads\/2021\/03\/bayraq2-16x12.jpg 16w, https:\/\/legacy.dia.edu.az\/wp-content\/uploads\/2021\/03\/bayraq2-150x100.jpg 150w, https:\/\/legacy.dia.edu.az\/wp-content\/uploads\/2021\/03\/bayraq2-300x199@2x.jpg 600w\" sizes=\"(max-width: 640px) 100vw, 640px\" \/><\/figure><\/li><\/ul><\/figure>","protected":false},"excerpt":{"rendered":"<p>D\u00f6vl\u0259t \u0130dar\u0259\u00e7ilik Akademiyas\u0131nda D\u00f6vl\u0259t Bayra\u011f\u0131 G\u00fcn\u00fcn\u0259 h\u0259sr olunan t\u0259dbir ke\u00e7irilibNoy 08 , 2016 &#8211; 10:29 Az\u0259rbaycan Respublikas\u0131n\u0131n Prezidenti yan\u0131nda D\u00f6vl\u0259t \u0130dar\u0259\u00e7ilik Akademiyas\u0131nda d\u00f6vl\u0259t suverenliyinin \u0259sas atributlar\u0131ndan olan D\u00f6vl\u0259t Bayra\u011f\u0131 G\u00fcn\u00fcn\u0259 h\u0259sr olunan t\u0259dbir ke\u00e7irilib. T\u0259dbird\u0259 D\u0130A-n\u0131n Humanitar v\u0259 sosial m\u0259s\u0259l\u0259l\u0259r \u00fczr\u0259 prorektoru, dosent&nbsp; Mehdi Abdullayev \u00dcmummilli Liderin memar\u0131 oldu\u011fu m\u00fcasir m\u00fcst\u0259qil Az\u0259rbaycan\u0131n t\u0259\u015f\u0259kk\u00fcl\u00fc v\u0259 t\u0259r\u0259qqisi [&hellip;]<\/p>","protected":false},"author":2,"featured_media":12515,"comment_status":"closed","ping_status":"closed","sticky":false,"template":"","format":"standard","meta":[],"categories":[137],"tags":[],"_links":{"self":[{"href":"https:\/\/legacy.dia.edu.az\/en\/wp-json\/wp\/v2\/posts\/12513"}],"collection":[{"href":"https:\/\/legacy.dia.edu.az\/en\/wp-json\/wp\/v2\/posts"}],"about":[{"href":"https:\/\/legacy.dia.edu.az\/en\/wp-json\/wp\/v2\/types\/post"}],"author":[{"embeddable":true,"href":"https:\/\/legacy.dia.edu.az\/en\/wp-json\/wp\/v2\/users\/2"}],"replies":[{"embeddable":true,"href":"https:\/\/legacy.dia.edu.az\/en\/wp-json\/wp\/v2\/comments?post=12513"}],"version-history":[{"count":0,"href":"https:\/\/legacy.dia.edu.az\/en\/wp-json\/wp\/v2\/posts\/12513\/revisions"}],"wp:featuredmedia":[{"embeddable":true,"href":"https:\/\/legacy.dia.edu.az\/en\/wp-json\/wp\/v2\/media\/12515"}],"wp:attachment":[{"href":"https:\/\/legacy.dia.edu.az\/en\/wp-json\/wp\/v2\/media?parent=12513"}],"wp:term":[{"taxonomy":"category","embeddable":true,"href":"https:\/\/legacy.dia.edu.az\/en\/wp-json\/wp\/v2\/categories?post=12513"},{"taxonomy":"post_tag","embeddable":true,"href":"https:\/\/legacy.dia.edu.az\/en\/wp-json\/wp\/v2\/tags?post=12513"}],"curies":[{"name":"wp","href":"https:\/\/api.w.org\/{rel}","templated":true}]}}