{"id":12509,"date":"2016-11-11T01:49:00","date_gmt":"2016-11-10T22:49:00","guid":{"rendered":"https:\/\/dia.edu.az\/?p=12509"},"modified":"2021-03-16T01:50:31","modified_gmt":"2021-03-15T22:50:31","slug":"dovl%c9%99t-idar%c9%99cilik-akademiyasinda-12-noyabr-konstitusiya-gunun%c9%99-h%c9%99sr-olunmus-t%c9%99dbir-kecirilib","status":"publish","type":"post","link":"https:\/\/legacy.dia.edu.az\/en\/arxivl\u0259r\/12509","title":{"rendered":"D\u00f6vl\u0259t \u0130dar\u0259\u00e7ilik Akademiyas\u0131nda 12 noyabr &#8211; Konstitusiya g\u00fcn\u00fcn\u0259 h\u0259sr olunmu\u015f t\u0259dbir ke\u00e7irilib"},"content":{"rendered":"<p><\/p>\n\n\n\n<p><strong>D\u00f6vl\u0259t \u0130dar\u0259\u00e7ilik Akademiyas\u0131nda 12 noyabr &#8211; Konstitusiya g\u00fcn\u00fcn\u0259 h\u0259sr olunmu\u015f t\u0259dbir ke\u00e7irilib<\/strong><br><em>Noy 11 , 2016 &#8211; 10:41<\/em><\/p>\n\n\n\n<p>Noyabr\u0131n 11-d\u0259 D\u00f6vl\u0259t \u0130dar\u0259\u00e7ilik Akademiyas\u0131nda Az\u0259rbaycan Respublikas\u0131n\u0131n Konstitusiya G\u00fcn\u00fc m\u00fcnasib\u0259til\u0259 t\u0259dbir ke\u00e7irilib. Akademiyan\u0131n professor v\u0259 m\u00fc\u0259llim hey\u0259tinin, el\u0259c\u0259 d\u0259 t\u0259l\u0259b\u0259l\u0259rin i\u015ftirak etdiyi t\u0259dbird\u0259 \u00e7\u0131x\u0131\u015f ed\u0259n Humanitar v\u0259 sosial m\u0259s\u0259l\u0259l\u0259r \u00fczr\u0259 prorektoru, dosent Mehdi Abdullayev Konstitusiya g\u00fcn\u00fc m\u00fcnasib\u0259ti il\u0259 h\u0259r k\u0259si t\u0259brik edib. D\u00f6vl\u0259t Konstitusiyas\u0131n\u0131n q\u0259bul olunma tarixi haqq\u0131nda t\u0259dbir i\u015ftirak\u00e7\u0131lar\u0131na m\u0259lumat ver\u0259n natiq Konstitusiyan\u0131n yaranmas\u0131n\u0131 \u015f\u0259rtl\u0259ndir\u0259n tarixi s\u0259b\u0259bl\u0259rd\u0259n dan\u0131\u015f\u0131b. O 1995-ci il noyabr\u0131n 12-d\u0259 Konstitusiyan\u0131n q\u0259bul olunmas\u0131 il\u0259 Az\u0259rbaycan Respublikas\u0131nda d\u00f6vl\u0259t quruculu\u011funun \u0259sas\u0131n\u0131 qoyuldu\u011funu vur\u011fulay\u0131b.<\/p>\n\n\n\n<p>Daha sonra \u201cHuquq\u201d kafedras\u0131n\u0131n m\u00fcdiri, dosenti F\u0259xr\u0259ddin Na\u011f\u0131yev, professor Namiq Axundov v\u0259 dig\u0259r \u00e7\u0131x\u0131\u015f ed\u0259nl\u0259r Az\u0259rbaycan Respublikas\u0131n\u0131n Konstitusiyas\u0131n\u0131n tarixid\u0259n, \u0259n ali qanunvericilik s\u0259n\u0259dinin d\u00f6vl\u0259timizin inki\u015faf\u0131nda oynad\u0131\u011f\u0131 m\u00fch\u00fcm roldan, Konstitusiyaya edil\u0259n \u0259lav\u0259 d\u0259yi\u015fiklikl\u0259rd\u0259n, el\u0259c\u0259 d\u0259 Az\u0259rbaycan\u0131n haz\u0131rk\u0131 inki\u015faf\u0131ndan v\u0259 \u0259ld\u0259 olunan nailiyy\u0259tl\u0259rd\u0259n dan\u0131\u015f\u0131blar. D\u0259yirmi masan\u0131n sonunda h\u00fcquq ixtisas\u0131nda t\u0259hsil alan t\u0259l\u0259b\u0259l\u0259rin suallar\u0131 cavabland\u0131r\u0131l\u0131b.\u00a0<\/p>\n\n\n\n<p><\/p>\n\n\n\n<figure class=\"wp-container-2 wp-block-gallery-1 wp-block-gallery columns-2 is-cropped\"><ul class=\"blocks-gallery-grid\"><li class=\"blocks-gallery-item\"><figure><img width=\"640\" height=\"424\" src=\"https:\/\/dia.edu.az\/wp-content\/uploads\/2021\/03\/kons1.jpg\" alt=\"\" data-id=\"12510\" data-full-url=\"https:\/\/dia.edu.az\/wp-content\/uploads\/2021\/03\/kons1.jpg\" data-link=\"https:\/\/dia.edu.az\/?attachment_id=12510\" class=\"wp-image-12510\" srcset=\"https:\/\/legacy.dia.edu.az\/wp-content\/uploads\/2021\/03\/kons1.jpg 640w, https:\/\/legacy.dia.edu.az\/wp-content\/uploads\/2021\/03\/kons1-300x199.jpg 300w, https:\/\/legacy.dia.edu.az\/wp-content\/uploads\/2021\/03\/kons1-16x12.jpg 16w, https:\/\/legacy.dia.edu.az\/wp-content\/uploads\/2021\/03\/kons1-150x100.jpg 150w, https:\/\/legacy.dia.edu.az\/wp-content\/uploads\/2021\/03\/kons1-300x199@2x.jpg 600w\" sizes=\"(max-width: 640px) 100vw, 640px\" \/><\/figure><\/li><li class=\"blocks-gallery-item\"><figure><img width=\"640\" height=\"424\" src=\"https:\/\/dia.edu.az\/wp-content\/uploads\/2021\/03\/kons2.jpg\" alt=\"\" data-id=\"12511\" data-full-url=\"https:\/\/dia.edu.az\/wp-content\/uploads\/2021\/03\/kons2.jpg\" data-link=\"https:\/\/dia.edu.az\/?attachment_id=12511\" class=\"wp-image-12511\" srcset=\"https:\/\/legacy.dia.edu.az\/wp-content\/uploads\/2021\/03\/kons2.jpg 640w, https:\/\/legacy.dia.edu.az\/wp-content\/uploads\/2021\/03\/kons2-300x199.jpg 300w, https:\/\/legacy.dia.edu.az\/wp-content\/uploads\/2021\/03\/kons2-16x12.jpg 16w, https:\/\/legacy.dia.edu.az\/wp-content\/uploads\/2021\/03\/kons2-150x100.jpg 150w, https:\/\/legacy.dia.edu.az\/wp-content\/uploads\/2021\/03\/kons2-300x199@2x.jpg 600w\" sizes=\"(max-width: 640px) 100vw, 640px\" \/><\/figure><\/li><\/ul><\/figure>","protected":false},"excerpt":{"rendered":"<p>D\u00f6vl\u0259t \u0130dar\u0259\u00e7ilik Akademiyas\u0131nda 12 noyabr &#8211; Konstitusiya g\u00fcn\u00fcn\u0259 h\u0259sr olunmu\u015f t\u0259dbir ke\u00e7irilibNoy 11 , 2016 &#8211; 10:41 Noyabr\u0131n 11-d\u0259 D\u00f6vl\u0259t \u0130dar\u0259\u00e7ilik Akademiyas\u0131nda Az\u0259rbaycan Respublikas\u0131n\u0131n Konstitusiya G\u00fcn\u00fc m\u00fcnasib\u0259til\u0259 t\u0259dbir ke\u00e7irilib. Akademiyan\u0131n professor v\u0259 m\u00fc\u0259llim hey\u0259tinin, el\u0259c\u0259 d\u0259 t\u0259l\u0259b\u0259l\u0259rin i\u015ftirak etdiyi t\u0259dbird\u0259 \u00e7\u0131x\u0131\u015f ed\u0259n Humanitar v\u0259 sosial m\u0259s\u0259l\u0259l\u0259r \u00fczr\u0259 prorektoru, dosent Mehdi Abdullayev Konstitusiya g\u00fcn\u00fc m\u00fcnasib\u0259ti il\u0259 [&hellip;]<\/p>","protected":false},"author":2,"featured_media":12510,"comment_status":"closed","ping_status":"closed","sticky":false,"template":"","format":"standard","meta":[],"categories":[137],"tags":[],"_links":{"self":[{"href":"https:\/\/legacy.dia.edu.az\/en\/wp-json\/wp\/v2\/posts\/12509"}],"collection":[{"href":"https:\/\/legacy.dia.edu.az\/en\/wp-json\/wp\/v2\/posts"}],"about":[{"href":"https:\/\/legacy.dia.edu.az\/en\/wp-json\/wp\/v2\/types\/post"}],"author":[{"embeddable":true,"href":"https:\/\/legacy.dia.edu.az\/en\/wp-json\/wp\/v2\/users\/2"}],"replies":[{"embeddable":true,"href":"https:\/\/legacy.dia.edu.az\/en\/wp-json\/wp\/v2\/comments?post=12509"}],"version-history":[{"count":0,"href":"https:\/\/legacy.dia.edu.az\/en\/wp-json\/wp\/v2\/posts\/12509\/revisions"}],"wp:featuredmedia":[{"embeddable":true,"href":"https:\/\/legacy.dia.edu.az\/en\/wp-json\/wp\/v2\/media\/12510"}],"wp:attachment":[{"href":"https:\/\/legacy.dia.edu.az\/en\/wp-json\/wp\/v2\/media?parent=12509"}],"wp:term":[{"taxonomy":"category","embeddable":true,"href":"https:\/\/legacy.dia.edu.az\/en\/wp-json\/wp\/v2\/categories?post=12509"},{"taxonomy":"post_tag","embeddable":true,"href":"https:\/\/legacy.dia.edu.az\/en\/wp-json\/wp\/v2\/tags?post=12509"}],"curies":[{"name":"wp","href":"https:\/\/api.w.org\/{rel}","templated":true}]}}