{"id":12499,"date":"2016-11-16T01:44:00","date_gmt":"2016-11-15T22:44:00","guid":{"rendered":"https:\/\/dia.edu.az\/?p=12499"},"modified":"2021-03-16T01:46:36","modified_gmt":"2021-03-15T22:46:36","slug":"dia-huquq-klubu-huquqi-bilikl%c9%99r-uzr%c9%99-yarisma-kecirmisdir","status":"publish","type":"post","link":"https:\/\/legacy.dia.edu.az\/en\/arxivl\u0259r\/12499","title":{"rendered":"D\u0130A H\u00fcquq Klubu H\u00fcquqi Bilikl\u0259r \u00fczr\u0259 yar\u0131\u015fma ke\u00e7irmi\u015fdir"},"content":{"rendered":"<p><\/p>\n\n\n\n<p><strong>D\u0130A H\u00fcquq Klubu H\u00fcquqi Bilikl\u0259r \u00fczr\u0259 yar\u0131\u015fma ke\u00e7irmi\u015fdir<\/strong><br><em>Noy 16 , 2016 &#8211; 11:41<\/em><\/p>\n\n\n\n<p>Noyabr ay\u0131n\u0131n 16-da D\u00f6vl\u0259t \u0130dar\u0259\u00e7ilik Akademiyas\u0131n\u0131n H\u00fcquq Klubunun t\u0259\u015fkilat\u00e7\u0131l\u0131\u011f\u0131, \u0130nsan H\u00fcquqlar\u0131, demokratiya v\u0259 s\u00fclh probleml\u0259ri \u00fczr\u0259 YUNESKO m\u0259rk\u0259zinin d\u0259st\u0259yi il\u0259 &#8220;12 Noyabr Konstitusiya G\u00fcn\u00fc&#8221;n\u0259 h\u0259sr olunmu\u015f H\u00fcquqi Bilikl\u0259r \u00fczr\u0259 Yar\u0131\u015fma h\u0259yata ke\u00e7irilmi\u015fdir.<\/p>\n\n\n\n<p>D\u00f6vl\u0259t \u0130dar\u0259\u00e7ilik Akademiyas\u0131n\u0131n akt zal\u0131nda ba\u015f tutan t\u0259dbirin a\u00e7\u0131l\u0131\u015f\u0131nda D\u0130A-n\u0131n Humanitar v\u0259 sosial m\u0259s\u0259l\u0259l\u0259r \u00fczr\u0259 prorektoru, dosnt Mehdi Abdullayev, \u201cH\u00fcquq\u201d kafedras\u0131n\u0131n m\u00fcdiri, dosnt F\u0259xr\u0259ddin Na\u011f\u0131yev v\u0259 H\u0259mkarlar \u0130ttifaq\u0131 Komit\u0259sinin s\u0259dri, f.\u00fc.f.d. Yusif A\u011fayev \u00e7\u0131x\u0131\u015f etmi\u015fl\u0259r.&nbsp;<br>Daha sonra yar\u0131\u015fmaya ba\u015flam\u0131\u015fd\u0131r. 3 m\u0259rh\u0259l\u0259d\u0259n ibar\u0259t yar\u0131\u015fman\u0131n ilk m\u0259rh\u0259l\u0259sind\u0259 h\u00fcquq\u015f\u00fcnasl\u0131q ixtisas\u0131 qruplar\u0131n\u0131 t\u0259msil ed\u0259n 8 komanda, n\u00f6vb\u0259ti m\u0259rh\u0259l\u0259d\u0259 \u0259n y\u00fcks\u0259k n\u0259tic\u0259 g\u00f6st\u0259rmi\u015f 4 komanda, finalda is\u0259 2 komanda \u00f6z biliyini ortaya n\u00fcmayi\u015f etdirmi\u015fdir.<\/p>\n\n\n\n<p>Finala \u00e7\u0131xm\u0131\u015f iki komanda Seniors v\u0259 Gold Camp komandalar\u0131 m\u00fcbariz\u0259 aparm\u0131\u015flar. Yar\u0131\u015fman\u0131n qalibi is\u0259 H 13 \/ 2 qrupunu t\u0259msil ed\u0259n Seniors komandas\u0131 olmu\u015fdur.<br>T\u0259dbirin sonunda qalib v\u0259 i\u015ftirak\u00e7\u0131 komandalar t\u0259ltif edilmi\u015fl\u0259r.<\/p>\n\n\n\n<p><\/p>\n\n\n\n<figure class=\"wp-container-2 wp-block-gallery-1 wp-block-gallery columns-3 is-cropped\"><ul class=\"blocks-gallery-grid\"><li class=\"blocks-gallery-item\"><figure><img width=\"640\" height=\"427\" src=\"https:\/\/dia.edu.az\/wp-content\/uploads\/2021\/03\/hwq1.jpg\" alt=\"\" data-id=\"12500\" data-full-url=\"https:\/\/dia.edu.az\/wp-content\/uploads\/2021\/03\/hwq1.jpg\" data-link=\"https:\/\/dia.edu.az\/?attachment_id=12500\" class=\"wp-image-12500\" srcset=\"https:\/\/legacy.dia.edu.az\/wp-content\/uploads\/2021\/03\/hwq1.jpg 640w, https:\/\/legacy.dia.edu.az\/wp-content\/uploads\/2021\/03\/hwq1-300x200.jpg 300w, https:\/\/legacy.dia.edu.az\/wp-content\/uploads\/2021\/03\/hwq1-16x12.jpg 16w, https:\/\/legacy.dia.edu.az\/wp-content\/uploads\/2021\/03\/hwq1-150x100.jpg 150w, https:\/\/legacy.dia.edu.az\/wp-content\/uploads\/2021\/03\/hwq1-300x200@2x.jpg 600w\" sizes=\"(max-width: 640px) 100vw, 640px\" \/><\/figure><\/li><li class=\"blocks-gallery-item\"><figure><img width=\"640\" height=\"424\" src=\"https:\/\/dia.edu.az\/wp-content\/uploads\/2021\/03\/hwq2.jpg\" alt=\"\" data-id=\"12501\" data-full-url=\"https:\/\/dia.edu.az\/wp-content\/uploads\/2021\/03\/hwq2.jpg\" data-link=\"https:\/\/dia.edu.az\/?attachment_id=12501\" class=\"wp-image-12501\" srcset=\"https:\/\/legacy.dia.edu.az\/wp-content\/uploads\/2021\/03\/hwq2.jpg 640w, https:\/\/legacy.dia.edu.az\/wp-content\/uploads\/2021\/03\/hwq2-300x199.jpg 300w, https:\/\/legacy.dia.edu.az\/wp-content\/uploads\/2021\/03\/hwq2-16x12.jpg 16w, https:\/\/legacy.dia.edu.az\/wp-content\/uploads\/2021\/03\/hwq2-150x100.jpg 150w, https:\/\/legacy.dia.edu.az\/wp-content\/uploads\/2021\/03\/hwq2-300x199@2x.jpg 600w\" sizes=\"(max-width: 640px) 100vw, 640px\" \/><\/figure><\/li><li class=\"blocks-gallery-item\"><figure><img width=\"640\" height=\"424\" src=\"https:\/\/dia.edu.az\/wp-content\/uploads\/2021\/03\/hwq3.jpg\" alt=\"\" data-id=\"12502\" data-full-url=\"https:\/\/dia.edu.az\/wp-content\/uploads\/2021\/03\/hwq3.jpg\" data-link=\"https:\/\/dia.edu.az\/?attachment_id=12502\" class=\"wp-image-12502\" srcset=\"https:\/\/legacy.dia.edu.az\/wp-content\/uploads\/2021\/03\/hwq3.jpg 640w, https:\/\/legacy.dia.edu.az\/wp-content\/uploads\/2021\/03\/hwq3-300x199.jpg 300w, https:\/\/legacy.dia.edu.az\/wp-content\/uploads\/2021\/03\/hwq3-16x12.jpg 16w, https:\/\/legacy.dia.edu.az\/wp-content\/uploads\/2021\/03\/hwq3-150x100.jpg 150w, https:\/\/legacy.dia.edu.az\/wp-content\/uploads\/2021\/03\/hwq3-300x199@2x.jpg 600w\" sizes=\"(max-width: 640px) 100vw, 640px\" \/><\/figure><\/li><li class=\"blocks-gallery-item\"><figure><img width=\"640\" height=\"424\" src=\"https:\/\/dia.edu.az\/wp-content\/uploads\/2021\/03\/hwq4.jpg\" alt=\"\" data-id=\"12503\" data-full-url=\"https:\/\/dia.edu.az\/wp-content\/uploads\/2021\/03\/hwq4.jpg\" data-link=\"https:\/\/dia.edu.az\/?attachment_id=12503\" class=\"wp-image-12503\" srcset=\"https:\/\/legacy.dia.edu.az\/wp-content\/uploads\/2021\/03\/hwq4.jpg 640w, https:\/\/legacy.dia.edu.az\/wp-content\/uploads\/2021\/03\/hwq4-300x199.jpg 300w, https:\/\/legacy.dia.edu.az\/wp-content\/uploads\/2021\/03\/hwq4-16x12.jpg 16w, https:\/\/legacy.dia.edu.az\/wp-content\/uploads\/2021\/03\/hwq4-150x100.jpg 150w, https:\/\/legacy.dia.edu.az\/wp-content\/uploads\/2021\/03\/hwq4-300x199@2x.jpg 600w\" sizes=\"(max-width: 640px) 100vw, 640px\" \/><\/figure><\/li><\/ul><\/figure>","protected":false},"excerpt":{"rendered":"<p>D\u0130A H\u00fcquq Klubu H\u00fcquqi Bilikl\u0259r \u00fczr\u0259 yar\u0131\u015fma ke\u00e7irmi\u015fdirNoy 16 , 2016 &#8211; 11:41 Noyabr ay\u0131n\u0131n 16-da D\u00f6vl\u0259t \u0130dar\u0259\u00e7ilik Akademiyas\u0131n\u0131n H\u00fcquq Klubunun t\u0259\u015fkilat\u00e7\u0131l\u0131\u011f\u0131, \u0130nsan H\u00fcquqlar\u0131, demokratiya v\u0259 s\u00fclh probleml\u0259ri \u00fczr\u0259 YUNESKO m\u0259rk\u0259zinin d\u0259st\u0259yi il\u0259 &#8220;12 Noyabr Konstitusiya G\u00fcn\u00fc&#8221;n\u0259 h\u0259sr olunmu\u015f H\u00fcquqi Bilikl\u0259r \u00fczr\u0259 Yar\u0131\u015fma h\u0259yata ke\u00e7irilmi\u015fdir. D\u00f6vl\u0259t \u0130dar\u0259\u00e7ilik Akademiyas\u0131n\u0131n akt zal\u0131nda ba\u015f tutan t\u0259dbirin a\u00e7\u0131l\u0131\u015f\u0131nda D\u0130A-n\u0131n [&hellip;]<\/p>","protected":false},"author":2,"featured_media":12500,"comment_status":"closed","ping_status":"closed","sticky":false,"template":"","format":"standard","meta":[],"categories":[137],"tags":[],"_links":{"self":[{"href":"https:\/\/legacy.dia.edu.az\/en\/wp-json\/wp\/v2\/posts\/12499"}],"collection":[{"href":"https:\/\/legacy.dia.edu.az\/en\/wp-json\/wp\/v2\/posts"}],"about":[{"href":"https:\/\/legacy.dia.edu.az\/en\/wp-json\/wp\/v2\/types\/post"}],"author":[{"embeddable":true,"href":"https:\/\/legacy.dia.edu.az\/en\/wp-json\/wp\/v2\/users\/2"}],"replies":[{"embeddable":true,"href":"https:\/\/legacy.dia.edu.az\/en\/wp-json\/wp\/v2\/comments?post=12499"}],"version-history":[{"count":0,"href":"https:\/\/legacy.dia.edu.az\/en\/wp-json\/wp\/v2\/posts\/12499\/revisions"}],"wp:featuredmedia":[{"embeddable":true,"href":"https:\/\/legacy.dia.edu.az\/en\/wp-json\/wp\/v2\/media\/12500"}],"wp:attachment":[{"href":"https:\/\/legacy.dia.edu.az\/en\/wp-json\/wp\/v2\/media?parent=12499"}],"wp:term":[{"taxonomy":"category","embeddable":true,"href":"https:\/\/legacy.dia.edu.az\/en\/wp-json\/wp\/v2\/categories?post=12499"},{"taxonomy":"post_tag","embeddable":true,"href":"https:\/\/legacy.dia.edu.az\/en\/wp-json\/wp\/v2\/tags?post=12499"}],"curies":[{"name":"wp","href":"https:\/\/api.w.org\/{rel}","templated":true}]}}