{"id":12489,"date":"2016-11-17T01:38:00","date_gmt":"2016-11-16T22:38:00","guid":{"rendered":"https:\/\/dia.edu.az\/?p=12489"},"modified":"2021-03-16T01:39:29","modified_gmt":"2021-03-15T22:39:29","slug":"ankarada-davamli-inkisafin-h%c9%99d%c9%99fl%c9%99ri-2015-2030-az%c9%99rbaycan-t%c9%99crub%c9%99si-v%c9%99-beyn%c9%99lxalq-qiym%c9%99tl%c9%99ndirm%c9%99-movzusunda-seminar-kecirilib","status":"publish","type":"post","link":"https:\/\/legacy.dia.edu.az\/en\/arxivl\u0259r\/12489","title":{"rendered":"Ankarada \u201cDavaml\u0131 \u0130nki\u015faf\u0131n h\u0259d\u0259fl\u0259ri 2015-2030: Az\u0259rbaycan t\u0259cr\u00fcb\u0259si v\u0259 beyn\u0259lxalq qiym\u0259tl\u0259ndirm\u0259\u201d m\u00f6vzusunda seminar ke\u00e7irilib"},"content":{"rendered":"<p><strong>Ankarada \u201cDavaml\u0131 \u0130nki\u015faf\u0131n h\u0259d\u0259fl\u0259ri 2015-2030: Az\u0259rbaycan t\u0259cr\u00fcb\u0259si v\u0259 beyn\u0259lxalq qiym\u0259tl\u0259ndirm\u0259\u201d m\u00f6vzusunda seminar ke\u00e7irilib<\/strong><br><em>Noy 17 , 2016 &#8211; 01:20<\/em><\/p>\n\n\n\n<p>Az\u0259rbaycan Respublikas\u0131n\u0131n Prezidenti yan\u0131nda D\u00f6vl\u0259t \u0130dar\u0259\u00e7ilik Akademiyas\u0131n\u0131n rektoru, akademik Urxan \u018fl\u0259kb\u0259rov v\u0259 &nbsp;Elmi T\u0259\u015fkilat \u015f\u00f6b\u0259sinin m\u00fcdiri, dosent R\u0259c\u0259b R\u0259himli Ankarada T\u00fcrkiy\u0259 v\u0259 Orta \u015e\u0259rq D\u00f6vl\u0259t \u0130dar\u0259\u00e7ilik \u0130nstitutunda (TODA\u0130E) d\u00f6vl\u0259t qulluq\u00e7ular\u0131 \u00fc\u00e7\u00fcn t\u0259\u015fkil olunan&nbsp; seminarda i\u015ftirak edibl\u0259r. \u201cDavaml\u0131 \u0130nki\u015faf\u0131n h\u0259d\u0259fl\u0259ri 2015-2030: Az\u0259rbaycan t\u0259cr\u00fcb\u0259si v\u0259 beyn\u0259lxalq qiym\u0259tl\u0259ndirm\u0259\u201d m\u00f6vzusunda seminarda elm adamlar\u0131 v\u0259 22 \u00f6lk\u0259d\u0259n olan doktorant v\u0259 g\u0259nc t\u0259dqiqat\u00e7\u0131lar i\u015ftirak edibl\u0259r. Seminarda t\u0259qdim olunmu\u015f m\u0259ruz\u0259sind\u0259 D\u0130A-n\u0131n rektoru, akademik U.\u018fl\u0259kb\u0259rov \u00f6lk\u0259mizin innovativ t\u0259r\u0259qqisi il\u0259 ba\u011fl\u0131 BMT v\u0259 dig\u0259r n\u00fcfuzlu beyn\u0259lxalq qurumlar\u0131n qiym\u0259tl\u0259ndirm\u0259l\u0259rin\u0259 \u0259saslanan t\u0259hlill\u0259ri i\u015ftirak\u00e7\u0131lar\u0131n diqq\u0259tin\u0259 \u00e7atd\u0131r\u0131b. \u00d6lk\u0259mizin \u201cG 7\u201d qrupuna daxil olan d\u00f6vl\u0259tl\u0259rl\u0259 m\u00fcqayis\u0259d\u0259 g\u00f6z\u0259\u00e7arpan inki\u015faf g\u00f6st\u0259ricil\u0259ri auditoriyan\u0131n b\u00f6y\u00fck mara\u011f\u0131na s\u0259b\u0259b olub. \u00c7\u0131x\u0131\u015f zaman\u0131 x\u00fcsusi vur\u011fulan\u0131b ki, m\u00fch\u00fcm iqtisadi nailiyy\u0259tl\u0259r Erm\u0259nistanla m\u00fcnaqi\u015f\u0259 v\u0259 torpaqlar\u0131m\u0131z\u0131n 20 faizinin i\u015f\u011fal\u0131 fonunda \u0259ld\u0259 edilib, bu probleml\u0259r olmasayd\u0131 qazan\u0131lacaq u\u011furlar\u0131n miqyas\u0131 daha b\u00f6y\u00fck olard\u0131.<\/p>\n\n\n\n<p>&nbsp;T\u0259dbird\u0259 \u00e7\u0131x\u0131\u015f ed\u0259n Az\u0259rbaycan Respublikas\u0131n\u0131n Prezidenti yan\u0131nda D\u00f6vl\u0259t \u0130dar\u0259\u00e7ilik Akademiyas\u0131n\u0131n Elmi T\u0259\u015fkilat \u015f\u00f6b\u0259sinin m\u00fcdiri, dosent R\u0259c\u0259b R\u0259himli 25 illik m\u00fcst\u0259qillik d\u00f6vr\u00fcnd\u0259 Az\u0259rbaycan\u0131n d\u00f6vl\u0259t qullu\u011fu sistemind\u0259 apar\u0131lan islahatlar, d\u00f6vl\u0259t idar\u0259\u00e7iliyi kadrlar\u0131n\u0131n t\u0259kmill\u0259\u015fdirilm\u0259si t\u0259dbirl\u0259ri bar\u0259d\u0259 m\u0259lumat verib.<\/p>\n\n\n\n<p>&nbsp;Yekunda respublikam\u0131zda v\u0259 b\u00f6lg\u0259d\u0259 ba\u015f ver\u0259n prosesl\u0259rin d\u00fcnyaya \u00e7atd\u0131r\u0131lmas\u0131nda, eyni zamanda, T\u00fcrkiy\u0259 tarixinin, m\u0259d\u0259niyy\u0259tinin \u00f6yr\u0259nilm\u0259si v\u0259 t\u0259hsil t\u0259cr\u00fcb\u0259sind\u0259n istifad\u0259 edilm\u0259si bax\u0131m\u0131ndan bel\u0259 seminarlar\u0131n \u0259h\u0259miyy\u0259ti diqq\u0259t\u0259 \u00e7atd\u0131r\u0131l\u0131b.<\/p>\n\n\n\n<p>Daha sonra seminar i\u015ftirak\u00e7\u0131lar\u0131n\u0131 maraqland\u0131ran suallar cavabland\u0131r\u0131l\u0131b.<\/p>\n\n\n\n<p><\/p>\n\n\n\n<figure class=\"wp-container-2 wp-block-gallery-1 wp-block-gallery columns-3 is-cropped\"><ul class=\"blocks-gallery-grid\"><li class=\"blocks-gallery-item\"><figure><img width=\"640\" height=\"480\" src=\"https:\/\/dia.edu.az\/wp-content\/uploads\/2021\/03\/todae1.jpg\" alt=\"\" data-id=\"12490\" data-full-url=\"https:\/\/dia.edu.az\/wp-content\/uploads\/2021\/03\/todae1.jpg\" data-link=\"https:\/\/dia.edu.az\/?attachment_id=12490\" class=\"wp-image-12490\" srcset=\"https:\/\/legacy.dia.edu.az\/wp-content\/uploads\/2021\/03\/todae1.jpg 640w, https:\/\/legacy.dia.edu.az\/wp-content\/uploads\/2021\/03\/todae1-300x225.jpg 300w, https:\/\/legacy.dia.edu.az\/wp-content\/uploads\/2021\/03\/todae1-16x12.jpg 16w, https:\/\/legacy.dia.edu.az\/wp-content\/uploads\/2021\/03\/todae1-300x225@2x.jpg 600w\" sizes=\"(max-width: 640px) 100vw, 640px\" \/><\/figure><\/li><li class=\"blocks-gallery-item\"><figure><img width=\"640\" height=\"480\" src=\"https:\/\/dia.edu.az\/wp-content\/uploads\/2021\/03\/todae2.jpg\" alt=\"\" data-id=\"12491\" data-full-url=\"https:\/\/dia.edu.az\/wp-content\/uploads\/2021\/03\/todae2.jpg\" data-link=\"https:\/\/dia.edu.az\/?attachment_id=12491\" class=\"wp-image-12491\" srcset=\"https:\/\/legacy.dia.edu.az\/wp-content\/uploads\/2021\/03\/todae2.jpg 640w, https:\/\/legacy.dia.edu.az\/wp-content\/uploads\/2021\/03\/todae2-300x225.jpg 300w, https:\/\/legacy.dia.edu.az\/wp-content\/uploads\/2021\/03\/todae2-16x12.jpg 16w, https:\/\/legacy.dia.edu.az\/wp-content\/uploads\/2021\/03\/todae2-300x225@2x.jpg 600w\" sizes=\"(max-width: 640px) 100vw, 640px\" \/><\/figure><\/li><li class=\"blocks-gallery-item\"><figure><img width=\"640\" height=\"480\" src=\"https:\/\/dia.edu.az\/wp-content\/uploads\/2021\/03\/todae3.jpg\" alt=\"\" data-id=\"12492\" data-full-url=\"https:\/\/dia.edu.az\/wp-content\/uploads\/2021\/03\/todae3.jpg\" data-link=\"https:\/\/dia.edu.az\/?attachment_id=12492\" class=\"wp-image-12492\" srcset=\"https:\/\/legacy.dia.edu.az\/wp-content\/uploads\/2021\/03\/todae3.jpg 640w, https:\/\/legacy.dia.edu.az\/wp-content\/uploads\/2021\/03\/todae3-300x225.jpg 300w, https:\/\/legacy.dia.edu.az\/wp-content\/uploads\/2021\/03\/todae3-16x12.jpg 16w, https:\/\/legacy.dia.edu.az\/wp-content\/uploads\/2021\/03\/todae3-300x225@2x.jpg 600w\" sizes=\"(max-width: 640px) 100vw, 640px\" \/><\/figure><\/li><li class=\"blocks-gallery-item\"><figure><img width=\"640\" height=\"480\" src=\"https:\/\/dia.edu.az\/wp-content\/uploads\/2021\/03\/todae4.jpg\" alt=\"\" data-id=\"12493\" data-full-url=\"https:\/\/dia.edu.az\/wp-content\/uploads\/2021\/03\/todae4.jpg\" data-link=\"https:\/\/dia.edu.az\/?attachment_id=12493\" class=\"wp-image-12493\" srcset=\"https:\/\/legacy.dia.edu.az\/wp-content\/uploads\/2021\/03\/todae4.jpg 640w, https:\/\/legacy.dia.edu.az\/wp-content\/uploads\/2021\/03\/todae4-300x225.jpg 300w, https:\/\/legacy.dia.edu.az\/wp-content\/uploads\/2021\/03\/todae4-16x12.jpg 16w, https:\/\/legacy.dia.edu.az\/wp-content\/uploads\/2021\/03\/todae4-300x225@2x.jpg 600w\" sizes=\"(max-width: 640px) 100vw, 640px\" \/><\/figure><\/li><\/ul><\/figure>","protected":false},"excerpt":{"rendered":"<p>Ankarada \u201cDavaml\u0131 \u0130nki\u015faf\u0131n h\u0259d\u0259fl\u0259ri 2015-2030: Az\u0259rbaycan t\u0259cr\u00fcb\u0259si v\u0259 beyn\u0259lxalq qiym\u0259tl\u0259ndirm\u0259\u201d m\u00f6vzusunda seminar ke\u00e7irilibNoy 17 , 2016 &#8211; 01:20 Az\u0259rbaycan Respublikas\u0131n\u0131n Prezidenti yan\u0131nda D\u00f6vl\u0259t \u0130dar\u0259\u00e7ilik Akademiyas\u0131n\u0131n rektoru, akademik Urxan \u018fl\u0259kb\u0259rov v\u0259 &nbsp;Elmi T\u0259\u015fkilat \u015f\u00f6b\u0259sinin m\u00fcdiri, dosent R\u0259c\u0259b R\u0259himli Ankarada T\u00fcrkiy\u0259 v\u0259 Orta \u015e\u0259rq D\u00f6vl\u0259t \u0130dar\u0259\u00e7ilik \u0130nstitutunda (TODA\u0130E) d\u00f6vl\u0259t qulluq\u00e7ular\u0131 \u00fc\u00e7\u00fcn t\u0259\u015fkil olunan&nbsp; seminarda i\u015ftirak edibl\u0259r. \u201cDavaml\u0131 [&hellip;]<\/p>","protected":false},"author":2,"featured_media":12493,"comment_status":"closed","ping_status":"closed","sticky":false,"template":"","format":"standard","meta":[],"categories":[137],"tags":[],"_links":{"self":[{"href":"https:\/\/legacy.dia.edu.az\/en\/wp-json\/wp\/v2\/posts\/12489"}],"collection":[{"href":"https:\/\/legacy.dia.edu.az\/en\/wp-json\/wp\/v2\/posts"}],"about":[{"href":"https:\/\/legacy.dia.edu.az\/en\/wp-json\/wp\/v2\/types\/post"}],"author":[{"embeddable":true,"href":"https:\/\/legacy.dia.edu.az\/en\/wp-json\/wp\/v2\/users\/2"}],"replies":[{"embeddable":true,"href":"https:\/\/legacy.dia.edu.az\/en\/wp-json\/wp\/v2\/comments?post=12489"}],"version-history":[{"count":0,"href":"https:\/\/legacy.dia.edu.az\/en\/wp-json\/wp\/v2\/posts\/12489\/revisions"}],"wp:featuredmedia":[{"embeddable":true,"href":"https:\/\/legacy.dia.edu.az\/en\/wp-json\/wp\/v2\/media\/12493"}],"wp:attachment":[{"href":"https:\/\/legacy.dia.edu.az\/en\/wp-json\/wp\/v2\/media?parent=12489"}],"wp:term":[{"taxonomy":"category","embeddable":true,"href":"https:\/\/legacy.dia.edu.az\/en\/wp-json\/wp\/v2\/categories?post=12489"},{"taxonomy":"post_tag","embeddable":true,"href":"https:\/\/legacy.dia.edu.az\/en\/wp-json\/wp\/v2\/tags?post=12489"}],"curies":[{"name":"wp","href":"https:\/\/api.w.org\/{rel}","templated":true}]}}