{"id":12476,"date":"2016-12-02T01:34:00","date_gmt":"2016-12-01T22:34:00","guid":{"rendered":"https:\/\/dia.edu.az\/?p=12476"},"modified":"2021-03-16T01:35:45","modified_gmt":"2021-03-15T22:35:45","slug":"dovl%c9%99t-idar%c9%99cilik-akademiyasinda-az%c9%99rbaycanda-dovl%c9%99t-ail%c9%99-qadin-v%c9%99-usaq-siyas%c9%99ti-v%c9%99-b%c9%99l%c9%99diyy%c9%99-idar%c9%99ciliyinin-akt","status":"publish","type":"post","link":"https:\/\/legacy.dia.edu.az\/en\/arxivl\u0259r\/12476","title":{"rendered":"D\u00f6vl\u0259t \u0130dar\u0259\u00e7ilik Akademiyas\u0131nda \u201cAz\u0259rbaycanda d\u00f6vl\u0259t ail\u0259, qad\u0131n v\u0259 u\u015faq siyas\u0259ti\u201d v\u0259 \u201cB\u0259l\u0259diyy\u0259 \u0130dar\u0259\u00e7iliyinin Aktual Probleml\u0259ri\u201d istiqam\u0259tl\u0259ri \u00fczr\u0259 q\u0131sam\u00fcdd\u0259tli ixtisasart\u0131rma kurslar\u0131 ke\u00e7irilmi\u015fdir"},"content":{"rendered":"<p><\/p>\n\n\n\n<p><strong>D\u00f6vl\u0259t \u0130dar\u0259\u00e7ilik Akademiyas\u0131nda \u201cAz\u0259rbaycanda d\u00f6vl\u0259t ail\u0259, qad\u0131n v\u0259 u\u015faq siyas\u0259ti\u201d v\u0259 \u201cB\u0259l\u0259diyy\u0259 \u0130dar\u0259\u00e7iliyinin Aktual Probleml\u0259ri\u201d istiqam\u0259tl\u0259ri \u00fczr\u0259 q\u0131sam\u00fcdd\u0259tli ixtisasart\u0131rma kurslar\u0131 ke\u00e7irilmi\u015fdir<\/strong><br><em>Dek 02 , 2016 &#8211; 11:23<\/em><\/p>\n\n\n\n<p>28 noyabr 02 dekabr 2016-c\u0131 il tarixl\u0259rind\u0259 Az\u0259rbaycan Respublikas\u0131n\u0131n Prezidenti yan\u0131nda D\u00f6vl\u0259t \u0130dar\u0259\u00e7ilik Akademiyas\u0131nda \u201cAz\u0259rbaycanda d\u00f6vl\u0259t ail\u0259, qad\u0131n v\u0259 u\u015faq siyas\u0259ti\u201d v\u0259 \u201cB\u0259l\u0259diyy\u0259 idar\u0259\u00e7iliyinin aktual probleml\u0259ri\u201d istiqam\u0259tl\u0259ri \u00fczr\u0259q\u0131sam\u00fcdd\u0259tli &nbsp;ixtisasart\u0131rma kurslar\u0131 ke\u00e7irilmi\u015fdir. Kurslara d\u00f6vl\u0259t orqanlar\u0131nda \u00e7al\u0131\u015fan m\u00fcvafiq d\u00f6vl\u0259t qulluq\u00e7ular\u0131 v\u0259 b\u0259l\u0259diyy\u0259 s\u0259drl\u0259ri c\u0259lb olunmu\u015flar.<\/p>\n\n\n\n<p>&nbsp;&nbsp;&nbsp;&nbsp; &nbsp;&nbsp;&nbsp; Bu istiqam\u0259td\u0259 kursun \u0259sas m\u0259qs\u0259di \u201cAz\u0259rbaycanda D\u00f6vl\u0259t Ail\u0259, Qad\u0131n v\u0259 U\u015faq siyas\u0259ti\u201d&nbsp; istiqam\u0259ti \u00fczr\u0259 ail\u0259, qad\u0131n v\u0259 u\u015faq siyas\u0259tinin h\u0259yata ke\u00e7irilm\u0259sind\u0259 ictimai-siyasi t\u0259\u015fkilatlar\u0131n rolu, qad\u0131nlar\u0131n ictimai-siyasi f\u0259all\u0131\u011f\u0131n\u0131n t\u0259min olunmas\u0131nda c\u0259miyy\u0259tin inki\u015faf\u0131nda rolu, islamda ail\u0259 v\u0259 nigah m\u0259s\u0259l\u0259l\u0259rin\u0259 yana\u015fma, erk\u0259n v\u0259 qeyri-r\u0259smi nigahlar, ail\u0259 siyas\u0259tind\u0259 m\u00f6vcud probleml\u0259r, \u201cB\u0259l\u0259diyy\u0259 idar\u0259\u00e7iliyinin aktual probleml\u0259ri\u201d istiqam\u0259tl\u0259ri \u00fczr\u0259ke\u00e7iril\u0259n kursda Az\u0259rbaycanda yerli \u00f6z\u00fcn\u00fcidar\u0259etm\u0259 inki\u015faf\u0131n\u0131n prioritet istiqam\u0259tl\u0259ri, b\u0259l\u0259diyy\u0259 f\u0259aliyy\u0259tinin t\u0259\u015fkili istiqam\u0259tl\u0259ri, yerli \u00f6z\u00fcn\u00fcidar\u0259etm\u0259nin h\u00fcquqi \u0259saslar\u0131 v\u0259 h\u00fcquqi t\u0259minatlar\u0131, b\u0259l\u0259diyy\u0259l\u0259rin funksiyalar\u0131, s\u0259lahiyy\u0259tl\u0259ri v\u0259 v\u0259zif\u0259l\u0259ri-yerli inki\u015faf proqramlar\u0131 v\u0259 s. probleml\u0259rl\u0259&nbsp; ba\u011fl\u0131 bilikl\u0259rin dinl\u0259yicil\u0259r\u0259 \u00e7atd\u0131r\u0131lmas\u0131 v\u0259 onlar il\u0259 fikir m\u00fcbadil\u0259sinin apar\u0131lmas\u0131 oldu.<\/p>\n\n\n\n<p>&nbsp;&nbsp;&nbsp; &nbsp;&nbsp;&nbsp;&nbsp; &nbsp;Kurs \u0259rzind\u0259 \u201cAz\u0259rbaycanda d\u00f6vl\u0259t ail\u0259, qad\u0131n v\u0259 u\u015faq siyas\u0259ti\u201d istiqam\u0259ti \u00fczr\u0259 -Prezidenti Administrasiyas\u0131 \u0130ctimai-siyasi m\u0259s\u0259l\u0259l\u0259r \u015f\u00f6b\u0259sinin sektor m\u00fcdiri Elman Pa\u015fayev, Milli M\u0259clisinin Sosial Siyas\u0259t Komit\u0259sinin s\u0259dri Hadi R\u0259c\u0259bli, Ail\u0259 Qad\u0131n v\u0259 U\u015faq Probleml\u0259ri \u00fczr\u0259 D\u00f6vl\u0259t Komit\u0259sinin s\u0259dri Hicran H\u00fcseynova, s\u0259dr m\u00fcavinl\u0259ri S\u0259daq\u0259t Q\u0259hr\u0259manova, Aynur Sofiyeva, Aparat r\u0259hb\u0259ri Ceyran R\u0259hm\u0259tullayeva, h\u00fcquq \u015f\u00f6b\u0259sinin m\u00fcdiri Taliy\u0259 \u0130brahimova, Dini Qurumlarla i\u015f \u00fczr\u0259 D\u00f6vl\u0259t Komit\u0259sinin s\u0259dr m\u00fcavini Siyavu\u015f Heyd\u0259rov, \u018fm\u0259k v\u0259 \u018fhalinin Sosial M\u00fcdafi\u0259si nazirliyinin \u015f\u00f6b\u0259 m\u00fcdirnin m\u00fcavini R\u0259na Abdullayeva, Daxili \u0130\u015fl\u0259r nazirliyinin \u015f\u00f6b\u0259 r\u0259isi \u0130lkin Qurbanov, \u018fdliyy\u0259 nazirliyinin \u0130cra ba\u015f idar\u0259sinin r\u0259is m\u00fcavini F\u0259rid \u018ff\u0259ndiyev, M\u0259d\u0259niyy\u0259t v\u0259 Turizm nazirliyinin sektor m\u00fcdiri, Prezidenti yan\u0131nda Qeyri-H\u00f6kum\u0259t T\u0259\u015fkilatlar\u0131na D\u00f6vl\u0259t D\u0259st\u0259yi \u015euras\u0131n\u0131n Katibliyinin icra\u00e7\u0131 direktoru F\u0259ras\u0259t Qurbanov, &nbsp;D\u0130A-n\u0131n professoru Fuad M\u0259mm\u0259dov, \u201cB\u0259l\u0259diyy\u0259 idar\u0259\u00e7iliyinin aktual probleml\u0259ri\u201d istiqam\u0259tl\u0259ri \u00fczr\u0259 is\u0259 Milli M\u0259clisinin Regional M\u0259s\u0259l\u0259l\u0259r Komit\u0259sinin s\u0259dri Arif R\u0259himzad\u0259, mill\u0259t v\u0259kili Tahir Rzayev, mill\u0259t v\u0259kili Kamran Bayramov, D\u0130A-n\u0131n professoru Xatir\u0259 H\u00fcseynova, T\u00fcrkiy\u0259 v\u0259 Orta \u015e\u0259rq D\u00f6vl\u0259t \u0130dar\u0259\u00e7iliyi \u0130nstitutunun (TODA\u0130E) tan\u0131nm\u0131\u015f aliml\u0259ri professor Asl\u0131 Akay, dosent H\u00fcseyin Bayraktar, dosent Selim \u00c7apar, professor Nese Songur, professor Alper \u00c7abuk v\u0259 dig\u0259rl\u0259ri m\u00fcxt\u0259lif m\u00f6vzularda m\u00fchazir\u0259l\u0259rl\u0259 \u00e7\u0131x\u0131\u015f etmi\u015fl\u0259r.&nbsp;<\/p>\n\n\n\n<p>\u00a0\u00a0\u00a0\u00a0 \u00a0\u00a0\u00a0 Kurslar\u0131n sonunda \u00a0Ail\u0259 Qad\u0131n v\u0259 U\u015faq Probleml\u0259ri \u00fczr\u0259 D\u00f6vl\u0259t Komit\u0259sinin s\u0259dri Hicran H\u00fcseynova, D\u00f6vl\u0259t \u0130dar\u0259\u00e7ilik Akademiyas\u0131n\u0131n rektoru, akademik Urxan \u018fl\u0259kb\u0259rov v\u0259 Akademiyan\u0131n I t\u0259dris i\u015fl\u0259ri \u00fczr\u0259 prorektoru professor \u018flikram Abdullayev kursu m\u00fcv\u0259ff\u0259qiyy\u0259tl\u0259 bitirdikl\u0259rin\u0259 g\u00f6r\u0259 dinl\u0259yicil\u0259r\u0259 sertifikatlar t\u0259qdim ed\u0259r\u0259k g\u0259l\u0259c\u0259k i\u015fl\u0259rind\u0259 u\u011furlar arzu etmi\u015fl\u0259r.<\/p>\n\n\n\n<p><\/p>\n\n\n\n<figure class=\"wp-container-2 wp-block-gallery-1 wp-block-gallery columns-3 is-cropped\"><ul class=\"blocks-gallery-grid\"><li class=\"blocks-gallery-item\"><figure><img width=\"640\" height=\"457\" src=\"https:\/\/dia.edu.az\/wp-content\/uploads\/2021\/03\/aq1.jpg\" alt=\"\" data-id=\"12477\" data-full-url=\"https:\/\/dia.edu.az\/wp-content\/uploads\/2021\/03\/aq1.jpg\" data-link=\"https:\/\/dia.edu.az\/?attachment_id=12477\" class=\"wp-image-12477\" srcset=\"https:\/\/legacy.dia.edu.az\/wp-content\/uploads\/2021\/03\/aq1.jpg 640w, https:\/\/legacy.dia.edu.az\/wp-content\/uploads\/2021\/03\/aq1-300x214.jpg 300w, https:\/\/legacy.dia.edu.az\/wp-content\/uploads\/2021\/03\/aq1-16x12.jpg 16w, https:\/\/legacy.dia.edu.az\/wp-content\/uploads\/2021\/03\/aq1-300x214@2x.jpg 600w\" sizes=\"(max-width: 640px) 100vw, 640px\" \/><\/figure><\/li><li class=\"blocks-gallery-item\"><figure><img width=\"640\" height=\"457\" src=\"https:\/\/dia.edu.az\/wp-content\/uploads\/2021\/03\/aq2.jpg\" alt=\"\" data-id=\"12478\" data-full-url=\"https:\/\/dia.edu.az\/wp-content\/uploads\/2021\/03\/aq2.jpg\" data-link=\"https:\/\/dia.edu.az\/?attachment_id=12478\" class=\"wp-image-12478\" srcset=\"https:\/\/legacy.dia.edu.az\/wp-content\/uploads\/2021\/03\/aq2.jpg 640w, https:\/\/legacy.dia.edu.az\/wp-content\/uploads\/2021\/03\/aq2-300x214.jpg 300w, https:\/\/legacy.dia.edu.az\/wp-content\/uploads\/2021\/03\/aq2-16x12.jpg 16w, https:\/\/legacy.dia.edu.az\/wp-content\/uploads\/2021\/03\/aq2-300x214@2x.jpg 600w\" sizes=\"(max-width: 640px) 100vw, 640px\" \/><\/figure><\/li><li class=\"blocks-gallery-item\"><figure><img width=\"640\" height=\"424\" src=\"https:\/\/dia.edu.az\/wp-content\/uploads\/2021\/03\/aq3.jpg\" alt=\"\" data-id=\"12479\" data-full-url=\"https:\/\/dia.edu.az\/wp-content\/uploads\/2021\/03\/aq3.jpg\" data-link=\"https:\/\/dia.edu.az\/?attachment_id=12479\" class=\"wp-image-12479\" srcset=\"https:\/\/legacy.dia.edu.az\/wp-content\/uploads\/2021\/03\/aq3.jpg 640w, https:\/\/legacy.dia.edu.az\/wp-content\/uploads\/2021\/03\/aq3-300x199.jpg 300w, https:\/\/legacy.dia.edu.az\/wp-content\/uploads\/2021\/03\/aq3-16x12.jpg 16w, https:\/\/legacy.dia.edu.az\/wp-content\/uploads\/2021\/03\/aq3-150x100.jpg 150w, https:\/\/legacy.dia.edu.az\/wp-content\/uploads\/2021\/03\/aq3-300x199@2x.jpg 600w\" sizes=\"(max-width: 640px) 100vw, 640px\" \/><\/figure><\/li><li class=\"blocks-gallery-item\"><figure><img width=\"640\" height=\"457\" src=\"https:\/\/dia.edu.az\/wp-content\/uploads\/2021\/03\/aq4.jpg\" alt=\"\" data-id=\"12480\" data-full-url=\"https:\/\/dia.edu.az\/wp-content\/uploads\/2021\/03\/aq4.jpg\" data-link=\"https:\/\/dia.edu.az\/?attachment_id=12480\" class=\"wp-image-12480\" srcset=\"https:\/\/legacy.dia.edu.az\/wp-content\/uploads\/2021\/03\/aq4.jpg 640w, https:\/\/legacy.dia.edu.az\/wp-content\/uploads\/2021\/03\/aq4-300x214.jpg 300w, https:\/\/legacy.dia.edu.az\/wp-content\/uploads\/2021\/03\/aq4-16x12.jpg 16w, https:\/\/legacy.dia.edu.az\/wp-content\/uploads\/2021\/03\/aq4-300x214@2x.jpg 600w\" sizes=\"(max-width: 640px) 100vw, 640px\" \/><\/figure><\/li><li class=\"blocks-gallery-item\"><figure><img width=\"640\" height=\"457\" src=\"https:\/\/dia.edu.az\/wp-content\/uploads\/2021\/03\/gul.jpg\" alt=\"\" data-id=\"12481\" data-full-url=\"https:\/\/dia.edu.az\/wp-content\/uploads\/2021\/03\/gul.jpg\" data-link=\"https:\/\/dia.edu.az\/?attachment_id=12481\" class=\"wp-image-12481\" srcset=\"https:\/\/legacy.dia.edu.az\/wp-content\/uploads\/2021\/03\/gul.jpg 640w, https:\/\/legacy.dia.edu.az\/wp-content\/uploads\/2021\/03\/gul-300x214.jpg 300w, https:\/\/legacy.dia.edu.az\/wp-content\/uploads\/2021\/03\/gul-16x12.jpg 16w, https:\/\/legacy.dia.edu.az\/wp-content\/uploads\/2021\/03\/gul-300x214@2x.jpg 600w\" sizes=\"(max-width: 640px) 100vw, 640px\" \/><\/figure><\/li><li class=\"blocks-gallery-item\"><figure><img width=\"640\" height=\"424\" src=\"https:\/\/dia.edu.az\/wp-content\/uploads\/2021\/03\/hadi.jpg\" alt=\"\" data-id=\"12482\" data-full-url=\"https:\/\/dia.edu.az\/wp-content\/uploads\/2021\/03\/hadi.jpg\" data-link=\"https:\/\/dia.edu.az\/?attachment_id=12482\" class=\"wp-image-12482\" srcset=\"https:\/\/legacy.dia.edu.az\/wp-content\/uploads\/2021\/03\/hadi.jpg 640w, https:\/\/legacy.dia.edu.az\/wp-content\/uploads\/2021\/03\/hadi-300x199.jpg 300w, https:\/\/legacy.dia.edu.az\/wp-content\/uploads\/2021\/03\/hadi-16x12.jpg 16w, https:\/\/legacy.dia.edu.az\/wp-content\/uploads\/2021\/03\/hadi-150x100.jpg 150w, https:\/\/legacy.dia.edu.az\/wp-content\/uploads\/2021\/03\/hadi-300x199@2x.jpg 600w\" sizes=\"(max-width: 640px) 100vw, 640px\" \/><\/figure><\/li><\/ul><\/figure>","protected":false},"excerpt":{"rendered":"<p>D\u00f6vl\u0259t \u0130dar\u0259\u00e7ilik Akademiyas\u0131nda \u201cAz\u0259rbaycanda d\u00f6vl\u0259t ail\u0259, qad\u0131n v\u0259 u\u015faq siyas\u0259ti\u201d v\u0259 \u201cB\u0259l\u0259diyy\u0259 \u0130dar\u0259\u00e7iliyinin Aktual Probleml\u0259ri\u201d istiqam\u0259tl\u0259ri \u00fczr\u0259 q\u0131sam\u00fcdd\u0259tli ixtisasart\u0131rma kurslar\u0131 ke\u00e7irilmi\u015fdirDek 02 , 2016 &#8211; 11:23 28 noyabr 02 dekabr 2016-c\u0131 il tarixl\u0259rind\u0259 Az\u0259rbaycan Respublikas\u0131n\u0131n Prezidenti yan\u0131nda D\u00f6vl\u0259t \u0130dar\u0259\u00e7ilik Akademiyas\u0131nda \u201cAz\u0259rbaycanda d\u00f6vl\u0259t ail\u0259, qad\u0131n v\u0259 u\u015faq siyas\u0259ti\u201d v\u0259 \u201cB\u0259l\u0259diyy\u0259 idar\u0259\u00e7iliyinin aktual probleml\u0259ri\u201d istiqam\u0259tl\u0259ri \u00fczr\u0259q\u0131sam\u00fcdd\u0259tli &nbsp;ixtisasart\u0131rma [&hellip;]<\/p>","protected":false},"author":2,"featured_media":12480,"comment_status":"closed","ping_status":"closed","sticky":false,"template":"","format":"standard","meta":[],"categories":[137],"tags":[],"_links":{"self":[{"href":"https:\/\/legacy.dia.edu.az\/en\/wp-json\/wp\/v2\/posts\/12476"}],"collection":[{"href":"https:\/\/legacy.dia.edu.az\/en\/wp-json\/wp\/v2\/posts"}],"about":[{"href":"https:\/\/legacy.dia.edu.az\/en\/wp-json\/wp\/v2\/types\/post"}],"author":[{"embeddable":true,"href":"https:\/\/legacy.dia.edu.az\/en\/wp-json\/wp\/v2\/users\/2"}],"replies":[{"embeddable":true,"href":"https:\/\/legacy.dia.edu.az\/en\/wp-json\/wp\/v2\/comments?post=12476"}],"version-history":[{"count":0,"href":"https:\/\/legacy.dia.edu.az\/en\/wp-json\/wp\/v2\/posts\/12476\/revisions"}],"wp:featuredmedia":[{"embeddable":true,"href":"https:\/\/legacy.dia.edu.az\/en\/wp-json\/wp\/v2\/media\/12480"}],"wp:attachment":[{"href":"https:\/\/legacy.dia.edu.az\/en\/wp-json\/wp\/v2\/media?parent=12476"}],"wp:term":[{"taxonomy":"category","embeddable":true,"href":"https:\/\/legacy.dia.edu.az\/en\/wp-json\/wp\/v2\/categories?post=12476"},{"taxonomy":"post_tag","embeddable":true,"href":"https:\/\/legacy.dia.edu.az\/en\/wp-json\/wp\/v2\/tags?post=12476"}],"curies":[{"name":"wp","href":"https:\/\/api.w.org\/{rel}","templated":true}]}}