{"id":12459,"date":"2016-12-11T01:27:00","date_gmt":"2016-12-10T22:27:00","guid":{"rendered":"https:\/\/dia.edu.az\/?p=12459"},"modified":"2021-03-16T01:28:17","modified_gmt":"2021-03-15T22:28:17","slug":"az%c9%99rbaycan-respublikasinin-prezidenti-yaninda-dovl%c9%99t-idar%c9%99cilik-akademiyasinin-v%c9%99-yap-suraxani-rayon-t%c9%99skilatinin-birg%c9%99-t%c9%99skilatciligi-il%c9%99-umummilli-lider-heyd","status":"publish","type":"post","link":"https:\/\/legacy.dia.edu.az\/en\/arxivl\u0259r\/12459","title":{"rendered":"Az\u0259rbaycan Respublikas\u0131n\u0131n Prezidenti Yan\u0131nda D\u00f6vl\u0259t \u0130dar\u0259\u00e7ilik Akademiyas\u0131n\u0131n v\u0259 YAP Suraxan\u0131 rayon t\u0259\u015fkilat\u0131n\u0131n birg\u0259 t\u0259\u015fkilat\u00e7\u0131l\u0131\u011f\u0131 il\u0259 \u00fcmummilli lider Heyd\u0259r \u018fliyevin xatir\u0259sin\u0259 h\u0259sr olunmu\u015f silsil\u0259 t\u0259dbirl\u0259r ke\u00e7irilir"},"content":{"rendered":"<p><\/p>\n\n\n\n<p><\/p>\n\n\n\n<p><strong>Az\u0259rbaycan Respublikas\u0131n\u0131n Prezidenti Yan\u0131nda D\u00f6vl\u0259t \u0130dar\u0259\u00e7ilik Akademiyas\u0131n\u0131n v\u0259 YAP Suraxan\u0131 rayon t\u0259\u015fkilat\u0131n\u0131n birg\u0259 t\u0259\u015fkilat\u00e7\u0131l\u0131\u011f\u0131 il\u0259 \u00fcmummilli lider Heyd\u0259r \u018fliyevin xatir\u0259sin\u0259 h\u0259sr olunmu\u015f silsil\u0259 t\u0259dbirl\u0259r ke\u00e7irilir<\/strong><br><em>Dek 11 , 2016 &#8211; 04:42<\/em><\/p>\n\n\n\n<p>Suraxan\u0131 rayonu Heyd\u0259r \u018fliyev M\u0259rk\u0259zinin, rayon icra hakimiyy\u0259tinin, Az\u0259rbaycan Respublikas\u0131n\u0131n Prezidenti Yan\u0131nda D\u00f6vl\u0259t \u0130dar\u0259\u00e7ilik Akademiyas\u0131n\u0131n v\u0259 YAP Suraxan\u0131 rayon t\u0259\u015fkilat\u0131n\u0131n birg\u0259 t\u0259\u015fkilat\u00e7\u0131l\u0131\u011f\u0131 il\u0259 \u00fcmummilli lider Heyd\u0259r \u018fliyevin xatir\u0259sin\u0259 h\u0259sr olunmu\u015f silsil\u0259 t\u0259dbirl\u0259r ke\u00e7irilir.<\/p>\n\n\n\n<p>Bel\u0259 t\u0259dbirl\u0259rd\u0259n biri d\u0259 \u201cAz\u0259rbaycan\u0131 davaml\u0131 t\u0259r\u0259qqi v\u0259 y\u00fcks\u0259li\u015f yoluna \u00e7\u0131xaran \u00dcmummilli Lider\u201d m\u00f6vzusunda konfrans olub.<\/p>\n\n\n\n<p>Konfransda \u00e7\u0131x\u0131\u015f ed\u0259n Suraxan\u0131 Rayon \u0130cra Hakimiyy\u0259tinin ba\u015f\u00e7\u0131s\u0131 \u0130lqar Abbasov ulu \u00f6nd\u0259r Heyd\u0259r \u018fliyevin xalq\u0131m\u0131z qar\u015f\u0131s\u0131ndak\u0131 tarixi xidm\u0259tl\u0259rind\u0259n dan\u0131\u015f\u0131b. O deyib ki, Heyd\u0259r \u018fliyev \u015f\u0259xsiyy\u0259ti b\u00fct\u00fcn d\u00f6vrl\u0259r v\u0259 n\u0259sill\u0259r \u00fc\u00e7\u00fcn \u0259b\u0259dilik statusu qazan\u0131b.<\/p>\n\n\n\n<p>D\u00f6vl\u0259t \u0130dar\u0259\u00e7ilik Akademiyas\u0131n\u0131n rektoru akademik Urxan \u018fl\u0259kb\u0259rov bildirib ki, \u00fcmummilli lider Heyd\u0259r \u018fliyevin \u00f6lk\u0259mizin v\u0259 xalq\u0131m\u0131z\u0131n taleyind\u0259 oynad\u0131\u011f\u0131 misilsiz rolun, yerin\u0259 yetirdiyi b\u00f6y\u00fck i\u015fl\u0259rin, yaratd\u0131\u011f\u0131 sabitliyin v\u0259 \u0259min-amanl\u0131\u011f\u0131n, iqtisadi strategiyan\u0131n, ideoloji t\u0259m\u0259lin \u0259h\u0259miyy\u0259ti ill\u0259r \u00f6td\u00fckc\u0259 daha ayd\u0131n g\u00f6r\u00fcn\u00fcr. Ulu \u00d6nd\u0259r v\u0259t\u0259nimiz \u00fc\u00e7\u00fcn tarixin \u0259n \u00e7\u0259tin s\u0131naq d\u00f6n\u0259mind\u0259 m\u00fch\u00fcm i\u015fl\u0259r g\u00f6r\u00fcb.<\/p>\n\n\n\n<p>1993-c\u00fc ild\u0259 siyasi hakimiyy\u0259t\u0259 qay\u0131dan Ulu \u00d6nd\u0259rin qar\u015f\u0131s\u0131nda \u0259n m\u00fcxt\u0259lif \u00e7e\u015fidli probleml\u0259r dururdu. Onlar\u0131 h\u0259ll etm\u0259d\u0259n yenic\u0259 b\u0259rpa edilmi\u015f m\u00fcst\u0259qilliy\u0259 d\u00f6nm\u0259z v\u0259 q\u0259ti xarakter verm\u0259k, d\u00f6vl\u0259t\u00e7ilik \u0259n\u0259n\u0259l\u0259rini dir\u00e7\u0259ltm\u0259k, b\u00fct\u00fcn c\u0259miyy\u0259t \u00fc\u00e7\u00fcn qanunlar\u0131n prioritetini t\u0259min etm\u0259k, d\u00fczg\u00fcn v\u0259 balansla\u015fd\u0131r\u0131lm\u0131\u015f xarici siyasi x\u0259tt yeritm\u0259k qeyri-m\u00fcmk\u00fcn idi. Bu qay\u0131d\u0131\u015f\u0131 il\u0259 Ulu \u00d6nd\u0259r Az\u0259rbaycan\u0131n varl\u0131\u011f\u0131n\u0131, m\u00fcst\u0259qilliyini, d\u00f6vl\u0259t\u00e7iliyini qoruyub saxlad\u0131, \u00f6lk\u0259ni par\u00e7alanmaqdan, v\u0259t\u0259nda\u015f m\u00fcharib\u0259sind\u0259n, d\u00fc\u015fm\u0259n i\u015f\u011fal\u0131n\u0131n geni\u015f miqyas almas\u0131ndan xilas etdi.<\/p>\n\n\n\n<p>Prezident \u0130lham \u018fliyevin r\u0259hb\u0259rliyi alt\u0131nda Az\u0259rbaycan bu g\u00fcn milli intibah\u0131n\u0131n \u015f\u0259r\u0259fli m\u0259rh\u0259l\u0259sini ya\u015fay\u0131r. Dinamik inki\u015faf ed\u0259n \u00f6lk\u0259mizin h\u0259rt\u0259r\u0259fli yenil\u0259\u015fm\u0259sin\u0259 xidm\u0259t ed\u0259n \u0259z\u0259m\u0259tli layih\u0259l\u0259r u\u011furla h\u0259yata ke\u00e7irilir.<\/p>\n\n\n\n<p>Konfransda \u00dcmummilli Liderin z\u0259ngin h\u0259yat yolundan, m\u00fcst\u0259qil Az\u0259rbaycan\u0131n daha da q\u00fcdr\u0259tl\u0259nm\u0259si, d\u00fcnyada n\u00fcfuzunun artmas\u0131 istiqam\u0259tind\u0259 g\u00f6rd\u00fcy\u00fc i\u015fl\u0259rd\u0259n \u0259trafl\u0131 b\u0259hs edilib.<\/p>\n\n\n\n<p>Sonra C\u0259f\u0259r Cabbarl\u0131 ad\u0131na \u0130r\u0259van D\u00f6vl\u0259t Dram Teatr\u0131n\u0131n aktyorlar\u0131n\u0131n ifas\u0131nda Ulu \u00d6nd\u0259r\u0259 h\u0259sr olunmu\u015f \u201cQurtulu\u015f\u201d tama\u015fas\u0131 t\u0259qdim olunub.<\/p>\n\n\n\n<p>Sonda Az\u0259rbaycan xalq\u0131n\u0131n \u00fcmummilli lideri Heyd\u0259r \u018fliyevin z\u0259ngin irsinin t\u0259bli\u011find\u0259 f\u0259al i\u015ftirak etdiyin\u0259 g\u00f6r\u0259 D\u00f6vl\u0259t \u0130dar\u0259\u00e7ilik Akademiyas\u0131 v\u0259 C\u0259f\u0259r Cabbarl\u0131 ad\u0131na \u0130r\u0259van D\u00f6vl\u0259t Dram Teatr\u0131na F\u0259xri f\u0259rmanlar t\u0259qdim olunub.<\/p>\n\n\n\n<p><\/p>\n\n\n\n<figure class=\"wp-container-2 wp-block-gallery-1 wp-block-gallery columns-3 is-cropped\"><ul class=\"blocks-gallery-grid\"><li class=\"blocks-gallery-item\"><figure><img width=\"1000\" height=\"663\" src=\"https:\/\/dia.edu.az\/wp-content\/uploads\/2021\/03\/UO1.jpg\" alt=\"\" data-id=\"12460\" data-full-url=\"https:\/\/dia.edu.az\/wp-content\/uploads\/2021\/03\/UO1.jpg\" data-link=\"https:\/\/dia.edu.az\/?attachment_id=12460\" class=\"wp-image-12460\" srcset=\"https:\/\/legacy.dia.edu.az\/wp-content\/uploads\/2021\/03\/UO1.jpg 1000w, https:\/\/legacy.dia.edu.az\/wp-content\/uploads\/2021\/03\/UO1-300x199.jpg 300w, https:\/\/legacy.dia.edu.az\/wp-content\/uploads\/2021\/03\/UO1-16x12.jpg 16w, https:\/\/legacy.dia.edu.az\/wp-content\/uploads\/2021\/03\/UO1-150x100.jpg 150w, https:\/\/legacy.dia.edu.az\/wp-content\/uploads\/2021\/03\/UO1-300x199@2x.jpg 600w\" sizes=\"(max-width: 1000px) 100vw, 1000px\" \/><\/figure><\/li><li class=\"blocks-gallery-item\"><figure><img width=\"1000\" height=\"618\" src=\"https:\/\/dia.edu.az\/wp-content\/uploads\/2021\/03\/UO2.jpg\" alt=\"\" data-id=\"12461\" data-full-url=\"https:\/\/dia.edu.az\/wp-content\/uploads\/2021\/03\/UO2.jpg\" data-link=\"https:\/\/dia.edu.az\/?attachment_id=12461\" class=\"wp-image-12461\" srcset=\"https:\/\/legacy.dia.edu.az\/wp-content\/uploads\/2021\/03\/UO2.jpg 1000w, https:\/\/legacy.dia.edu.az\/wp-content\/uploads\/2021\/03\/UO2-300x185.jpg 300w, https:\/\/legacy.dia.edu.az\/wp-content\/uploads\/2021\/03\/UO2-16x10.jpg 16w, https:\/\/legacy.dia.edu.az\/wp-content\/uploads\/2021\/03\/UO2-300x185@2x.jpg 600w\" sizes=\"(max-width: 1000px) 100vw, 1000px\" \/><\/figure><\/li><li class=\"blocks-gallery-item\"><figure><img width=\"1000\" height=\"578\" src=\"https:\/\/dia.edu.az\/wp-content\/uploads\/2021\/03\/UO3.jpg\" alt=\"\" data-id=\"12462\" data-full-url=\"https:\/\/dia.edu.az\/wp-content\/uploads\/2021\/03\/UO3.jpg\" data-link=\"https:\/\/dia.edu.az\/?attachment_id=12462\" class=\"wp-image-12462\" srcset=\"https:\/\/legacy.dia.edu.az\/wp-content\/uploads\/2021\/03\/UO3.jpg 1000w, https:\/\/legacy.dia.edu.az\/wp-content\/uploads\/2021\/03\/UO3-300x173.jpg 300w, https:\/\/legacy.dia.edu.az\/wp-content\/uploads\/2021\/03\/UO3-16x9.jpg 16w, https:\/\/legacy.dia.edu.az\/wp-content\/uploads\/2021\/03\/UO3-300x173@2x.jpg 600w\" sizes=\"(max-width: 1000px) 100vw, 1000px\" \/><\/figure><\/li><\/ul><\/figure>","protected":false},"excerpt":{"rendered":"<p>Az\u0259rbaycan Respublikas\u0131n\u0131n Prezidenti Yan\u0131nda D\u00f6vl\u0259t \u0130dar\u0259\u00e7ilik Akademiyas\u0131n\u0131n v\u0259 YAP Suraxan\u0131 rayon t\u0259\u015fkilat\u0131n\u0131n birg\u0259 t\u0259\u015fkilat\u00e7\u0131l\u0131\u011f\u0131 il\u0259 \u00fcmummilli lider Heyd\u0259r \u018fliyevin xatir\u0259sin\u0259 h\u0259sr olunmu\u015f silsil\u0259 t\u0259dbirl\u0259r ke\u00e7irilirDek 11 , 2016 &#8211; 04:42 Suraxan\u0131 rayonu Heyd\u0259r \u018fliyev M\u0259rk\u0259zinin, rayon icra hakimiyy\u0259tinin, Az\u0259rbaycan Respublikas\u0131n\u0131n Prezidenti Yan\u0131nda D\u00f6vl\u0259t \u0130dar\u0259\u00e7ilik Akademiyas\u0131n\u0131n v\u0259 YAP Suraxan\u0131 rayon t\u0259\u015fkilat\u0131n\u0131n birg\u0259 t\u0259\u015fkilat\u00e7\u0131l\u0131\u011f\u0131 il\u0259 \u00fcmummilli lider [&hellip;]<\/p>","protected":false},"author":2,"featured_media":12460,"comment_status":"closed","ping_status":"closed","sticky":false,"template":"","format":"standard","meta":[],"categories":[137],"tags":[],"_links":{"self":[{"href":"https:\/\/legacy.dia.edu.az\/en\/wp-json\/wp\/v2\/posts\/12459"}],"collection":[{"href":"https:\/\/legacy.dia.edu.az\/en\/wp-json\/wp\/v2\/posts"}],"about":[{"href":"https:\/\/legacy.dia.edu.az\/en\/wp-json\/wp\/v2\/types\/post"}],"author":[{"embeddable":true,"href":"https:\/\/legacy.dia.edu.az\/en\/wp-json\/wp\/v2\/users\/2"}],"replies":[{"embeddable":true,"href":"https:\/\/legacy.dia.edu.az\/en\/wp-json\/wp\/v2\/comments?post=12459"}],"version-history":[{"count":0,"href":"https:\/\/legacy.dia.edu.az\/en\/wp-json\/wp\/v2\/posts\/12459\/revisions"}],"wp:featuredmedia":[{"embeddable":true,"href":"https:\/\/legacy.dia.edu.az\/en\/wp-json\/wp\/v2\/media\/12460"}],"wp:attachment":[{"href":"https:\/\/legacy.dia.edu.az\/en\/wp-json\/wp\/v2\/media?parent=12459"}],"wp:term":[{"taxonomy":"category","embeddable":true,"href":"https:\/\/legacy.dia.edu.az\/en\/wp-json\/wp\/v2\/categories?post=12459"},{"taxonomy":"post_tag","embeddable":true,"href":"https:\/\/legacy.dia.edu.az\/en\/wp-json\/wp\/v2\/tags?post=12459"}],"curies":[{"name":"wp","href":"https:\/\/api.w.org\/{rel}","templated":true}]}}