{"id":12456,"date":"2016-12-13T01:25:00","date_gmt":"2016-12-12T22:25:00","guid":{"rendered":"https:\/\/dia.edu.az\/?p=12456"},"modified":"2021-03-16T01:26:44","modified_gmt":"2021-03-15T22:26:44","slug":"dia-nin-rektoru-akademik-urxan-%c9%99l%c9%99kb%c9%99rovun-r%c9%99hb%c9%99rlik-etdiyi-numay%c9%99nd%c9%99-hey%c9%99ti-ispaniyanin-paytaxti-madridd%c9%99-s%c9%99f%c9%99rd%c9%99dir","status":"publish","type":"post","link":"https:\/\/legacy.dia.edu.az\/en\/arxivl\u0259r\/12456","title":{"rendered":"D\u0130A-n\u0131n rektoru akademik Urxan \u018fl\u0259kb\u0259rovun r\u0259hb\u0259rlik etdiyi n\u00fcmay\u0259nd\u0259 hey\u0259ti \u0130spaniyan\u0131n paytaxt\u0131 Madridd\u0259 s\u0259f\u0259rd\u0259dir"},"content":{"rendered":"<p><\/p>\n\n\n\n<p><strong>D\u0130A-n\u0131n rektoru akademik Urxan \u018fl\u0259kb\u0259rovun r\u0259hb\u0259rlik etdiyi n\u00fcmay\u0259nd\u0259 hey\u0259ti \u0130spaniyan\u0131n paytaxt\u0131 Madridd\u0259 s\u0259f\u0259rd\u0259dir<\/strong><br><em>Dek 13 , 2016 &#8211; 01:43<\/em><\/p>\n\n\n\n<p>Madrid, 13 dekabr<\/p>\n\n\n\n<p>Avropa \u0130ttifaq\u0131 t\u0259r\u0259find\u0259n maliyy\u0259l\u0259\u015fdiril\u0259n, Az\u0259rbaycan Respublikas\u0131n\u0131n Prezidenti yan\u0131nda D\u00f6vl\u0259t \u0130dar\u0259\u00e7ilik Akademiyas\u0131 (D\u0130A) v\u0259 BMT-nin \u0130nki\u015faf Proqram\u0131n\u0131n birg\u0259 h\u0259yata ke\u00e7irdikl\u0259ri \u201cAz\u0259rbaycan Respublikas\u0131nda d\u00f6vl\u0259t qullu\u011fu \u00fczr\u0259 t\u0259liml\u0259r\u0259 d\u0259st\u0259k layih\u0259si\u201d \u00e7\u0259r\u00e7iv\u0259sind\u0259 D\u0130A-n\u0131n rektoru akademik Urxan \u018fl\u0259kb\u0259rovun r\u0259hb\u0259rlik etdiyi n\u00fcmay\u0259nd\u0259 hey\u0259ti \u0130spaniyan\u0131n paytaxt\u0131 Madridd\u0259 s\u0259f\u0259rd\u0259dir.<\/p>\n\n\n\n<p>S\u0259f\u0259r \u00e7\u0259r\u00e7iv\u0259sind\u0259 \u0130spaniyan\u0131n Maliyy\u0259 v\u0259 \u0130ctimai Funksiyalar Nazirliyind\u0259 v\u0259 Milli D\u00f6vl\u0259t \u0130dar\u0259\u00e7ilik \u0130nstitutunda ke\u00e7iril\u0259n g\u00f6r\u00fc\u015fl\u0259rd\u0259 Az\u0259rbaycan il\u0259 \u0130spaniya aras\u0131nda d\u00f6vl\u0259t qullu\u011fu sah\u0259sind\u0259 \u0259m\u0259kda\u015fl\u0131\u011f\u0131n perspektivl\u0259ri m\u00fczakir\u0259 olunub.<\/p>\n\n\n\n<p>G\u00f6r\u00fc\u015fd\u0259 t\u0259qdimatla \u00e7\u0131x\u0131\u015f ed\u0259n Urxan \u018fl\u0259kb\u0259rov Az\u0259rbaycan\u0131n tarixi, \u00f6lk\u0259mizd\u0259 ged\u0259n siyasi, iqtisadi prosesl\u0259r bar\u0259d\u0259 geni\u015f m\u0259lumat verib. \u018fsas\u0131 ulu \u00f6nd\u0259r Heyd\u0259r \u018fliyev t\u0259r\u0259find\u0259n qoyulan, haz\u0131rda Prezident \u0130lham \u018fliyevin u\u011furla davam etdirdiyi siyasi, iqtisadi islahatlar bar\u0259d\u0259 dan\u0131\u015fan rektor Az\u0259rbaycan\u0131n m\u00fcasir beyn\u0259lxalq m\u00fcnasib\u0259tl\u0259r sistemind\u0259 yeri v\u0259 rolunu qeyd edib. O, \u00f6lk\u0259mizin innovativ t\u0259r\u0259qqisi il\u0259 ba\u011fl\u0131 BMT v\u0259 dig\u0259r n\u00fcfuzlu beyn\u0259lxalq qurumlar\u0131n qiym\u0259tl\u0259ndirm\u0259l\u0259rin\u0259 \u0259saslanan t\u0259hlill\u0259ri d\u0259 i\u015ftirak\u00e7\u0131lar\u0131n diqq\u0259tin\u0259 \u00e7atd\u0131r\u0131b.<\/p>\n\n\n\n<p>D\u00f6vl\u0259t \u0130dar\u0259\u00e7ilik Akademiyas\u0131n\u0131n f\u0259aliyy\u0259ti bar\u0259d\u0259 dan\u0131\u015fan U.\u018fl\u0259kb\u0259rov qeyd edib ki, bu ali m\u0259kt\u0259bd\u0259 d\u0259rs dey\u0259n m\u00fc\u0259llim hey\u0259tinin \u0259ks\u0259riyy\u0259ti \u00f6lk\u0259nin siyasi idar\u0259\u00e7iliyind\u0259 m\u00fch\u00fcm rol oynay\u0131r. D\u0130A-n\u0131n Elmi t\u0259\u015fkilat \u015f\u00f6b\u0259sinin m\u00fcdiri, siyasi elml\u0259r \u00fczr\u0259 f\u0259ls\u0259f\u0259 doktoru, dosent R. R\u0259himli v\u0259 dig\u0259r \u0259m\u0259kda\u015flar\u0131 da s\u0259f\u0259rd\u0259 i\u015ftirak edirl\u0259r.&nbsp;&nbsp;Burada \u0259sas m\u0259qs\u0259d t\u0259l\u0259b\u0259l\u0259rin t\u0259hsilin ilk g\u00fcn\u00fcnd\u0259n etibar\u0259n n\u0259z\u0259ri bilikl\u0259rl\u0259 yana\u015f\u0131, praktik t\u0259cr\u00fcb\u0259 il\u0259 d\u0259 tan\u0131\u015f olmalar\u0131d\u0131r. Akademiyada, h\u0259m\u00e7inin dig\u0259r ixtisas sahibl\u0259ri d\u0259 d\u00f6vl\u0259t idar\u0259\u00e7iliyinin prinsipl\u0259rini \u00f6yr\u0259nir.<\/p>\n\n\n\n<p>Milli D\u00f6vl\u0259t \u0130dar\u0259\u00e7ilik \u0130nstitutunun beyn\u0259lxalq \u0259laq\u0259l\u0259r departamentinin r\u0259hb\u0259ri xan\u0131m Marta Simas Hernando \u0130spaniyada d\u00f6vl\u0259t idar\u0259\u00e7iliyinin nec\u0259 h\u0259yata ke\u00e7irilm\u0259si bar\u0259d\u0259 m\u0259lumat verib. \u0130nstitutun f\u0259aliyy\u0259ti v\u0259 strukturundan dan\u0131\u015fan Marta Simas Hernando bildirib ki, Az\u0259rbaycandak\u0131 ali t\u0259hsil oca\u011f\u0131n\u0131n n\u0259z\u0259ri idar\u0259\u00e7ilik sah\u0259sind\u0259ki t\u0259cr\u00fcb\u0259si onlar \u00fc\u00e7\u00fcn \u00e7ox maraql\u0131d\u0131r v\u0259 g\u0259l\u0259c\u0259kd\u0259 ikit\u0259r\u0259fli \u0259m\u0259kda\u015fl\u0131q h\u0259r iki \u00f6lk\u0259 \u00fc\u00e7\u00fcn faydal\u0131 olard\u0131.<\/p>\n\n\n\n<p>Daha sonra h\u0259r iki t\u0259r\u0259fi maraqland\u0131ran suallar cavabland\u0131r\u0131l\u0131b.<\/p>\n\n\n\n<p><\/p>\n\n\n\n<figure class=\"wp-container-2 wp-block-gallery-1 wp-block-gallery columns-1 is-cropped\"><ul class=\"blocks-gallery-grid\"><li class=\"blocks-gallery-item\"><figure><img width=\"640\" height=\"426\" src=\"https:\/\/dia.edu.az\/wp-content\/uploads\/2021\/03\/madrid.jpg\" alt=\"\" data-id=\"12457\" data-full-url=\"https:\/\/dia.edu.az\/wp-content\/uploads\/2021\/03\/madrid.jpg\" data-link=\"https:\/\/dia.edu.az\/?attachment_id=12457\" class=\"wp-image-12457\" srcset=\"https:\/\/legacy.dia.edu.az\/wp-content\/uploads\/2021\/03\/madrid.jpg 640w, https:\/\/legacy.dia.edu.az\/wp-content\/uploads\/2021\/03\/madrid-300x200.jpg 300w, https:\/\/legacy.dia.edu.az\/wp-content\/uploads\/2021\/03\/madrid-16x12.jpg 16w, https:\/\/legacy.dia.edu.az\/wp-content\/uploads\/2021\/03\/madrid-150x100.jpg 150w, https:\/\/legacy.dia.edu.az\/wp-content\/uploads\/2021\/03\/madrid-300x200@2x.jpg 600w\" sizes=\"(max-width: 640px) 100vw, 640px\" \/><\/figure><\/li><\/ul><\/figure>","protected":false},"excerpt":{"rendered":"<p>D\u0130A-n\u0131n rektoru akademik Urxan \u018fl\u0259kb\u0259rovun r\u0259hb\u0259rlik etdiyi n\u00fcmay\u0259nd\u0259 hey\u0259ti \u0130spaniyan\u0131n paytaxt\u0131 Madridd\u0259 s\u0259f\u0259rd\u0259dirDek 13 , 2016 &#8211; 01:43 Madrid, 13 dekabr Avropa \u0130ttifaq\u0131 t\u0259r\u0259find\u0259n maliyy\u0259l\u0259\u015fdiril\u0259n, Az\u0259rbaycan Respublikas\u0131n\u0131n Prezidenti yan\u0131nda D\u00f6vl\u0259t \u0130dar\u0259\u00e7ilik Akademiyas\u0131 (D\u0130A) v\u0259 BMT-nin \u0130nki\u015faf Proqram\u0131n\u0131n birg\u0259 h\u0259yata ke\u00e7irdikl\u0259ri \u201cAz\u0259rbaycan Respublikas\u0131nda d\u00f6vl\u0259t qullu\u011fu \u00fczr\u0259 t\u0259liml\u0259r\u0259 d\u0259st\u0259k layih\u0259si\u201d \u00e7\u0259r\u00e7iv\u0259sind\u0259 D\u0130A-n\u0131n rektoru akademik Urxan \u018fl\u0259kb\u0259rovun r\u0259hb\u0259rlik [&hellip;]<\/p>","protected":false},"author":2,"featured_media":12457,"comment_status":"closed","ping_status":"closed","sticky":false,"template":"","format":"standard","meta":[],"categories":[137],"tags":[],"_links":{"self":[{"href":"https:\/\/legacy.dia.edu.az\/en\/wp-json\/wp\/v2\/posts\/12456"}],"collection":[{"href":"https:\/\/legacy.dia.edu.az\/en\/wp-json\/wp\/v2\/posts"}],"about":[{"href":"https:\/\/legacy.dia.edu.az\/en\/wp-json\/wp\/v2\/types\/post"}],"author":[{"embeddable":true,"href":"https:\/\/legacy.dia.edu.az\/en\/wp-json\/wp\/v2\/users\/2"}],"replies":[{"embeddable":true,"href":"https:\/\/legacy.dia.edu.az\/en\/wp-json\/wp\/v2\/comments?post=12456"}],"version-history":[{"count":0,"href":"https:\/\/legacy.dia.edu.az\/en\/wp-json\/wp\/v2\/posts\/12456\/revisions"}],"wp:featuredmedia":[{"embeddable":true,"href":"https:\/\/legacy.dia.edu.az\/en\/wp-json\/wp\/v2\/media\/12457"}],"wp:attachment":[{"href":"https:\/\/legacy.dia.edu.az\/en\/wp-json\/wp\/v2\/media?parent=12456"}],"wp:term":[{"taxonomy":"category","embeddable":true,"href":"https:\/\/legacy.dia.edu.az\/en\/wp-json\/wp\/v2\/categories?post=12456"},{"taxonomy":"post_tag","embeddable":true,"href":"https:\/\/legacy.dia.edu.az\/en\/wp-json\/wp\/v2\/tags?post=12456"}],"curies":[{"name":"wp","href":"https:\/\/api.w.org\/{rel}","templated":true}]}}