{"id":12445,"date":"2016-12-27T01:22:00","date_gmt":"2016-12-26T22:22:00","guid":{"rendered":"https:\/\/dia.edu.az\/?p=12445"},"modified":"2021-03-16T01:23:29","modified_gmt":"2021-03-15T22:23:29","slug":"dunya-az%c9%99rbaycanlilarinin-h%c9%99mr%c9%99ylik-gunu-dovl%c9%99t-idar%c9%99cilik-akademiyasinda-qeyd-olunub","status":"publish","type":"post","link":"https:\/\/legacy.dia.edu.az\/en\/arxivl\u0259r\/12445","title":{"rendered":"D\u00fcnya Az\u0259rbaycanl\u0131lar\u0131n\u0131n H\u0259mr\u0259ylik G\u00fcn\u00fc D\u00f6vl\u0259t \u0130dar\u0259\u00e7ilik Akademiyas\u0131nda qeyd olunub"},"content":{"rendered":"<p><\/p>\n\n\n\n<p><strong>D\u00fcnya Az\u0259rbaycanl\u0131lar\u0131n\u0131n H\u0259mr\u0259ylik G\u00fcn\u00fc D\u00f6vl\u0259t \u0130dar\u0259\u00e7ilik Akademiyas\u0131nda qeyd olunub<\/strong><br><em>Dek 27 , 2016 &#8211; 06:55<\/em><\/p>\n\n\n\n<figure class=\"wp-block-table\"><table><tbody><tr><td>Dekabr\u0131n 27-d\u0259 Az\u0259rbaycan Respublikas\u0131n\u0131n Prezidenti yan\u0131nda D\u00f6vl\u0259t \u0130dar\u0259\u00e7ilik Akademiyas\u0131 v\u0259 M\u0259d\u0259niyy\u0259t kanal\u0131n\u0131n birg\u0259 t\u0259\u015fkilat\u00e7\u0131l\u0131\u011f\u0131 il\u0259 31 dekabr &#8211; D\u00fcnya Az\u0259rbaycanl\u0131lar\u0131n\u0131n H\u0259mr\u0259ylik G\u00fcn\u00fc v\u0259 Yeni il\u0259 h\u0259sr edilmi\u015f t\u0259dbir ke\u00e7irilib.T\u0259dbird\u0259 akademiyan\u0131n rektoru, a<strong>kademik Urxan \u018fl\u0259kb\u0259rov<\/strong>&nbsp;Heyd\u0259r \u018fliyev siyas\u0259tinin \u0259h\u0259miyy\u0259tini vur\u011fulay\u0131b, Ulu \u00d6nd\u0259rin ideyalar\u0131n\u0131n Prezident \u0130lham \u018fliyev t\u0259r\u0259find\u0259n q\u0259tiyy\u0259tl\u0259 h\u0259yata ke\u00e7irildiyini bildirib.Rektor 31 dekabr &#8211; D\u00fcnya Az\u0259rbaycanl\u0131lar\u0131n\u0131n H\u0259mr\u0259ylik G\u00fcn\u00fcn\u00fcn respublikam\u0131zda v\u0259 xarici \u00f6lk\u0259l\u0259rd\u0259 geni\u015f qeyd olundu\u011funu diqq\u0259t\u0259 \u00e7atd\u0131r\u0131b, bayram m\u00fcnasib\u0259til\u0259 m\u00fc\u0259llim v\u0259 t\u0259l\u0259b\u0259l\u0259ri t\u0259brik edib, u\u011furlar arzulay\u0131b.<\/td><\/tr><\/tbody><\/table><\/figure>\n\n\n\n<p>T\u0259dbir tan\u0131nm\u0131\u015f inc\u0259s\u0259n\u0259t ustalar\u0131n\u0131n maraql\u0131 konsert proqram\u0131 il\u0259 davan edib.<\/p>\n\n\n\n<p><\/p>\n\n\n\n<figure class=\"wp-container-2 wp-block-gallery-1 wp-block-gallery columns-3 is-cropped\"><ul class=\"blocks-gallery-grid\"><li class=\"blocks-gallery-item\"><figure><img width=\"640\" height=\"424\" src=\"https:\/\/dia.edu.az\/wp-content\/uploads\/2021\/03\/20171.jpg\" alt=\"\" data-id=\"12446\" data-full-url=\"https:\/\/dia.edu.az\/wp-content\/uploads\/2021\/03\/20171.jpg\" data-link=\"https:\/\/dia.edu.az\/?attachment_id=12446\" class=\"wp-image-12446\" srcset=\"https:\/\/legacy.dia.edu.az\/wp-content\/uploads\/2021\/03\/20171.jpg 640w, https:\/\/legacy.dia.edu.az\/wp-content\/uploads\/2021\/03\/20171-300x199.jpg 300w, https:\/\/legacy.dia.edu.az\/wp-content\/uploads\/2021\/03\/20171-16x12.jpg 16w, https:\/\/legacy.dia.edu.az\/wp-content\/uploads\/2021\/03\/20171-150x100.jpg 150w, https:\/\/legacy.dia.edu.az\/wp-content\/uploads\/2021\/03\/20171-300x199@2x.jpg 600w\" sizes=\"(max-width: 640px) 100vw, 640px\" \/><\/figure><\/li><li class=\"blocks-gallery-item\"><figure><img width=\"640\" height=\"424\" src=\"https:\/\/dia.edu.az\/wp-content\/uploads\/2021\/03\/20172.jpg\" alt=\"\" data-id=\"12447\" data-full-url=\"https:\/\/dia.edu.az\/wp-content\/uploads\/2021\/03\/20172.jpg\" data-link=\"https:\/\/dia.edu.az\/?attachment_id=12447\" class=\"wp-image-12447\" srcset=\"https:\/\/legacy.dia.edu.az\/wp-content\/uploads\/2021\/03\/20172.jpg 640w, https:\/\/legacy.dia.edu.az\/wp-content\/uploads\/2021\/03\/20172-300x199.jpg 300w, https:\/\/legacy.dia.edu.az\/wp-content\/uploads\/2021\/03\/20172-16x12.jpg 16w, https:\/\/legacy.dia.edu.az\/wp-content\/uploads\/2021\/03\/20172-150x100.jpg 150w, https:\/\/legacy.dia.edu.az\/wp-content\/uploads\/2021\/03\/20172-300x199@2x.jpg 600w\" sizes=\"(max-width: 640px) 100vw, 640px\" \/><\/figure><\/li><li class=\"blocks-gallery-item\"><figure><img width=\"640\" height=\"427\" src=\"https:\/\/dia.edu.az\/wp-content\/uploads\/2021\/03\/20173.jpg\" alt=\"\" data-id=\"12448\" data-full-url=\"https:\/\/dia.edu.az\/wp-content\/uploads\/2021\/03\/20173.jpg\" data-link=\"https:\/\/dia.edu.az\/?attachment_id=12448\" class=\"wp-image-12448\" srcset=\"https:\/\/legacy.dia.edu.az\/wp-content\/uploads\/2021\/03\/20173.jpg 640w, https:\/\/legacy.dia.edu.az\/wp-content\/uploads\/2021\/03\/20173-300x200.jpg 300w, https:\/\/legacy.dia.edu.az\/wp-content\/uploads\/2021\/03\/20173-16x12.jpg 16w, https:\/\/legacy.dia.edu.az\/wp-content\/uploads\/2021\/03\/20173-150x100.jpg 150w, https:\/\/legacy.dia.edu.az\/wp-content\/uploads\/2021\/03\/20173-300x200@2x.jpg 600w\" sizes=\"(max-width: 640px) 100vw, 640px\" \/><\/figure><\/li><li class=\"blocks-gallery-item\"><figure><img width=\"640\" height=\"424\" src=\"https:\/\/dia.edu.az\/wp-content\/uploads\/2021\/03\/20174.jpg\" alt=\"\" data-id=\"12449\" data-full-url=\"https:\/\/dia.edu.az\/wp-content\/uploads\/2021\/03\/20174.jpg\" data-link=\"https:\/\/dia.edu.az\/?attachment_id=12449\" class=\"wp-image-12449\" srcset=\"https:\/\/legacy.dia.edu.az\/wp-content\/uploads\/2021\/03\/20174.jpg 640w, https:\/\/legacy.dia.edu.az\/wp-content\/uploads\/2021\/03\/20174-300x199.jpg 300w, https:\/\/legacy.dia.edu.az\/wp-content\/uploads\/2021\/03\/20174-16x12.jpg 16w, https:\/\/legacy.dia.edu.az\/wp-content\/uploads\/2021\/03\/20174-150x100.jpg 150w, https:\/\/legacy.dia.edu.az\/wp-content\/uploads\/2021\/03\/20174-300x199@2x.jpg 600w\" sizes=\"(max-width: 640px) 100vw, 640px\" \/><\/figure><\/li><\/ul><\/figure>","protected":false},"excerpt":{"rendered":"<p>D\u00fcnya Az\u0259rbaycanl\u0131lar\u0131n\u0131n H\u0259mr\u0259ylik G\u00fcn\u00fc D\u00f6vl\u0259t \u0130dar\u0259\u00e7ilik Akademiyas\u0131nda qeyd olunubDek 27 , 2016 &#8211; 06:55 Dekabr\u0131n 27-d\u0259 Az\u0259rbaycan Respublikas\u0131n\u0131n Prezidenti yan\u0131nda D\u00f6vl\u0259t \u0130dar\u0259\u00e7ilik Akademiyas\u0131 v\u0259 M\u0259d\u0259niyy\u0259t kanal\u0131n\u0131n birg\u0259 t\u0259\u015fkilat\u00e7\u0131l\u0131\u011f\u0131 il\u0259 31 dekabr &#8211; D\u00fcnya Az\u0259rbaycanl\u0131lar\u0131n\u0131n H\u0259mr\u0259ylik G\u00fcn\u00fc v\u0259 Yeni il\u0259 h\u0259sr edilmi\u015f t\u0259dbir ke\u00e7irilib.T\u0259dbird\u0259 akademiyan\u0131n rektoru, akademik Urxan \u018fl\u0259kb\u0259rov&nbsp;Heyd\u0259r \u018fliyev siyas\u0259tinin \u0259h\u0259miyy\u0259tini vur\u011fulay\u0131b, Ulu \u00d6nd\u0259rin ideyalar\u0131n\u0131n [&hellip;]<\/p>","protected":false},"author":2,"featured_media":12448,"comment_status":"closed","ping_status":"closed","sticky":false,"template":"","format":"standard","meta":[],"categories":[137],"tags":[],"_links":{"self":[{"href":"https:\/\/legacy.dia.edu.az\/en\/wp-json\/wp\/v2\/posts\/12445"}],"collection":[{"href":"https:\/\/legacy.dia.edu.az\/en\/wp-json\/wp\/v2\/posts"}],"about":[{"href":"https:\/\/legacy.dia.edu.az\/en\/wp-json\/wp\/v2\/types\/post"}],"author":[{"embeddable":true,"href":"https:\/\/legacy.dia.edu.az\/en\/wp-json\/wp\/v2\/users\/2"}],"replies":[{"embeddable":true,"href":"https:\/\/legacy.dia.edu.az\/en\/wp-json\/wp\/v2\/comments?post=12445"}],"version-history":[{"count":0,"href":"https:\/\/legacy.dia.edu.az\/en\/wp-json\/wp\/v2\/posts\/12445\/revisions"}],"wp:featuredmedia":[{"embeddable":true,"href":"https:\/\/legacy.dia.edu.az\/en\/wp-json\/wp\/v2\/media\/12448"}],"wp:attachment":[{"href":"https:\/\/legacy.dia.edu.az\/en\/wp-json\/wp\/v2\/media?parent=12445"}],"wp:term":[{"taxonomy":"category","embeddable":true,"href":"https:\/\/legacy.dia.edu.az\/en\/wp-json\/wp\/v2\/categories?post=12445"},{"taxonomy":"post_tag","embeddable":true,"href":"https:\/\/legacy.dia.edu.az\/en\/wp-json\/wp\/v2\/tags?post=12445"}],"curies":[{"name":"wp","href":"https:\/\/api.w.org\/{rel}","templated":true}]}}