{"id":12442,"date":"2016-12-28T01:20:00","date_gmt":"2016-12-27T22:20:00","guid":{"rendered":"https:\/\/dia.edu.az\/?p=12442"},"modified":"2021-03-16T01:21:28","modified_gmt":"2021-03-15T22:21:28","slug":"dovl%c9%99t-idar%c9%99cilik-akademiyasinda-publik-huquqi-s%c9%99xsl%c9%99r-movzusunda-seminar-kecirilmisdir","status":"publish","type":"post","link":"https:\/\/legacy.dia.edu.az\/en\/arxivl\u0259r\/12442","title":{"rendered":"D\u00f6vl\u0259t \u0130dar\u0259\u00e7ilik Akademiyas\u0131nda Publik h\u00fcquqi \u015f\u0259xsl\u0259r m\u00f6vzusunda seminar ke\u00e7irilmi\u015fdir"},"content":{"rendered":"<p><\/p>\n\n\n\n<p><strong>D\u00f6vl\u0259t \u0130dar\u0259\u00e7ilik Akademiyas\u0131nda Publik h\u00fcquqi \u015f\u0259xsl\u0259r m\u00f6vzusunda seminar ke\u00e7irilmi\u015fdir<\/strong><br><em>Dek 28 , 2016 &#8211; 03:47<\/em><\/p>\n\n\n\n<p>28 dekabr 2016-c\u0131 il tarixind\u0259 Az\u0259rbaycan Respublikas\u0131n\u0131n Prezidenti yan\u0131nda D\u00f6vl\u0259t \u0130dar\u0259\u00e7ilik Akademiyas\u0131nda \u201cPublik h\u00fcquqi \u015f\u0259xsl\u0259r\u201d m\u00f6vzusunda&nbsp; seminar ke\u00e7irilmi\u015fdir. Seminara d\u00f6vl\u0259t orqanlar\u0131nda \u00e7al\u0131\u015fan h\u00fcquq\u015f\u00fcnaslardan ibar\u0259t 30 n\u0259f\u0259r d\u00f6vl\u0259t qulluq\u00e7ular\u0131 c\u0259lb olunmu\u015flar.<\/p>\n\n\n\n<p>&nbsp;&nbsp;&nbsp;&nbsp; &nbsp;&nbsp;&nbsp; Seminarda \u201cD\u00f6vl\u0259t t\u0259\u015fkilatlar\u0131n v\u0259zif\u0259l\u0259rinin bir qisminin&nbsp; yerin\u0259 yetirilm\u0259sind\u0259 i\u015ftirak ed\u0259n yeni subyektl\u0259r: Publik h\u00fcquqi \u015f\u0259xsl\u0259r\u201d, \u201cAz\u0259rbaycan Respublikas\u0131n\u0131n qanunvericiliyind\u0259 publik h\u00fcquqi \u015f\u0259xsl\u0259rin f\u0259aliyy\u0259tinin t\u0259nziml\u0259nm\u0259si\u201d il\u0259 ba\u011fl\u0131 m\u00f6vzular s\u0259sl\u0259nmi\u015fdir. Seminar\u0131n ke\u00e7irilm\u0259sinin m\u0259qs\u0259di &nbsp;dinl\u0259yicil\u0259r\u0259 bilikl\u0259rin \u00e7atd\u0131r\u0131lmas\u0131 v\u0259 onlar il\u0259 fikir m\u00fcbadil\u0259sinin apar\u0131lmas\u0131 idi.<\/p>\n\n\n\n<p>&nbsp;&nbsp;&nbsp; &nbsp;&nbsp;&nbsp;&nbsp; &nbsp;Seminar \u0259rzind\u0259 Az\u0259rbaycan Respublikas\u0131 Milli M\u0259clisinin H\u00fcquq Siyas\u0259ti v\u0259 D\u00f6vl\u0259t Quruculu\u011fu Komit\u0259sinin \u00fczv\u00fc, mill\u0259t v\u0259kili Rafael C\u0259bray\u0131lov, Az\u0259rbaycan Respublikas\u0131n\u0131n Prezidenti yan\u0131nda V\u0259t\u0259nda\u015flara Xidm\u0259t v\u0259 Sosial \u0130nnovasiyalar \u00fczr\u0259 D\u00f6vl\u0259t Agentliyinin H\u00fcquq t\u0259minat\u0131 \u015f\u00f6b\u0259sinin m\u00fcdiri \u0130lham\u0259 Q\u0259dimova, Az\u0259rbaycan Respublikas\u0131 Vergil\u0259r nazirliyi yan\u0131nda Bak\u0131 Vergil\u0259r Departamentinin Kommersiya h\u00fcquqi \u015f\u0259xsl\u0259rin d\u00f6vl\u0259t qeydiyyat\u0131 idar\u0259sinin r\u0259isi Samir Seyid\u0259hm\u0259dli&nbsp; m\u00fcxt\u0259lif m\u00f6vzularda m\u00fchazir\u0259l\u0259rl\u0259 \u00e7\u0131x\u0131\u015f etmi\u015fl\u0259r.&nbsp;<\/p>\n\n\n\n<p>&nbsp;&nbsp;&nbsp;&nbsp; &nbsp;&nbsp;&nbsp; Seminar\u0131n sonunda rektor, akademik Urxan \u018fl\u0259kb\u0259rov v\u0259 Akademiyan\u0131n I t\u0259dris i\u015fl\u0259ri \u00fczr\u0259 prorektoru professor \u018flikram Abdullayev dinl\u0259yicil\u0259r qar\u015f\u0131s\u0131nda \u00e7\u0131x\u0131\u015f etmi\u015f v\u0259 onlara g\u0259l\u0259c\u0259k f\u0259aliyy\u0259tl\u0259rind\u0259 u\u011furlar arzulam\u0131\u015flar.<\/p>","protected":false},"excerpt":{"rendered":"<p>D\u00f6vl\u0259t \u0130dar\u0259\u00e7ilik Akademiyas\u0131nda Publik h\u00fcquqi \u015f\u0259xsl\u0259r m\u00f6vzusunda seminar ke\u00e7irilmi\u015fdirDek 28 , 2016 &#8211; 03:47 28 dekabr 2016-c\u0131 il tarixind\u0259 Az\u0259rbaycan Respublikas\u0131n\u0131n Prezidenti yan\u0131nda D\u00f6vl\u0259t \u0130dar\u0259\u00e7ilik Akademiyas\u0131nda \u201cPublik h\u00fcquqi \u015f\u0259xsl\u0259r\u201d m\u00f6vzusunda&nbsp; seminar ke\u00e7irilmi\u015fdir. Seminara d\u00f6vl\u0259t orqanlar\u0131nda \u00e7al\u0131\u015fan h\u00fcquq\u015f\u00fcnaslardan ibar\u0259t 30 n\u0259f\u0259r d\u00f6vl\u0259t qulluq\u00e7ular\u0131 c\u0259lb olunmu\u015flar. &nbsp;&nbsp;&nbsp;&nbsp; &nbsp;&nbsp;&nbsp; Seminarda \u201cD\u00f6vl\u0259t t\u0259\u015fkilatlar\u0131n v\u0259zif\u0259l\u0259rinin bir qisminin&nbsp; yerin\u0259 yetirilm\u0259sind\u0259 i\u015ftirak [&hellip;]<\/p>","protected":false},"author":2,"featured_media":12443,"comment_status":"closed","ping_status":"closed","sticky":false,"template":"","format":"standard","meta":[],"categories":[137],"tags":[],"_links":{"self":[{"href":"https:\/\/legacy.dia.edu.az\/en\/wp-json\/wp\/v2\/posts\/12442"}],"collection":[{"href":"https:\/\/legacy.dia.edu.az\/en\/wp-json\/wp\/v2\/posts"}],"about":[{"href":"https:\/\/legacy.dia.edu.az\/en\/wp-json\/wp\/v2\/types\/post"}],"author":[{"embeddable":true,"href":"https:\/\/legacy.dia.edu.az\/en\/wp-json\/wp\/v2\/users\/2"}],"replies":[{"embeddable":true,"href":"https:\/\/legacy.dia.edu.az\/en\/wp-json\/wp\/v2\/comments?post=12442"}],"version-history":[{"count":0,"href":"https:\/\/legacy.dia.edu.az\/en\/wp-json\/wp\/v2\/posts\/12442\/revisions"}],"wp:featuredmedia":[{"embeddable":true,"href":"https:\/\/legacy.dia.edu.az\/en\/wp-json\/wp\/v2\/media\/12443"}],"wp:attachment":[{"href":"https:\/\/legacy.dia.edu.az\/en\/wp-json\/wp\/v2\/media?parent=12442"}],"wp:term":[{"taxonomy":"category","embeddable":true,"href":"https:\/\/legacy.dia.edu.az\/en\/wp-json\/wp\/v2\/categories?post=12442"},{"taxonomy":"post_tag","embeddable":true,"href":"https:\/\/legacy.dia.edu.az\/en\/wp-json\/wp\/v2\/tags?post=12442"}],"curies":[{"name":"wp","href":"https:\/\/api.w.org\/{rel}","templated":true}]}}