{"id":12426,"date":"2017-01-20T01:10:00","date_gmt":"2017-01-19T22:10:00","guid":{"rendered":"https:\/\/dia.edu.az\/?p=12426"},"modified":"2021-03-16T01:12:03","modified_gmt":"2021-03-15T22:12:03","slug":"20-yanvar-s%c9%99hidl%c9%99ri-anildi","status":"publish","type":"post","link":"https:\/\/legacy.dia.edu.az\/en\/arxivl\u0259r\/12426","title":{"rendered":"20 yanvar \u015e\u0259hidl\u0259ri anild\u0131"},"content":{"rendered":"<p><\/p>\n\n\n\n<p><strong>20 yanvar \u015e\u0259hidl\u0259ri anild\u0131<\/strong><br><em>Yan 20 , 2017 &#8211; 04:12<\/em><\/p>\n\n\n\n<p>Az\u0259rbaycan Respublikas\u0131n\u0131n Prezidenti yan\u0131nda D\u00f6vl\u0259t \u0130dar\u0259\u00e7ilik Akademiyas\u0131n\u0131n t\u0259l\u0259b\u0259l\u0259rinin t\u0259\u015f\u0259bb\u00fcs\u00fc il\u0259 yanvar\u0131n 19-da, 20 Yanvar hadis\u0259l\u0259rinin iyirmi yeddinci ild\u00f6n\u00fcm\u00fc il\u0259 \u0259laq\u0259dar \u015e\u0259hidl\u0259r Xiyaban\u0131na an\u0131m y\u00fcr\u00fc\u015f\u00fc ke\u00e7irilib.<\/p>\n\n\n\n<p>D\u0130A-n\u0131n m\u00fc\u0259llim v\u0259 t\u0259l\u0259b\u0259l\u0259ri faci\u0259 haqq\u0131nda \u00f6z fikirl\u0259rini b\u00f6l\u00fc\u015fm\u00fc\u015f, \u015f\u0259hidl\u0259rin ruhuna ehtiramlar\u0131n\u0131 bildirmi\u015fl\u0259r.<\/p>\n\n\n\n<p><\/p>\n\n\n\n<figure class=\"wp-container-2 wp-block-gallery-1 wp-block-gallery columns-3 is-cropped\"><ul class=\"blocks-gallery-grid\"><li class=\"blocks-gallery-item\"><figure><img width=\"480\" height=\"480\" src=\"https:\/\/dia.edu.az\/wp-content\/uploads\/2021\/03\/20.01.20171.jpg\" alt=\"\" data-id=\"12427\" data-full-url=\"https:\/\/dia.edu.az\/wp-content\/uploads\/2021\/03\/20.01.20171.jpg\" data-link=\"https:\/\/dia.edu.az\/?attachment_id=12427\" class=\"wp-image-12427\" srcset=\"https:\/\/legacy.dia.edu.az\/wp-content\/uploads\/2021\/03\/20.01.20171.jpg 480w, https:\/\/legacy.dia.edu.az\/wp-content\/uploads\/2021\/03\/20.01.20171-150x150@2x.jpg 300w, https:\/\/legacy.dia.edu.az\/wp-content\/uploads\/2021\/03\/20.01.20171-150x150.jpg 150w, https:\/\/legacy.dia.edu.az\/wp-content\/uploads\/2021\/03\/20.01.20171-12x12.jpg 12w, https:\/\/legacy.dia.edu.az\/wp-content\/uploads\/2021\/03\/20.01.20171-92x92.jpg 92w\" sizes=\"(max-width: 480px) 100vw, 480px\" \/><\/figure><\/li><li class=\"blocks-gallery-item\"><figure><img width=\"640\" height=\"480\" src=\"https:\/\/dia.edu.az\/wp-content\/uploads\/2021\/03\/20.01.201722.jpg\" alt=\"\" data-id=\"12428\" data-full-url=\"https:\/\/dia.edu.az\/wp-content\/uploads\/2021\/03\/20.01.201722.jpg\" data-link=\"https:\/\/dia.edu.az\/?attachment_id=12428\" class=\"wp-image-12428\" srcset=\"https:\/\/legacy.dia.edu.az\/wp-content\/uploads\/2021\/03\/20.01.201722.jpg 640w, https:\/\/legacy.dia.edu.az\/wp-content\/uploads\/2021\/03\/20.01.201722-300x225.jpg 300w, https:\/\/legacy.dia.edu.az\/wp-content\/uploads\/2021\/03\/20.01.201722-16x12.jpg 16w, https:\/\/legacy.dia.edu.az\/wp-content\/uploads\/2021\/03\/20.01.201722-300x225@2x.jpg 600w\" sizes=\"(max-width: 640px) 100vw, 640px\" \/><\/figure><\/li><li class=\"blocks-gallery-item\"><figure><img width=\"640\" height=\"248\" src=\"https:\/\/dia.edu.az\/wp-content\/uploads\/2021\/03\/20.01-1.jpg\" alt=\"\" data-id=\"12429\" data-full-url=\"https:\/\/dia.edu.az\/wp-content\/uploads\/2021\/03\/20.01-1.jpg\" data-link=\"https:\/\/dia.edu.az\/?attachment_id=12429\" class=\"wp-image-12429\" srcset=\"https:\/\/legacy.dia.edu.az\/wp-content\/uploads\/2021\/03\/20.01-1.jpg 640w, https:\/\/legacy.dia.edu.az\/wp-content\/uploads\/2021\/03\/20.01-1-300x116.jpg 300w, https:\/\/legacy.dia.edu.az\/wp-content\/uploads\/2021\/03\/20.01-1-16x6.jpg 16w, https:\/\/legacy.dia.edu.az\/wp-content\/uploads\/2021\/03\/20.01-1-300x116@2x.jpg 600w\" sizes=\"(max-width: 640px) 100vw, 640px\" \/><\/figure><\/li><\/ul><\/figure>","protected":false},"excerpt":{"rendered":"<p>20 yanvar \u015e\u0259hidl\u0259ri anild\u0131Yan 20 , 2017 &#8211; 04:12 Az\u0259rbaycan Respublikas\u0131n\u0131n Prezidenti yan\u0131nda D\u00f6vl\u0259t \u0130dar\u0259\u00e7ilik Akademiyas\u0131n\u0131n t\u0259l\u0259b\u0259l\u0259rinin t\u0259\u015f\u0259bb\u00fcs\u00fc il\u0259 yanvar\u0131n 19-da, 20 Yanvar hadis\u0259l\u0259rinin iyirmi yeddinci ild\u00f6n\u00fcm\u00fc il\u0259 \u0259laq\u0259dar \u015e\u0259hidl\u0259r Xiyaban\u0131na an\u0131m y\u00fcr\u00fc\u015f\u00fc ke\u00e7irilib. D\u0130A-n\u0131n m\u00fc\u0259llim v\u0259 t\u0259l\u0259b\u0259l\u0259ri faci\u0259 haqq\u0131nda \u00f6z fikirl\u0259rini b\u00f6l\u00fc\u015fm\u00fc\u015f, \u015f\u0259hidl\u0259rin ruhuna ehtiramlar\u0131n\u0131 bildirmi\u015fl\u0259r.<\/p>","protected":false},"author":2,"featured_media":12429,"comment_status":"closed","ping_status":"closed","sticky":false,"template":"","format":"standard","meta":[],"categories":[137],"tags":[],"_links":{"self":[{"href":"https:\/\/legacy.dia.edu.az\/en\/wp-json\/wp\/v2\/posts\/12426"}],"collection":[{"href":"https:\/\/legacy.dia.edu.az\/en\/wp-json\/wp\/v2\/posts"}],"about":[{"href":"https:\/\/legacy.dia.edu.az\/en\/wp-json\/wp\/v2\/types\/post"}],"author":[{"embeddable":true,"href":"https:\/\/legacy.dia.edu.az\/en\/wp-json\/wp\/v2\/users\/2"}],"replies":[{"embeddable":true,"href":"https:\/\/legacy.dia.edu.az\/en\/wp-json\/wp\/v2\/comments?post=12426"}],"version-history":[{"count":0,"href":"https:\/\/legacy.dia.edu.az\/en\/wp-json\/wp\/v2\/posts\/12426\/revisions"}],"wp:featuredmedia":[{"embeddable":true,"href":"https:\/\/legacy.dia.edu.az\/en\/wp-json\/wp\/v2\/media\/12429"}],"wp:attachment":[{"href":"https:\/\/legacy.dia.edu.az\/en\/wp-json\/wp\/v2\/media?parent=12426"}],"wp:term":[{"taxonomy":"category","embeddable":true,"href":"https:\/\/legacy.dia.edu.az\/en\/wp-json\/wp\/v2\/categories?post=12426"},{"taxonomy":"post_tag","embeddable":true,"href":"https:\/\/legacy.dia.edu.az\/en\/wp-json\/wp\/v2\/tags?post=12426"}],"curies":[{"name":"wp","href":"https:\/\/api.w.org\/{rel}","templated":true}]}}