{"id":12400,"date":"2021-02-23T00:54:00","date_gmt":"2021-02-22T21:54:00","guid":{"rendered":"https:\/\/dia.edu.az\/?p=12400"},"modified":"2021-03-16T00:55:03","modified_gmt":"2021-03-15T21:55:03","slug":"xocali-soyqirimi-tarixin-qanli-s%c9%99hif%c9%99sidir","status":"publish","type":"post","link":"https:\/\/legacy.dia.edu.az\/en\/arxivl\u0259r\/12400","title":{"rendered":"Xocal\u0131 soyq\u0131r\u0131m\u0131 tarixin qanl\u0131 s\u0259hif\u0259sidir"},"content":{"rendered":"<p><\/p>\n\n\n\n<p><\/p>\n\n\n\n<p><strong>Xocal\u0131 soyq\u0131r\u0131m\u0131 tarixin qanl\u0131 s\u0259hif\u0259sidir<\/strong><br><em>Fev 23 , 2017 &#8211; 04:56<\/em><\/p>\n\n\n\n<p>Fevral\u0131n 23-d\u0259 Az\u0259rbaycan Respublikas\u0131n\u0131n Prezidenti yan\u0131nda D\u00f6vl\u0259t \u0130dar\u0259\u00e7ilik Akademiyas\u0131 Heyd\u0259r \u018fliyev D\u00f6vl\u0259t \u0130dar\u0259\u00e7iliyi M\u0259kt\u0259bind\u0259 Heyd\u0259r \u018fliyev M\u0259rk\u0259zi v\u0259 D\u0130A-n\u0131n birg\u0259 t\u0259\u015fkilat\u00e7\u0131l\u0131\u011f\u0131 il\u0259 Xocal\u0131 soyq\u0131r\u0131m\u0131n\u0131n 25-ci ild\u00f6n\u00fcm\u00fcn\u0259 h\u0259sr olunmu\u015f konfrans ke\u00e7irilib.<\/p>\n\n\n\n<p>\u018fvv\u0259lc\u0259 faci\u0259 qurbanlar\u0131n\u0131n xatir\u0259si an\u0131l\u0131b.<\/p>\n\n\n\n<p>T\u0259dbird\u0259 D\u0130A-n\u0131n rektoru, akademik Urxan \u018fl\u0259kb\u0259rov erm\u0259nil\u0259rin xalq\u0131m\u0131za qar\u015f\u0131 soyq\u0131r\u0131m\u0131 siyas\u0259ti apard\u0131qlar\u0131n\u0131 bildirib.<\/p>\n\n\n\n<p>1992-ci il fevral\u0131n 25-d\u0259n 26-na ke\u00e7\u0259n gec\u0259 erm\u0259nil\u0259rin ke\u00e7mi\u015f sovet ordusunun 366-c\u0131 motoat\u0131c\u0131 alay\u0131n\u0131n k\u00f6m\u0259yi il\u0259 Xocal\u0131da t\u00f6r\u0259tdikl\u0259ri faci\u0259l\u0259rd\u0259n dan\u0131\u015fan rektor diqq\u0259t\u0259 \u00e7atd\u0131r\u0131b ki, az\u0259rbaycanl\u0131lara qar\u015f\u0131 t\u00f6r\u0259dilmi\u015f bu soyq\u0131r\u0131m\u0131 tarixin qanl\u0131 s\u0259hif\u0259l\u0259rind\u0259n biridir.<\/p>\n\n\n\n<p>\u00dcmummilli lider Heyd\u0259r \u018fliyevin t\u0259\u015f\u0259bb\u00fcs\u00fc il\u0259 Xocal\u0131 soyq\u0131r\u0131m\u0131na siyasi-h\u00fcquqi qiym\u0259t verildiyini xat\u0131rladan akademik U. \u018fl\u0259kb\u0259rov faci\u0259 bar\u0259d\u0259 h\u0259qiq\u0259tl\u0259rin d\u00fcnya ictimaiyy\u0259tin\u0259 \u00e7atd\u0131r\u0131lmas\u0131nda Heyd\u0259r \u018fliyev Fondunun m\u00fcst\u0259sna rolundan b\u0259hs edib.<\/p>\n\n\n\n<p>Rektor Heyd\u0259r \u018fliyev Fondunun vitse-prezidenti Leyla \u018fliyevan\u0131n t\u0259\u015f\u0259bb\u00fcs\u00fc il\u0259 h\u0259yata ke\u00e7iril\u0259n \u201cXocal\u0131ya \u0259dal\u0259t!\u201d beyn\u0259lxalq kampaniyas\u0131n\u0131n \u0259h\u0259miyy\u0259tini diqq\u0259t\u0259 \u00e7atd\u0131r\u0131b.<\/p>\n\n\n\n<p>Heyd\u0259r \u018fliyev M\u0259rk\u0259zinin Heyd\u0259r \u018fliyev \u0130rsinin T\u0259dqiqi v\u0259 Elmi Ara\u015fd\u0131rmalar Departamentinin direktoru M\u0259h\u0259bb\u0259t Mehtiyeva erm\u0259ni silahl\u0131 birl\u0259\u015fm\u0259l\u0259rinin torpaqlar\u0131m\u0131zda, o c\u00fcml\u0259d\u0259n Xocal\u0131da m\u0259hz g\u00fcnahs\u0131z v\u0259 dinc insanlar\u0131n qanlar\u0131n\u0131 ax\u0131td\u0131qlar\u0131n\u0131 bildirib.<\/p>\n\n\n\n<p>Ulu \u00f6nd\u0259r Heyd\u0259r \u018fliyevin hakimiyy\u0259t\u0259 qay\u0131d\u0131\u015f\u0131ndan sonra Xocal\u0131 soyq\u0131r\u0131m\u0131 haqq\u0131nda h\u0259qiq\u0259tl\u0259rin d\u00fcnya d\u00f6vl\u0259tl\u0259rin\u0259 v\u0259 beyn\u0259lxalq t\u0259\u015fkilatlara \u00e7atd\u0131r\u0131lmas\u0131 istiqam\u0259tind\u0259 \u0259h\u0259miyy\u0259tli t\u0259dbirl\u0259rin realla\u015fd\u0131r\u0131ld\u0131\u011f\u0131n\u0131 xat\u0131rladan M. Mehtiyeva bu i\u015fin davam etdirildiyini diqq\u0259t\u0259 \u00e7atd\u0131r\u0131b. Qeyd edilib ki, Heyd\u0259r \u018fliyev Fondu v\u0259 Heyd\u0259r \u018fliyev M\u0259rk\u0259zi Xocal\u0131 soyq\u0131r\u0131m\u0131 haqq\u0131nda m\u0259lumatlar\u0131n beyn\u0259lxalq ictimaiyy\u0259t\u0259 \u00e7atd\u0131r\u0131lmas\u0131na x\u00fcsusi \u00f6n\u0259m verir. Bu m\u0259qs\u0259dl\u0259 xarici \u00f6lk\u0259l\u0259rd\u0259 t\u0259dbirl\u0259r, s\u0259rgil\u0259r t\u0259\u015fkil olunur, m\u00fcxt\u0259lif dill\u0259rd\u0259 bukletl\u0259r v\u0259 kitablar n\u0259\u015fr etdirilir.<\/p>\n\n\n\n<p>M. Mehtiyeva Xocal\u0131 faci\u0259si haqq\u0131nda h\u0259qiq\u0259tl\u0259rin d\u00fcnya ictimaiyy\u0259tin\u0259 \u00e7atd\u0131r\u0131lmas\u0131nda Heyd\u0259r \u018fliyev Fondunun vitse-prezidenti Leyla \u018fliyevan\u0131n t\u0259\u015f\u0259bb\u00fcs\u00fc il\u0259 realla\u015fd\u0131r\u0131lan \u201cXocal\u0131ya \u0259dal\u0259t!\u201d beyn\u0259lxalq kampaniyas\u0131 \u00e7\u0259r\u00e7iv\u0259sind\u0259 h\u0259yata ke\u00e7iril\u0259n t\u0259dbirl\u0259rd\u0259n dan\u0131\u015f\u0131b. Vur\u011fulan\u0131b ki, bu kampaniya beyn\u0259lxalq ictimaiyy\u0259ti Xocal\u0131 faci\u0259si bar\u0259d\u0259 m\u0259lumatland\u0131rmaqla yana\u015f\u0131, h\u0259m d\u0259 d\u00fcnyada ox\u015far hadis\u0259l\u0259rin ba\u015f verm\u0259m\u0259sin\u0259 \u00e7a\u011f\u0131r\u0131\u015f m\u0259qs\u0259di da\u015f\u0131y\u0131r.<\/p>\n\n\n\n<p>Sonra D\u0130A-n\u0131n Tarix kafedras\u0131n\u0131n professoru H\u0259vva M\u0259mm\u0259dova, akademiyan\u0131n Qaraba\u011f Ara\u015fd\u0131rmalar M\u0259rk\u0259zinin m\u00fcdiri, dosent El\u00e7in \u018fhm\u0259dov, Xocal\u0131 sakini olan D\u0130A t\u0259l\u0259b\u0259si Rza Mustafayev v\u0259 dig\u0259r \u00e7\u0131x\u0131\u015f ed\u0259nl\u0259r d\u0259 erm\u0259nil\u0259rin t\u00f6r\u0259tdikl\u0259ri Xocal\u0131 soyq\u0131r\u0131m\u0131n\u0131n d\u0259h\u015f\u0259tl\u0259rind\u0259n b\u0259hs edib, bu faci\u0259nin qan yadda\u015f\u0131m\u0131zdan he\u00e7 zaman silinm\u0259y\u0259c\u0259yini bildiribl\u0259r.<\/p>\n\n\n\n<p><\/p>\n\n\n\n<figure class=\"wp-container-2 wp-block-gallery-1 wp-block-gallery columns-1 is-cropped\"><ul class=\"blocks-gallery-grid\"><li class=\"blocks-gallery-item\"><figure><img width=\"640\" height=\"417\" src=\"https:\/\/dia.edu.az\/wp-content\/uploads\/2021\/03\/xoc.jpg\" alt=\"\" data-id=\"12401\" data-full-url=\"https:\/\/dia.edu.az\/wp-content\/uploads\/2021\/03\/xoc.jpg\" data-link=\"https:\/\/dia.edu.az\/?attachment_id=12401\" class=\"wp-image-12401\" srcset=\"https:\/\/legacy.dia.edu.az\/wp-content\/uploads\/2021\/03\/xoc.jpg 640w, https:\/\/legacy.dia.edu.az\/wp-content\/uploads\/2021\/03\/xoc-300x195.jpg 300w, https:\/\/legacy.dia.edu.az\/wp-content\/uploads\/2021\/03\/xoc-16x10.jpg 16w, https:\/\/legacy.dia.edu.az\/wp-content\/uploads\/2021\/03\/xoc-300x195@2x.jpg 600w\" sizes=\"(max-width: 640px) 100vw, 640px\" \/><\/figure><\/li><\/ul><\/figure>","protected":false},"excerpt":{"rendered":"<p>Xocal\u0131 soyq\u0131r\u0131m\u0131 tarixin qanl\u0131 s\u0259hif\u0259sidirFev 23 , 2017 &#8211; 04:56 Fevral\u0131n 23-d\u0259 Az\u0259rbaycan Respublikas\u0131n\u0131n Prezidenti yan\u0131nda D\u00f6vl\u0259t \u0130dar\u0259\u00e7ilik Akademiyas\u0131 Heyd\u0259r \u018fliyev D\u00f6vl\u0259t \u0130dar\u0259\u00e7iliyi M\u0259kt\u0259bind\u0259 Heyd\u0259r \u018fliyev M\u0259rk\u0259zi v\u0259 D\u0130A-n\u0131n birg\u0259 t\u0259\u015fkilat\u00e7\u0131l\u0131\u011f\u0131 il\u0259 Xocal\u0131 soyq\u0131r\u0131m\u0131n\u0131n 25-ci ild\u00f6n\u00fcm\u00fcn\u0259 h\u0259sr olunmu\u015f konfrans ke\u00e7irilib. \u018fvv\u0259lc\u0259 faci\u0259 qurbanlar\u0131n\u0131n xatir\u0259si an\u0131l\u0131b. T\u0259dbird\u0259 D\u0130A-n\u0131n rektoru, akademik Urxan \u018fl\u0259kb\u0259rov erm\u0259nil\u0259rin xalq\u0131m\u0131za qar\u015f\u0131 soyq\u0131r\u0131m\u0131 [&hellip;]<\/p>","protected":false},"author":2,"featured_media":12401,"comment_status":"closed","ping_status":"closed","sticky":false,"template":"","format":"standard","meta":[],"categories":[137],"tags":[],"_links":{"self":[{"href":"https:\/\/legacy.dia.edu.az\/en\/wp-json\/wp\/v2\/posts\/12400"}],"collection":[{"href":"https:\/\/legacy.dia.edu.az\/en\/wp-json\/wp\/v2\/posts"}],"about":[{"href":"https:\/\/legacy.dia.edu.az\/en\/wp-json\/wp\/v2\/types\/post"}],"author":[{"embeddable":true,"href":"https:\/\/legacy.dia.edu.az\/en\/wp-json\/wp\/v2\/users\/2"}],"replies":[{"embeddable":true,"href":"https:\/\/legacy.dia.edu.az\/en\/wp-json\/wp\/v2\/comments?post=12400"}],"version-history":[{"count":0,"href":"https:\/\/legacy.dia.edu.az\/en\/wp-json\/wp\/v2\/posts\/12400\/revisions"}],"wp:featuredmedia":[{"embeddable":true,"href":"https:\/\/legacy.dia.edu.az\/en\/wp-json\/wp\/v2\/media\/12401"}],"wp:attachment":[{"href":"https:\/\/legacy.dia.edu.az\/en\/wp-json\/wp\/v2\/media?parent=12400"}],"wp:term":[{"taxonomy":"category","embeddable":true,"href":"https:\/\/legacy.dia.edu.az\/en\/wp-json\/wp\/v2\/categories?post=12400"},{"taxonomy":"post_tag","embeddable":true,"href":"https:\/\/legacy.dia.edu.az\/en\/wp-json\/wp\/v2\/tags?post=12400"}],"curies":[{"name":"wp","href":"https:\/\/api.w.org\/{rel}","templated":true}]}}