{"id":12396,"date":"2017-02-24T00:52:00","date_gmt":"2017-02-23T21:52:00","guid":{"rendered":"https:\/\/dia.edu.az\/?p=12396"},"modified":"2021-03-16T00:53:41","modified_gmt":"2021-03-15T21:53:41","slug":"dovl%c9%99t-idar%c9%99cilik-akademiyasinin-t%c9%99l%c9%99b%c9%99l%c9%99ri-d%c9%99yirmi-masa-t%c9%99skil-edibl%c9%99r","status":"publish","type":"post","link":"https:\/\/legacy.dia.edu.az\/en\/arxivl\u0259r\/12396","title":{"rendered":"D\u00f6vl\u0259t \u0130dar\u0259\u00e7ilik Akademiyas\u0131n\u0131n t\u0259l\u0259b\u0259l\u0259ri d\u0259yirmi masa t\u0259\u015fkil edibl\u0259r"},"content":{"rendered":"<p><strong>D\u00f6vl\u0259t \u0130dar\u0259\u00e7ilik Akademiyas\u0131n\u0131n t\u0259l\u0259b\u0259l\u0259ri d\u0259yirmi masa t\u0259\u015fkil edibl\u0259r<\/strong><br><em>Fev 24 , 2017 &#8211; 10:49<\/em><\/p>\n\n\n\n<p>Fevral\u0131n 24-d\u0259 Az\u0259rbaycan Respublikas\u0131n\u0131n Prezidenti yan\u0131nda D\u00f6vl\u0259t \u0130dar\u0259\u00e7ilik Akademiyas\u0131nda T\u0259l\u0259b\u0259 G\u0259ncl\u0259r T\u0259\u015fkilat\u0131 v\u0259 V\u0259t\u0259np\u0259rv\u0259rlik Klubunun birg\u0259 t\u0259\u015fkilat\u00e7\u0131l\u0131\u011f\u0131 il\u0259 Xocal\u0131 soyq\u0131r\u0131m\u0131n\u0131n 25-ci ild\u00f6n\u00fcm\u00fcn\u0259 h\u0259sr olunmu\u015f d\u0259yirmi masa ke\u00e7irilib. \u018fvv\u0259lc\u0259 faci\u0259 qurbanlar\u0131n\u0131n xatir\u0259si an\u0131l\u0131b.<\/p>\n\n\n\n<p>D\u0259yitmi masada D\u0130A-n\u0131n Humanitar v\u0259 Sosial m\u0259s\u0259l\u0259l\u0259r \u00fczr\u0259 prorektoru, dosent Mehti Abdullayev, Tarix kafedras\u0131n\u0131n professoru Musa Quliyev, Beyn\u0259lxalq m\u00fcnasib\u0259tl\u0259r v\u0259 xarici siyas\u0259t kafedras\u0131n\u0131n professoru Namiq Axundov, H\u0259mkarlar \u0130ttifaq\u0131 Komit\u0259sinin s\u0259dri Yusif A\u011fayev, T\u0259l\u0259b\u0259 G\u0259ncl\u0259r T\u0259\u015fkilat\u0131n\u0131n s\u0259dri Cavidan Abdullayev, V\u0259t\u0259np\u0259rv\u0259rlik Klubunun s\u0259dri Zeynal R\u0259\u015fidli, t\u0259l\u0259b\u0259l\u0259rd\u0259n \u018fmrah C\u0259f\u0259rov, Xan\u0131m Pa\u015fayeva v\u0259 dig\u0259r f\u0259al t\u0259l\u0259b\u0259l\u0259r \u00e7\u0131x\u0131\u015f ed\u0259r\u0259k erm\u0259nil\u0259rin t\u00f6r\u0259tdikl\u0259ri Xocal\u0131 soyq\u0131r\u0131m\u0131n\u0131n d\u0259h\u015f\u0259tl\u0259rind\u0259n b\u0259hs edib, bu faci\u0259nin milli yadda\u015f\u0131m\u0131zdan he\u00e7 zaman silinm\u0259y\u0259c\u0259yini bildiribl\u0259r.<\/p>\n\n\n\n<p><\/p>\n\n\n\n<figure class=\"wp-container-2 wp-block-gallery-1 wp-block-gallery columns-2 is-cropped\"><ul class=\"blocks-gallery-grid\"><li class=\"blocks-gallery-item\"><figure><img width=\"640\" height=\"480\" src=\"https:\/\/dia.edu.az\/wp-content\/uploads\/2021\/03\/mex.jpg\" alt=\"\" data-id=\"12397\" data-full-url=\"https:\/\/dia.edu.az\/wp-content\/uploads\/2021\/03\/mex.jpg\" data-link=\"https:\/\/dia.edu.az\/?attachment_id=12397\" class=\"wp-image-12397\" srcset=\"https:\/\/legacy.dia.edu.az\/wp-content\/uploads\/2021\/03\/mex.jpg 640w, https:\/\/legacy.dia.edu.az\/wp-content\/uploads\/2021\/03\/mex-300x225.jpg 300w, https:\/\/legacy.dia.edu.az\/wp-content\/uploads\/2021\/03\/mex-16x12.jpg 16w, https:\/\/legacy.dia.edu.az\/wp-content\/uploads\/2021\/03\/mex-300x225@2x.jpg 600w\" sizes=\"(max-width: 640px) 100vw, 640px\" \/><\/figure><\/li><li class=\"blocks-gallery-item\"><figure><img width=\"640\" height=\"480\" src=\"https:\/\/dia.edu.az\/wp-content\/uploads\/2021\/03\/mex1.jpg\" alt=\"\" data-id=\"12398\" data-full-url=\"https:\/\/dia.edu.az\/wp-content\/uploads\/2021\/03\/mex1.jpg\" data-link=\"https:\/\/dia.edu.az\/?attachment_id=12398\" class=\"wp-image-12398\" srcset=\"https:\/\/legacy.dia.edu.az\/wp-content\/uploads\/2021\/03\/mex1.jpg 640w, https:\/\/legacy.dia.edu.az\/wp-content\/uploads\/2021\/03\/mex1-300x225.jpg 300w, https:\/\/legacy.dia.edu.az\/wp-content\/uploads\/2021\/03\/mex1-16x12.jpg 16w, https:\/\/legacy.dia.edu.az\/wp-content\/uploads\/2021\/03\/mex1-300x225@2x.jpg 600w\" sizes=\"(max-width: 640px) 100vw, 640px\" \/><\/figure><\/li><\/ul><\/figure>","protected":false},"excerpt":{"rendered":"<p>D\u00f6vl\u0259t \u0130dar\u0259\u00e7ilik Akademiyas\u0131n\u0131n t\u0259l\u0259b\u0259l\u0259ri d\u0259yirmi masa t\u0259\u015fkil edibl\u0259rFev 24 , 2017 &#8211; 10:49 Fevral\u0131n 24-d\u0259 Az\u0259rbaycan Respublikas\u0131n\u0131n Prezidenti yan\u0131nda D\u00f6vl\u0259t \u0130dar\u0259\u00e7ilik Akademiyas\u0131nda T\u0259l\u0259b\u0259 G\u0259ncl\u0259r T\u0259\u015fkilat\u0131 v\u0259 V\u0259t\u0259np\u0259rv\u0259rlik Klubunun birg\u0259 t\u0259\u015fkilat\u00e7\u0131l\u0131\u011f\u0131 il\u0259 Xocal\u0131 soyq\u0131r\u0131m\u0131n\u0131n 25-ci ild\u00f6n\u00fcm\u00fcn\u0259 h\u0259sr olunmu\u015f d\u0259yirmi masa ke\u00e7irilib. \u018fvv\u0259lc\u0259 faci\u0259 qurbanlar\u0131n\u0131n xatir\u0259si an\u0131l\u0131b. D\u0259yitmi masada D\u0130A-n\u0131n Humanitar v\u0259 Sosial m\u0259s\u0259l\u0259l\u0259r \u00fczr\u0259 prorektoru, dosent [&hellip;]<\/p>","protected":false},"author":2,"featured_media":12397,"comment_status":"closed","ping_status":"closed","sticky":false,"template":"","format":"standard","meta":[],"categories":[137],"tags":[],"_links":{"self":[{"href":"https:\/\/legacy.dia.edu.az\/en\/wp-json\/wp\/v2\/posts\/12396"}],"collection":[{"href":"https:\/\/legacy.dia.edu.az\/en\/wp-json\/wp\/v2\/posts"}],"about":[{"href":"https:\/\/legacy.dia.edu.az\/en\/wp-json\/wp\/v2\/types\/post"}],"author":[{"embeddable":true,"href":"https:\/\/legacy.dia.edu.az\/en\/wp-json\/wp\/v2\/users\/2"}],"replies":[{"embeddable":true,"href":"https:\/\/legacy.dia.edu.az\/en\/wp-json\/wp\/v2\/comments?post=12396"}],"version-history":[{"count":0,"href":"https:\/\/legacy.dia.edu.az\/en\/wp-json\/wp\/v2\/posts\/12396\/revisions"}],"wp:featuredmedia":[{"embeddable":true,"href":"https:\/\/legacy.dia.edu.az\/en\/wp-json\/wp\/v2\/media\/12397"}],"wp:attachment":[{"href":"https:\/\/legacy.dia.edu.az\/en\/wp-json\/wp\/v2\/media?parent=12396"}],"wp:term":[{"taxonomy":"category","embeddable":true,"href":"https:\/\/legacy.dia.edu.az\/en\/wp-json\/wp\/v2\/categories?post=12396"},{"taxonomy":"post_tag","embeddable":true,"href":"https:\/\/legacy.dia.edu.az\/en\/wp-json\/wp\/v2\/tags?post=12396"}],"curies":[{"name":"wp","href":"https:\/\/api.w.org\/{rel}","templated":true}]}}