{"id":12392,"date":"2017-02-28T00:50:00","date_gmt":"2017-02-27T21:50:00","guid":{"rendered":"https:\/\/dia.edu.az\/?p=12392"},"modified":"2021-03-16T00:52:23","modified_gmt":"2021-03-15T21:52:23","slug":"dovl%c9%99t-idar%c9%99cilik-akademiyasinda-multikulturalizm-az%c9%99rbaycan-respublikasinin-dovl%c9%99t-siyas%c9%99ti-kimi-istiqam%c9%99tl%c9%99ri-uzr%c9%99-ixtisasartirma-kursu-keci","status":"publish","type":"post","link":"https:\/\/legacy.dia.edu.az\/en\/arxivl\u0259r\/12392","title":{"rendered":"D\u00f6vl\u0259t \u0130dar\u0259\u00e7ilik Akademiyas\u0131nda \u201cMultikulturalizm-Az\u0259rbaycan Respublikas\u0131n\u0131n d\u00f6vl\u0259t siyas\u0259ti kimi\u201d istiqam\u0259tl\u0259ri \u00fczr\u0259 ixtisasart\u0131rma kursu ke\u00e7irilir"},"content":{"rendered":"<p><\/p>\n\n\n\n<p><strong>D\u00f6vl\u0259t \u0130dar\u0259\u00e7ilik Akademiyas\u0131nda \u201cMultikulturalizm-Az\u0259rbaycan Respublikas\u0131n\u0131n d\u00f6vl\u0259t siyas\u0259ti kimi\u201d istiqam\u0259tl\u0259ri \u00fczr\u0259 ixtisasart\u0131rma kursu ke\u00e7irilir<\/strong><br><em>Fev 28 , 2017 &#8211; 11:21<\/em><\/p>\n\n\n\n<p>Az\u0259rbaycan Respublikas\u0131n\u0131n Prezidenti yan\u0131nda D\u00f6vl\u0259t \u0130dar\u0259\u00e7ilik Akademiyas\u0131nda \u201cMultikulturalizm-Az\u0259rbaycan Respublikas\u0131n\u0131n d\u00f6vl\u0259t siyas\u0259ti kimi\u201d istiqam\u0259tl\u0259ri \u00fczr\u0259 q\u0131sam\u00fcdd\u0259tli ixtisasart\u0131rma kursu ke\u00e7irilir. Kurslara d\u00f6vl\u0259t hakimiyy\u0259tinin m\u0259rk\u0259zi, \u015f\u0259h\u0259r, rayon miqyasl\u0131 orqanlar\u0131n\u0131n, m\u00fcvafiq nazirlik, komit\u0259 v\u0259 idar\u0259l\u0259rinin r\u0259hb\u0259r i\u015f\u00e7il\u0259ri c\u0259lb edilibl\u0259r.<\/p>\n\n\n\n<p>\u201cMultikulturalizm &#8211; Az\u0259rbaycan Respublikas\u0131n\u0131n d\u00f6vl\u0259t siyas\u0259ti kimi\u201d istiqam\u0259ti \u00fczr\u0259 q\u0131sam\u00fcdd\u0259tli ixtisasart\u0131rma kursunun \u0259sas m\u0259qs\u0259di \u00fcmummilli lider Heyd\u0259r \u018fliyev siyasi multikulturalizmin banisi kimi, davaml\u0131 insan inki\u015faf\u0131 v\u0259 multikulturalizm, multikulturalizmin sosial-f\u0259ls\u0259fi t\u0259hlili, v\u0259t\u0259nda\u015f\u0131n m\u0259n\u0259vi immunitetinin formala\u015fmas\u0131 v\u0259 s. kimi aktual &nbsp;m\u00f6vzularla ba\u011fl\u0131 bilikl\u0259rin dinl\u0259yicil\u0259r\u0259 \u00e7atd\u0131r\u0131lmas\u0131 v\u0259 onlarla fikir m\u00fcbadil\u0259sinin apar\u0131lmas\u0131d\u0131r.<\/p>\n\n\n\n<p>Az\u0259rbaycan Respublikas\u0131n\u0131n mill\u0259tl\u0259raras\u0131, multikulturalizm v\u0259 dini m\u0259s\u0259l\u0259l\u0259r \u00fczr\u0259 D\u00f6vl\u0259t m\u00fc\u015faviri, akademik Kamal Abdullayev m\u00fchazir\u0259sind\u0259 qeyd edib ki, \u00f6lk\u0259miz d\u00fcnyada multikultural \u0259n\u0259n\u0259l\u0259ri \u00f6z\u00fcnd\u0259 birl\u0259\u015fdir\u0259n v\u0259 bu \u0259n\u0259n\u0259l\u0259ri ya\u015fadan \u00f6lk\u0259 kimi tan\u0131n\u0131r. Tarix\u0259n Az\u0259rbaycanda m\u00fcxt\u0259lif m\u0259d\u0259niyy\u0259tl\u0259r olsa da, burada insanlar h\u0259r zaman mehriban \u015f\u0259raitd\u0259 ya\u015fay\u0131blar v\u0259 bu g\u00fcn d\u0259 ya\u015famaqdad\u0131rlar. Akademik Kamal Abdullayev \u00e7\u0131x\u0131\u015f\u0131nda multikulturalizm \u0259n\u0259n\u0259l\u0259ri haqq\u0131nda fikirl\u0259rini b\u00f6l\u00fc\u015f\u00fcb: \u201cBu g\u00fcn Az\u0259rbaycan multikulturalizmind\u0259n dan\u0131\u015fark\u0259n ulu \u00f6nd\u0259r Heyd\u0259r \u018fliyevin \u201cMultikulturalizm Az\u0259rbaycan xalq\u0131n\u0131n can\u0131na, qan\u0131na xas olan bir d\u0259y\u0259rdir\u201d s\u00f6zl\u0259rind\u0259n \u00e7\u0131x\u0131\u015f edirik. Prezident \u0130lham \u018fliyevin xalq\u0131n milli d\u0259y\u0259rl\u0259rin\u0259 sadiq qalaraq 2016-c\u0131 ili \u201cMultikulturalizm ili\u201d elan etm\u0259si d\u00f6vl\u0259timizin h\u0259r bir v\u0259t\u0259nda\u015f\u0131n\u0131n d\u00fcnya d\u0259y\u0259rl\u0259rin\u0259 h\u00f6rm\u0259tl\u0259 yana\u015fmas\u0131n\u0131n g\u00f6st\u0259ricisidir. Az\u0259rbaycanda ya\u015fayan m\u00fcxt\u0259lif mill\u0259tl\u0259rin v\u0259 konfessiyalar\u0131n n\u00fcmay\u0259nd\u0259l\u0259ri bir-biri il\u0259 ah\u0259ngdar r\u0259ftar edirl\u0259r. Bu g\u00fcn Az\u0259rbaycan c\u0259miyy\u0259ti d\u00fcnyan\u0131n apar\u0131c\u0131 c\u0259miyy\u0259tl\u0259ri s\u0131ras\u0131nda q\u0259rarla\u015f\u0131r. Bunun n\u0259tic\u0259sidir ki, d\u00fcnya xalqlar\u0131 v\u0259 \u00f6lk\u0259l\u0259ri t\u0259r\u0259find\u0259n Az\u0259rbaycana diqq\u0259tcil m\u00fcnasib\u0259t g\u00f6st\u0259rilir. Az\u0259rbaycan multikulturalizmi Portuqaliyadan tutmu\u015f \u0130ndoneziyayad\u0259k m\u00fcxt\u0259lif \u00f6lk\u0259l\u0259rin universitetl\u0259rind\u0259 t\u0259dris edilir. Bu da xalq\u0131m\u0131z\u0131n m\u0259d\u0259niyy\u0259tinin, ictimai-siyasi h\u0259yat\u0131n\u0131n, \u0259d\u0259biyyat\u0131n\u0131n, dilinin v\u0259 dininin \u00f6yr\u0259nilm\u0259si dem\u0259kdir. Bu g\u00fcn Avropan\u0131n bir s\u0131ra \u00f6lk\u0259l\u0259ri multikulturalizmd\u0259n imtina edibl\u0259r. Bu, multikulturalizm\u0259 olan b\u0259dbin m\u00fcnasib\u0259tin n\u0259tic\u0259sidir. D\u00f6vl\u0259timizin ba\u015f\u00e7\u0131s\u0131n\u0131n \u00f6lk\u0259mizd\u0259 multikulturalizmi d\u00f6vl\u0259t siyas\u0259ti elan etm\u0259si multikultural h\u0259yat\u0131n nikbin ruhunu m\u00fc\u0259yy\u0259nl\u0259\u015fdirir. Bel\u0259 ki, multikultural c\u0259miyy\u0259td\u0259 insan inki\u015faf\u0131 v\u0259 resurslar\u0131n idar\u0259edilm\u0259si v\u0259 bu y\u00f6nd\u0259 at\u0131lan add\u0131mlar da t\u0259qdir\u0259layiqdir.<\/p>\n\n\n\n<p>Mart ay\u0131n\u0131n 4-d\u0259k davam ed\u0259c\u0259k kurslarda d\u00f6vl\u0259t hakimiyy\u0259tinin m\u0259rk\u0259zi, \u015f\u0259h\u0259r, rayon miqyasl\u0131 orqanlar\u0131n\u0131n, m\u00fcvafiq nazirlik, komit\u0259 v\u0259 idar\u0259l\u0259rinin r\u0259hb\u0259r i\u015f\u00e7il\u0259rind\u0259n ibar\u0259t d\u00f6vl\u0259t qulluq\u00e7ular\u0131 bu sah\u0259d\u0259 f\u0259aliyy\u0259t g\u00f6st\u0259r\u0259n ekspertl\u0259rin m\u00fchazir\u0259l\u0259rini dinl\u0259y\u0259c\u0259kl\u0259r.<\/p>\n\n\n\n<p><\/p>\n\n\n\n<figure class=\"wp-container-2 wp-block-gallery-1 wp-block-gallery columns-2 is-cropped\"><ul class=\"blocks-gallery-grid\"><li class=\"blocks-gallery-item\"><figure><img width=\"640\" height=\"424\" src=\"https:\/\/dia.edu.az\/wp-content\/uploads\/2021\/03\/kam1.jpg\" alt=\"\" data-id=\"12393\" data-full-url=\"https:\/\/dia.edu.az\/wp-content\/uploads\/2021\/03\/kam1.jpg\" data-link=\"https:\/\/dia.edu.az\/?attachment_id=12393\" class=\"wp-image-12393\" srcset=\"https:\/\/legacy.dia.edu.az\/wp-content\/uploads\/2021\/03\/kam1.jpg 640w, https:\/\/legacy.dia.edu.az\/wp-content\/uploads\/2021\/03\/kam1-300x199.jpg 300w, https:\/\/legacy.dia.edu.az\/wp-content\/uploads\/2021\/03\/kam1-16x12.jpg 16w, https:\/\/legacy.dia.edu.az\/wp-content\/uploads\/2021\/03\/kam1-150x100.jpg 150w, https:\/\/legacy.dia.edu.az\/wp-content\/uploads\/2021\/03\/kam1-300x199@2x.jpg 600w\" sizes=\"(max-width: 640px) 100vw, 640px\" \/><\/figure><\/li><li class=\"blocks-gallery-item\"><figure><img width=\"640\" height=\"457\" src=\"https:\/\/dia.edu.az\/wp-content\/uploads\/2021\/03\/kam2.jpg\" alt=\"\" data-id=\"12394\" data-full-url=\"https:\/\/dia.edu.az\/wp-content\/uploads\/2021\/03\/kam2.jpg\" data-link=\"https:\/\/dia.edu.az\/?attachment_id=12394\" class=\"wp-image-12394\" srcset=\"https:\/\/legacy.dia.edu.az\/wp-content\/uploads\/2021\/03\/kam2.jpg 640w, https:\/\/legacy.dia.edu.az\/wp-content\/uploads\/2021\/03\/kam2-300x214.jpg 300w, https:\/\/legacy.dia.edu.az\/wp-content\/uploads\/2021\/03\/kam2-16x12.jpg 16w, https:\/\/legacy.dia.edu.az\/wp-content\/uploads\/2021\/03\/kam2-300x214@2x.jpg 600w\" sizes=\"(max-width: 640px) 100vw, 640px\" \/><\/figure><\/li><\/ul><\/figure>","protected":false},"excerpt":{"rendered":"<p>D\u00f6vl\u0259t \u0130dar\u0259\u00e7ilik Akademiyas\u0131nda \u201cMultikulturalizm-Az\u0259rbaycan Respublikas\u0131n\u0131n d\u00f6vl\u0259t siyas\u0259ti kimi\u201d istiqam\u0259tl\u0259ri \u00fczr\u0259 ixtisasart\u0131rma kursu ke\u00e7irilirFev 28 , 2017 &#8211; 11:21 Az\u0259rbaycan Respublikas\u0131n\u0131n Prezidenti yan\u0131nda D\u00f6vl\u0259t \u0130dar\u0259\u00e7ilik Akademiyas\u0131nda \u201cMultikulturalizm-Az\u0259rbaycan Respublikas\u0131n\u0131n d\u00f6vl\u0259t siyas\u0259ti kimi\u201d istiqam\u0259tl\u0259ri \u00fczr\u0259 q\u0131sam\u00fcdd\u0259tli ixtisasart\u0131rma kursu ke\u00e7irilir. Kurslara d\u00f6vl\u0259t hakimiyy\u0259tinin m\u0259rk\u0259zi, \u015f\u0259h\u0259r, rayon miqyasl\u0131 orqanlar\u0131n\u0131n, m\u00fcvafiq nazirlik, komit\u0259 v\u0259 idar\u0259l\u0259rinin r\u0259hb\u0259r i\u015f\u00e7il\u0259ri c\u0259lb edilibl\u0259r. \u201cMultikulturalizm &#8211; [&hellip;]<\/p>","protected":false},"author":2,"featured_media":12393,"comment_status":"closed","ping_status":"closed","sticky":false,"template":"","format":"standard","meta":[],"categories":[137],"tags":[],"_links":{"self":[{"href":"https:\/\/legacy.dia.edu.az\/en\/wp-json\/wp\/v2\/posts\/12392"}],"collection":[{"href":"https:\/\/legacy.dia.edu.az\/en\/wp-json\/wp\/v2\/posts"}],"about":[{"href":"https:\/\/legacy.dia.edu.az\/en\/wp-json\/wp\/v2\/types\/post"}],"author":[{"embeddable":true,"href":"https:\/\/legacy.dia.edu.az\/en\/wp-json\/wp\/v2\/users\/2"}],"replies":[{"embeddable":true,"href":"https:\/\/legacy.dia.edu.az\/en\/wp-json\/wp\/v2\/comments?post=12392"}],"version-history":[{"count":0,"href":"https:\/\/legacy.dia.edu.az\/en\/wp-json\/wp\/v2\/posts\/12392\/revisions"}],"wp:featuredmedia":[{"embeddable":true,"href":"https:\/\/legacy.dia.edu.az\/en\/wp-json\/wp\/v2\/media\/12393"}],"wp:attachment":[{"href":"https:\/\/legacy.dia.edu.az\/en\/wp-json\/wp\/v2\/media?parent=12392"}],"wp:term":[{"taxonomy":"category","embeddable":true,"href":"https:\/\/legacy.dia.edu.az\/en\/wp-json\/wp\/v2\/categories?post=12392"},{"taxonomy":"post_tag","embeddable":true,"href":"https:\/\/legacy.dia.edu.az\/en\/wp-json\/wp\/v2\/tags?post=12392"}],"curies":[{"name":"wp","href":"https:\/\/api.w.org\/{rel}","templated":true}]}}