{"id":12387,"date":"2017-03-02T00:48:00","date_gmt":"2017-03-01T21:48:00","guid":{"rendered":"https:\/\/dia.edu.az\/?p=12387"},"modified":"2021-03-16T00:49:41","modified_gmt":"2021-03-15T21:49:41","slug":"dovl%c9%99t-idar%c9%99cilik-akademiyasinin-numay%c9%99nd%c9%99-hey%c9%99ti-parisd%c9%99-bir-sira-gorusl%c9%99r-kecirib","status":"publish","type":"post","link":"https:\/\/legacy.dia.edu.az\/en\/arxivl\u0259r\/12387","title":{"rendered":"D\u00f6vl\u0259t \u0130dar\u0259\u00e7ilik Akademiyas\u0131n\u0131n n\u00fcmay\u0259nd\u0259 hey\u0259ti Parisd\u0259 bir s\u0131ra g\u00f6r\u00fc\u015fl\u0259r ke\u00e7irib"},"content":{"rendered":"<p><strong>D\u00f6vl\u0259t \u0130dar\u0259\u00e7ilik Akademiyas\u0131n\u0131n n\u00fcmay\u0259nd\u0259 hey\u0259ti Parisd\u0259 bir s\u0131ra g\u00f6r\u00fc\u015fl\u0259r ke\u00e7irib<\/strong><br><em>Mart 02 , 2017 &#8211; 01:27<\/em><\/p>\n\n\n\n<p>Avropa \u0130ttifaq\u0131 t\u0259r\u0259find\u0259n maliyy\u0259l\u0259\u015fdiril\u0259n, BMT-nin \u0130nki\u015faf Proqram\u0131 il\u0259 Az\u0259rbaycan Respublikas\u0131n\u0131n Prezidenti yan\u0131nda D\u00f6vl\u0259t \u0130dar\u0259\u00e7ilik Akademiyas\u0131n\u0131n (D\u0130A) birg\u0259 h\u0259yata ke\u00e7irdiyi \u201cAz\u0259rbaycan Respublikas\u0131nda d\u00f6vl\u0259t qullu\u011fu \u00fczr\u0259 t\u0259liml\u0259r\u0259 d\u0259st\u0259k layih\u0259si\u201d \u00e7\u0259r\u00e7iv\u0259sind\u0259 D\u0130A-n\u0131n rektoru, akademik Urxan \u018fl\u0259kb\u0259rovun r\u0259hb\u0259rlik etdiyi n\u00fcmay\u0259nd\u0259 hey\u0259ti Paris\u0259 s\u0259f\u0259r edib.<\/p>\n\n\n\n<p>S\u0259f\u0259r \u00e7\u0259r\u00e7iv\u0259sind\u0259 n\u00fcmay\u0259nd\u0259 hey\u0259tinin Fransa Ba\u015f nazirinin yan\u0131nda f\u0259aliyy\u0259t g\u00f6st\u0259r\u0259n Paris Milli \u0130dar\u0259\u00e7ilik M\u0259kt\u0259bind\u0259 (ENA) v\u0259 Siyasi Elml\u0259r \u0130nstitutunda g\u00f6r\u00fc\u015fl\u0259ri olub.<\/p>\n\n\n\n<p>ENA-da ke\u00e7iril\u0259n g\u00f6r\u00fc\u015fd\u0259 akademik Urxan \u018fl\u0259kb\u0259rov Az\u0259rbaycan\u0131n tarixi, \u00f6lk\u0259mizd\u0259 ged\u0259n siyasi, iqtisadi prosesl\u0259r bar\u0259d\u0259 geni\u015f m\u0259lumat verib. \u018fsas\u0131 ulu \u00f6nd\u0259r Heyd\u0259r \u018fliyev t\u0259r\u0259find\u0259n qoyulan, haz\u0131rda Prezident \u0130lham \u018fliyevin u\u011furla davam etdirdiyi siyasi, iqtisadi islahatlar bar\u0259d\u0259 dan\u0131\u015fan rektor Az\u0259rbaycan\u0131n m\u00fcasir beyn\u0259lxalq m\u00fcnasib\u0259tl\u0259r sistemind\u0259 yeri v\u0259 rolunu qeyd edib. O, BMT-nin, Beyn\u0259lxalq Bank\u0131n v\u0259 dig\u0259r n\u00fcfuzlu beyn\u0259lxalq qurumlar\u0131n \u00f6lk\u0259mizin innovativ t\u0259r\u0259qqisi il\u0259 ba\u011fl\u0131 qiym\u0259tl\u0259ndirm\u0259l\u0259rin\u0259 \u0259saslanan t\u0259hlill\u0259ri i\u015ftirak\u00e7\u0131lar\u0131n diqq\u0259tin\u0259 \u00e7atd\u0131r\u0131b.<\/p>\n\n\n\n<p>Urxan \u018fl\u0259kb\u0259rov vur\u011fulay\u0131b ki, Az\u0259rbaycan\u0131n q\u0131sa m\u00fcdd\u0259td\u0259 iqtisadi v\u0259 sosial sah\u0259l\u0259rd\u0259 qazand\u0131\u011f\u0131 y\u00fcks\u0259k nailiyy\u0259tl\u0259r, XXI \u0259srin \u00e7a\u011f\u0131r\u0131\u015flar\u0131n\u0131n h\u0259llin\u0259 y\u00f6n\u0259lmi\u015f d\u00fcnya \u0259h\u0259miyy\u0259tli t\u0259\u015f\u0259bb\u00fcsl\u0259ri, ild\u0259n-il\u0259 artan beyn\u0259lxalq n\u00fcfuzu \u00f6lk\u0259ni bir \u00e7ox istiqam\u0259tl\u0259rd\u0259 regional v\u0259 qlobal lider\u0259 \u00e7evirib. Son 10 ild\u0259 \u00f6lk\u0259mizd\u0259 davaml\u0131 inki\u015faf \u00fc\u00e7\u00fcn iqtisadi baza yarad\u0131l\u0131b. Az\u0259rbaycan son ill\u0259rd\u0259 bir \u00e7ox davaml\u0131 inki\u015faf g\u00f6st\u0259ricil\u0259rin\u0259 g\u00f6r\u0259 d\u00fcnyan\u0131n b\u0259zi apar\u0131c\u0131 \u00f6lk\u0259l\u0259rini \u00fcst\u0259l\u0259yir. Bu u\u011furlar\u0131n k\u00f6k\u00fcnd\u0259 yaln\u0131z yax\u015f\u0131 idar\u0259\u00e7ilik v\u0259 d\u00f6vl\u0259t institutlar\u0131n\u0131n, v\u0259t\u0259nda\u015f c\u0259miyy\u0259tinin v\u0259 \u00f6z\u0259l sektorun f\u0259aliyy\u0259tinin kombinasiyas\u0131 dayan\u0131r. Bu istiqam\u0259td\u0259 Az\u0259rbaycan\u0131n Birinci vitse-prezidenti Mehriban \u018fliyevan\u0131n f\u0259aliyy\u0259ti olduqca \u0259h\u0259miyy\u0259tlidir.<\/p>\n\n\n\n<p>D\u0130A-n\u0131n f\u0259aliyy\u0259ti bar\u0259d\u0259 dan\u0131\u015fan rektor bildirib ki, bu ali m\u0259kt\u0259bd\u0259 d\u0259rs dey\u0259n m\u00fc\u0259llim hey\u0259tinin \u0259ks\u0259riyy\u0259ti \u00f6lk\u0259nin siyasi idar\u0259\u00e7iliyind\u0259 m\u00fch\u00fcm rol oynayan \u015f\u0259xsl\u0259rdir.<\/p>\n\n\n\n<p>Paris Milli \u0130dar\u0259\u00e7ilik M\u0259kt\u0259binin beyn\u0259lxalq \u0259laq\u0259l\u0259r \u00fczr\u0259 direktor m\u00fcavini Orelia Roye-Gun\u0259n qurumun missiyas\u0131, f\u0259aliyy\u0259ti, q\u0131sam\u00fcdd\u0259tli v\u0259 uzunm\u00fcdd\u0259tli t\u0259lim bar\u0259d\u0259 dan\u0131\u015f\u0131b. ENA-n\u0131n Avropa departamentinin r\u0259hb\u0259ri Klodin J\u00fcstafr beyn\u0259lxalq \u0259m\u0259kda\u015fl\u0131q v\u0259 t\u0259lim proqramlar\u0131, Magelon Orlianj-Ladsus Fransada d\u00f6vl\u0259t idar\u0259\u00e7iliyi sah\u0259sind\u0259 r\u0259hb\u0259r kadrlar\u0131n fasil\u0259siz t\u0259limi, ENA-n\u0131n d\u00f6vl\u0259t qulluq\u00e7ular\u0131n\u0131n haz\u0131rl\u0131\u011f\u0131 strategiyas\u0131n\u0131n h\u0259yata ke\u00e7irilm\u0259sind\u0259 rolu il\u0259 ba\u011fl\u0131 m\u0259lumat veribl\u0259r.<\/p>\n\n\n\n<p>D\u0130A-n\u0131n elmi t\u0259\u015fkilat \u015f\u00f6b\u0259sinin m\u00fcdiri, siyasi elml\u0259r \u00fczr\u0259 f\u0259ls\u0259f\u0259 doktoru, dosent R\u0259c\u0259b R\u0259himli, analitik t\u0259hlil \u00fczr\u0259 m\u00fc\u015faviri, dosent Ziyaf\u0259t H\u0259bibova, R\u0259hb\u0259r D\u00f6vl\u0259t \u0130dar\u0259\u00e7iliyi Kadrlar\u0131n\u0131n \u0130xtisas\u0131n\u0131n Art\u0131r\u0131lmas\u0131 \u0130nstitutunun direktoru, professor G\u00fclnar\u0259 Qurbanova, akademiyan\u0131n doktorant\u0131, Az\u0259rbaycan Respublikas\u0131n\u0131n Prezidenti yan\u0131nda V\u0259t\u0259nda\u015flara Xidm\u0259t v\u0259 Sosial \u0130nnovasiyalar \u00fczr\u0259 D\u00f6vl\u0259t Agentliyinin insan resurslar\u0131 v\u0259 t\u0259lim \u015f\u00f6b\u0259sinin \u0259m\u0259kda\u015f\u0131 Anar H\u0259s\u0259nov d\u00f6vl\u0259t idar\u0259etm\u0259 sistemi sah\u0259sind\u0259 apar\u0131lan islahatlardan, qazan\u0131lan u\u011furlardan s\u00f6hb\u0259t a\u00e7\u0131blar. \u00d6lk\u0259d\u0259 insan potensial\u0131n\u0131n formala\u015fd\u0131r\u0131lmas\u0131, bu siyas\u0259tin t\u0259rkib hiss\u0259si kimi d\u00f6vl\u0259t qulluq\u00e7ular\u0131n\u0131n fasil\u0259siz haz\u0131rl\u0131\u011f\u0131 sisteminin t\u0259kmill\u0259\u015fdirilm\u0259si sah\u0259sind\u0259 g\u00f6r\u00fcl\u0259n t\u0259dbirl\u0259rin u\u011furlu n\u0259tic\u0259l\u0259rinin \u0259h\u0259miyy\u0259ti bar\u0259d\u0259 fikir m\u00fcbadil\u0259si apar\u0131l\u0131b. G\u00f6r\u00fc\u015fd\u0259 \u00f6lk\u0259mizd\u0259 h\u0259yata ke\u00e7iril\u0259n t\u0259dbirl\u0259rin insan potensial\u0131n\u0131n keyfiyy\u0259tinin y\u00fcks\u0259ldilm\u0259si il\u0259 yana\u015f\u0131, dinamik inki\u015faf ed\u0259n c\u0259miyy\u0259tin t\u0259l\u0259bl\u0259rin\u0259 cavab ver\u0259n d\u00f6vl\u0259t idar\u0259\u00e7iliyi sisteminin qurulmas\u0131nda da m\u00fch\u00fcm rol oynad\u0131\u011f\u0131 qeyd edilib.<\/p>\n\n\n\n<p>Sonda h\u0259r iki t\u0259r\u0259fi maraqland\u0131ran suallar cavabland\u0131r\u0131l\u0131b.<\/p>\n\n\n\n<p>Proqram \u00e7\u0259r\u00e7iv\u0259sind\u0259 D\u0130A-n\u0131n n\u00fcmay\u0259nd\u0259 hey\u0259ti y\u00fcks\u0259k beyn\u0259lxalq n\u00fcfuza malik olan Paris Siyasi Elml\u0259r \u0130nstitutunda olub. G\u00f6r\u00fc\u015fd\u0259 \u0259m\u0259kda\u015fl\u0131\u011f\u0131n perspektivl\u0259ri m\u00fczakir\u0259 edilib.<\/p>\n\n\n\n<p>G\u00f6r\u00fc\u015fl\u0259r zaman\u0131 D\u0130A-n\u0131n n\u00fcmay\u0259nd\u0259 hey\u0259tini Az\u0259rbaycan\u0131n Fransadak\u0131 f\u00f6vq\u0259lad\u0259 v\u0259 s\u0259lahiyy\u0259tli s\u0259firi El\u00e7in \u018fmirb\u0259yov, s\u0259firliyin siyasi i\u015fl\u0259r \u00fczr\u0259 m\u00fc\u015faviri Nigar H\u00fcseynova v\u0259 BMT-nin \u0130nki\u015faf Proqram\u0131n\u0131n layih\u0259 r\u0259hb\u0259ri Lal\u0259 Rzayeva m\u00fc\u015fayi\u0259t edibl\u0259r.<\/p>\n\n\n\n<p><\/p>\n\n\n\n<figure class=\"wp-container-2 wp-block-gallery-1 wp-block-gallery columns-3 is-cropped\"><ul class=\"blocks-gallery-grid\"><li class=\"blocks-gallery-item\"><figure><img width=\"640\" height=\"426\" src=\"https:\/\/dia.edu.az\/wp-content\/uploads\/2021\/03\/fr1.jpg\" alt=\"\" data-id=\"12388\" data-full-url=\"https:\/\/dia.edu.az\/wp-content\/uploads\/2021\/03\/fr1.jpg\" data-link=\"https:\/\/dia.edu.az\/?attachment_id=12388\" class=\"wp-image-12388\" srcset=\"https:\/\/legacy.dia.edu.az\/wp-content\/uploads\/2021\/03\/fr1.jpg 640w, https:\/\/legacy.dia.edu.az\/wp-content\/uploads\/2021\/03\/fr1-300x200.jpg 300w, https:\/\/legacy.dia.edu.az\/wp-content\/uploads\/2021\/03\/fr1-16x12.jpg 16w, https:\/\/legacy.dia.edu.az\/wp-content\/uploads\/2021\/03\/fr1-150x100.jpg 150w, https:\/\/legacy.dia.edu.az\/wp-content\/uploads\/2021\/03\/fr1-300x200@2x.jpg 600w\" sizes=\"(max-width: 640px) 100vw, 640px\" \/><\/figure><\/li><li class=\"blocks-gallery-item\"><figure><img width=\"640\" height=\"426\" src=\"https:\/\/dia.edu.az\/wp-content\/uploads\/2021\/03\/fr2.jpg\" alt=\"\" data-id=\"12389\" data-full-url=\"https:\/\/dia.edu.az\/wp-content\/uploads\/2021\/03\/fr2.jpg\" data-link=\"https:\/\/dia.edu.az\/?attachment_id=12389\" class=\"wp-image-12389\" srcset=\"https:\/\/legacy.dia.edu.az\/wp-content\/uploads\/2021\/03\/fr2.jpg 640w, https:\/\/legacy.dia.edu.az\/wp-content\/uploads\/2021\/03\/fr2-300x200.jpg 300w, https:\/\/legacy.dia.edu.az\/wp-content\/uploads\/2021\/03\/fr2-16x12.jpg 16w, https:\/\/legacy.dia.edu.az\/wp-content\/uploads\/2021\/03\/fr2-150x100.jpg 150w, https:\/\/legacy.dia.edu.az\/wp-content\/uploads\/2021\/03\/fr2-300x200@2x.jpg 600w\" sizes=\"(max-width: 640px) 100vw, 640px\" \/><\/figure><\/li><li class=\"blocks-gallery-item\"><figure><img width=\"640\" height=\"426\" src=\"https:\/\/dia.edu.az\/wp-content\/uploads\/2021\/03\/fr3.jpg\" alt=\"\" data-id=\"12390\" data-full-url=\"https:\/\/dia.edu.az\/wp-content\/uploads\/2021\/03\/fr3.jpg\" data-link=\"https:\/\/dia.edu.az\/?attachment_id=12390\" class=\"wp-image-12390\" srcset=\"https:\/\/legacy.dia.edu.az\/wp-content\/uploads\/2021\/03\/fr3.jpg 640w, https:\/\/legacy.dia.edu.az\/wp-content\/uploads\/2021\/03\/fr3-300x200.jpg 300w, https:\/\/legacy.dia.edu.az\/wp-content\/uploads\/2021\/03\/fr3-16x12.jpg 16w, https:\/\/legacy.dia.edu.az\/wp-content\/uploads\/2021\/03\/fr3-150x100.jpg 150w, https:\/\/legacy.dia.edu.az\/wp-content\/uploads\/2021\/03\/fr3-300x200@2x.jpg 600w\" sizes=\"(max-width: 640px) 100vw, 640px\" \/><\/figure><\/li><\/ul><\/figure>","protected":false},"excerpt":{"rendered":"<p>D\u00f6vl\u0259t \u0130dar\u0259\u00e7ilik Akademiyas\u0131n\u0131n n\u00fcmay\u0259nd\u0259 hey\u0259ti Parisd\u0259 bir s\u0131ra g\u00f6r\u00fc\u015fl\u0259r ke\u00e7iribMart 02 , 2017 &#8211; 01:27 Avropa \u0130ttifaq\u0131 t\u0259r\u0259find\u0259n maliyy\u0259l\u0259\u015fdiril\u0259n, BMT-nin \u0130nki\u015faf Proqram\u0131 il\u0259 Az\u0259rbaycan Respublikas\u0131n\u0131n Prezidenti yan\u0131nda D\u00f6vl\u0259t \u0130dar\u0259\u00e7ilik Akademiyas\u0131n\u0131n (D\u0130A) birg\u0259 h\u0259yata ke\u00e7irdiyi \u201cAz\u0259rbaycan Respublikas\u0131nda d\u00f6vl\u0259t qullu\u011fu \u00fczr\u0259 t\u0259liml\u0259r\u0259 d\u0259st\u0259k layih\u0259si\u201d \u00e7\u0259r\u00e7iv\u0259sind\u0259 D\u0130A-n\u0131n rektoru, akademik Urxan \u018fl\u0259kb\u0259rovun r\u0259hb\u0259rlik etdiyi n\u00fcmay\u0259nd\u0259 hey\u0259ti Paris\u0259 s\u0259f\u0259r edib. [&hellip;]<\/p>","protected":false},"author":2,"featured_media":12389,"comment_status":"closed","ping_status":"closed","sticky":false,"template":"","format":"standard","meta":[],"categories":[137],"tags":[],"_links":{"self":[{"href":"https:\/\/legacy.dia.edu.az\/en\/wp-json\/wp\/v2\/posts\/12387"}],"collection":[{"href":"https:\/\/legacy.dia.edu.az\/en\/wp-json\/wp\/v2\/posts"}],"about":[{"href":"https:\/\/legacy.dia.edu.az\/en\/wp-json\/wp\/v2\/types\/post"}],"author":[{"embeddable":true,"href":"https:\/\/legacy.dia.edu.az\/en\/wp-json\/wp\/v2\/users\/2"}],"replies":[{"embeddable":true,"href":"https:\/\/legacy.dia.edu.az\/en\/wp-json\/wp\/v2\/comments?post=12387"}],"version-history":[{"count":0,"href":"https:\/\/legacy.dia.edu.az\/en\/wp-json\/wp\/v2\/posts\/12387\/revisions"}],"wp:featuredmedia":[{"embeddable":true,"href":"https:\/\/legacy.dia.edu.az\/en\/wp-json\/wp\/v2\/media\/12389"}],"wp:attachment":[{"href":"https:\/\/legacy.dia.edu.az\/en\/wp-json\/wp\/v2\/media?parent=12387"}],"wp:term":[{"taxonomy":"category","embeddable":true,"href":"https:\/\/legacy.dia.edu.az\/en\/wp-json\/wp\/v2\/categories?post=12387"},{"taxonomy":"post_tag","embeddable":true,"href":"https:\/\/legacy.dia.edu.az\/en\/wp-json\/wp\/v2\/tags?post=12387"}],"curies":[{"name":"wp","href":"https:\/\/api.w.org\/{rel}","templated":true}]}}