{"id":12377,"date":"2017-03-09T00:39:00","date_gmt":"2017-03-08T21:39:00","guid":{"rendered":"https:\/\/dia.edu.az\/?p=12377"},"modified":"2021-03-16T00:42:54","modified_gmt":"2021-03-15T21:42:54","slug":"dovl%c9%99t-idar%c9%99cilik-akademiyasi-il%c9%99-%c9%99man%c9%99tl%c9%99rin-sigortalanmasi-fondu-arasinda-%c9%99m%c9%99kdasliq-%c9%99laq%c9%99l%c9%99ri-genisl%c9%99nir","status":"publish","type":"post","link":"https:\/\/legacy.dia.edu.az\/en\/arxivl\u0259r\/12377","title":{"rendered":"D\u00f6vl\u0259t \u0130dar\u0259\u00e7ilik Akademiyas\u0131 il\u0259 \u018fman\u0259tl\u0259rin S\u0131\u011fortalanmas\u0131 Fondu aras\u0131nda \u0259m\u0259kda\u015fl\u0131q \u0259laq\u0259l\u0259ri geni\u015fl\u0259nir"},"content":{"rendered":"<p><strong>D\u00f6vl\u0259t \u0130dar\u0259\u00e7ilik Akademiyas\u0131 il\u0259 \u018fman\u0259tl\u0259rin S\u0131\u011fortalanmas\u0131 Fondu aras\u0131nda \u0259m\u0259kda\u015fl\u0131q \u0259laq\u0259l\u0259ri geni\u015fl\u0259nir<\/strong><br><em>Mart 09 , 2017 &#8211; 10:21<\/em><\/p>\n\n\n\n<p>9 mart 2017-ci il tarixd\u0259 Az\u0259rbaycan Respublikas\u0131n\u0131n Prezidenti yan\u0131nda D\u00f6vl\u0259t \u0130dar\u0259\u00e7ilik Akademiyas\u0131 v\u0259 \u018fman\u0259tl\u0259rin S\u0131\u011fortalanmas\u0131 Fondunun birg\u0259 t\u0259\u015fkilat\u00e7\u0131l\u0131\u011f\u0131 il\u0259 t\u0259l\u0259b\u0259l\u0259rl\u0259 g\u00f6r\u00fc\u015f ke\u00e7irilmi\u015fdir. D\u00f6vl\u0259t \u0130dar\u0259\u00e7ilik Akademiyas\u0131nda bu formatda m\u00fct\u0259madi t\u0259dbirl\u0259r hayata ke\u00e7irilir. N\u00f6vb\u0259ti bel\u0259 t\u0259dbirl\u0259rd\u0259n biri \u018fman\u0259tl\u0259rin S\u0131\u011fortalanmas\u0131 Fondunun r\u0259hb\u0259rliyi il\u0259 ke\u00e7irilmi\u015fdir. T\u0259dbirin m\u0259qs\u0259di D\u00f6vl\u0259t \u0130dar\u0259\u00e7ilik Akademiyas\u0131nda t\u0259hsil alan t\u0259l\u0259b\u0259 v\u0259 magistrlar\u0131n m\u0259lumatland\u0131r\u0131lmas\u0131, bu sah\u0259 il\u0259 ba\u011fl\u0131 yeni bilikl\u0259rin verilm\u0259si v\u0259 t\u0259hsil alanlar \u00fc\u00e7\u00fcn g\u0259l\u0259c\u0259kd\u0259 yarana bil\u0259c\u0259k yeni imkanlar\u0131n qiym\u0259tl\u0259ndirilm\u0259sidir.<\/p>\n\n\n\n<p>Daha sonra t\u0259l\u0259b\u0259l\u0259rl\u0259 g\u00f6r\u00fc\u015f\u0259n \u018fman\u0259tl\u0259rin S\u0131\u011fortalanmas\u0131 Fondunun \u0130cra\u00e7\u0131 direktoru Azad Cavadov \u00e7\u0131x\u0131\u015f ed\u0259r\u0259k, Fondun missiyas\u0131 bar\u0259d\u0259 geni\u015f m\u0259lumat vermi\u015fdir. O, qeyd etmi\u015fdir ki, \u0259man\u0259t\u00e7il\u0259rin&nbsp;\u00fczv banklarda olan \u0259man\u0259tl\u0259rini s\u0131\u011fortalamaqla&nbsp;\u0259man\u0259t\u00e7il\u0259r\u0259 d\u0259y\u0259 bil\u0259c\u0259k maddi v\u0259 m\u0259n\u0259vi ziyan\u0131 \u0259n q\u0131sa m\u00fcdd\u0259td\u0259 kompensasiya etm\u0259kl\u0259 \u00f6lk\u0259nin maliyy\u0259 v\u0259 bank sisteminin inki\u015faf\u0131na d\u0259st\u0259k&nbsp; olmaq, beyn\u0259lxalq standartlara cavab ver\u0259n qanunvericilik bazas\u0131 v\u0259 professional komanda il\u0259 \u0259man\u0259t\u00e7il\u0259rin maddi v\u0259 m\u0259n\u0259vi maraqlar\u0131n\u0131 qorumaq, bank sisteminin stabil inki\u015faf\u0131na d\u0259st\u0259k verm\u0259k \u0259s\u0259s h\u0259d\u0259fl\u0259rimizd\u0259ndir. Eyni zamanda Fondun f\u0259aliyy\u0259tinin daha da effektiv, \u00e7evik qurulmas\u0131 \u00fc\u00e7\u00fcn sa\u011flam d\u00fc\u00e7\u00fcnc\u0259li, bilikli v\u0259 praktik v\u0259rdi\u015fl\u0259ri olan g\u0259nc kadrlarla \u0259m\u0259kda\u015fl\u0131q etm\u0259y\u0259 haz\u0131r olduqlar\u0131n\u0131 bildirib.&nbsp;&nbsp;&nbsp; &nbsp;<\/p>\n\n\n\n<p>G\u00f6r\u00fc\u015fd\u0259 D\u00f6vl\u0259t \u0130dar\u0259\u00e7ilik Akademiyas\u0131n\u0131n Humanitar v\u0259 Sosial m\u0259s\u0259l\u0259l\u0259r \u00fczr\u0259 prorektoru, dosent Mehdi Abdullayev, \u201cH\u00fcquq\u201d kafedras\u0131n\u0131n m\u00fcdiri, dosent F\u0259xr\u0259ddin Na\u011f\u0131yev \u00e7\u0131x\u0131\u015f ed\u0259r\u0259k Az\u0259rbaycan Respublikas\u0131n\u0131n Prezidenti&nbsp;&nbsp; c\u0259nab \u0130lham \u018fliyevin F\u0259rman\u0131na \u0259sas\u0259n \u018fman\u0259tl\u0259rin S\u0131\u011fortalanmas\u0131 Fondu yarad\u0131lmas\u0131n\u0131n \u0259h\u0259miyy\u0259ti bar\u0259d\u0259 dan\u0131\u015fm\u0131\u015f, \u018fman\u0259tl\u0259rin S\u0131\u011fortalanmas\u0131 Fondunun yarad\u0131lmas\u0131n\u0131n m\u0259qs\u0259dinin banklar\u0131n \u00f6d\u0259m\u0259 qabiliyy\u0259tini itirdikd\u0259 fiziki \u015f\u0259xsl\u0259rd\u0259n&nbsp; \u0259man\u0259t\u0259 q\u0259bul olunmu\u015f pul v\u0259saitinin itirilm\u0259si riskinin qar\u015f\u0131s\u0131n\u0131 almaq, Az\u0259rbaycan Respublikas\u0131nda maliyy\u0259 v\u0259 bank sisteminin sabitliyini v\u0259 inki\u015faf\u0131n\u0131 t\u0259min etm\u0259k kimi lazimi f\u0259aliyy\u0259ti h\u0259yata ke\u00e7irildiyini bildirmi\u015fl\u0259r.<\/p>\n\n\n\n<p>Daha sonra \u018fman\u0259tl\u0259rin S\u0131\u011fortalanmas\u0131 Fondunun \u0130cra\u00e7\u0131 direktoru Azad Cavadov t\u0259l\u0259b\u0259l\u0259rin \u00e7oxsayl\u0131 suallar\u0131 cavabland\u0131r\u0131lm\u0131\u015f, onlar\u0131n fikirl\u0259rini dinl\u0259mi\u015fdir.<\/p>\n\n\n\n<p><\/p>\n\n\n\n<figure class=\"wp-container-2 wp-block-gallery-1 wp-block-gallery columns-3 is-cropped\"><ul class=\"blocks-gallery-grid\"><li class=\"blocks-gallery-item\"><figure><img width=\"640\" height=\"424\" src=\"https:\/\/dia.edu.az\/wp-content\/uploads\/2021\/03\/siq1.jpg\" alt=\"\" data-id=\"12378\" data-full-url=\"https:\/\/dia.edu.az\/wp-content\/uploads\/2021\/03\/siq1.jpg\" data-link=\"https:\/\/dia.edu.az\/?attachment_id=12378\" class=\"wp-image-12378\" srcset=\"https:\/\/legacy.dia.edu.az\/wp-content\/uploads\/2021\/03\/siq1.jpg 640w, https:\/\/legacy.dia.edu.az\/wp-content\/uploads\/2021\/03\/siq1-300x199.jpg 300w, https:\/\/legacy.dia.edu.az\/wp-content\/uploads\/2021\/03\/siq1-16x12.jpg 16w, https:\/\/legacy.dia.edu.az\/wp-content\/uploads\/2021\/03\/siq1-150x100.jpg 150w, https:\/\/legacy.dia.edu.az\/wp-content\/uploads\/2021\/03\/siq1-300x199@2x.jpg 600w\" sizes=\"(max-width: 640px) 100vw, 640px\" \/><\/figure><\/li><li class=\"blocks-gallery-item\"><figure><img width=\"640\" height=\"424\" src=\"https:\/\/dia.edu.az\/wp-content\/uploads\/2021\/03\/siq2.jpg\" alt=\"\" data-id=\"12379\" data-full-url=\"https:\/\/dia.edu.az\/wp-content\/uploads\/2021\/03\/siq2.jpg\" data-link=\"https:\/\/dia.edu.az\/?attachment_id=12379\" class=\"wp-image-12379\" srcset=\"https:\/\/legacy.dia.edu.az\/wp-content\/uploads\/2021\/03\/siq2.jpg 640w, https:\/\/legacy.dia.edu.az\/wp-content\/uploads\/2021\/03\/siq2-300x199.jpg 300w, https:\/\/legacy.dia.edu.az\/wp-content\/uploads\/2021\/03\/siq2-16x12.jpg 16w, https:\/\/legacy.dia.edu.az\/wp-content\/uploads\/2021\/03\/siq2-150x100.jpg 150w, https:\/\/legacy.dia.edu.az\/wp-content\/uploads\/2021\/03\/siq2-300x199@2x.jpg 600w\" sizes=\"(max-width: 640px) 100vw, 640px\" \/><\/figure><\/li><li class=\"blocks-gallery-item\"><figure><img width=\"640\" height=\"424\" src=\"https:\/\/dia.edu.az\/wp-content\/uploads\/2021\/03\/siq3.jpg\" alt=\"\" data-id=\"12380\" data-full-url=\"https:\/\/dia.edu.az\/wp-content\/uploads\/2021\/03\/siq3.jpg\" data-link=\"https:\/\/dia.edu.az\/?attachment_id=12380\" class=\"wp-image-12380\" srcset=\"https:\/\/legacy.dia.edu.az\/wp-content\/uploads\/2021\/03\/siq3.jpg 640w, https:\/\/legacy.dia.edu.az\/wp-content\/uploads\/2021\/03\/siq3-300x199.jpg 300w, https:\/\/legacy.dia.edu.az\/wp-content\/uploads\/2021\/03\/siq3-16x12.jpg 16w, https:\/\/legacy.dia.edu.az\/wp-content\/uploads\/2021\/03\/siq3-150x100.jpg 150w, https:\/\/legacy.dia.edu.az\/wp-content\/uploads\/2021\/03\/siq3-300x199@2x.jpg 600w\" sizes=\"(max-width: 640px) 100vw, 640px\" \/><\/figure><\/li><\/ul><\/figure>","protected":false},"excerpt":{"rendered":"<p>D\u00f6vl\u0259t \u0130dar\u0259\u00e7ilik Akademiyas\u0131 il\u0259 \u018fman\u0259tl\u0259rin S\u0131\u011fortalanmas\u0131 Fondu aras\u0131nda \u0259m\u0259kda\u015fl\u0131q \u0259laq\u0259l\u0259ri geni\u015fl\u0259nirMart 09 , 2017 &#8211; 10:21 9 mart 2017-ci il tarixd\u0259 Az\u0259rbaycan Respublikas\u0131n\u0131n Prezidenti yan\u0131nda D\u00f6vl\u0259t \u0130dar\u0259\u00e7ilik Akademiyas\u0131 v\u0259 \u018fman\u0259tl\u0259rin S\u0131\u011fortalanmas\u0131 Fondunun birg\u0259 t\u0259\u015fkilat\u00e7\u0131l\u0131\u011f\u0131 il\u0259 t\u0259l\u0259b\u0259l\u0259rl\u0259 g\u00f6r\u00fc\u015f ke\u00e7irilmi\u015fdir. D\u00f6vl\u0259t \u0130dar\u0259\u00e7ilik Akademiyas\u0131nda bu formatda m\u00fct\u0259madi t\u0259dbirl\u0259r hayata ke\u00e7irilir. N\u00f6vb\u0259ti bel\u0259 t\u0259dbirl\u0259rd\u0259n biri \u018fman\u0259tl\u0259rin S\u0131\u011fortalanmas\u0131 Fondunun r\u0259hb\u0259rliyi [&hellip;]<\/p>","protected":false},"author":2,"featured_media":12378,"comment_status":"closed","ping_status":"closed","sticky":false,"template":"","format":"standard","meta":[],"categories":[137],"tags":[],"_links":{"self":[{"href":"https:\/\/legacy.dia.edu.az\/en\/wp-json\/wp\/v2\/posts\/12377"}],"collection":[{"href":"https:\/\/legacy.dia.edu.az\/en\/wp-json\/wp\/v2\/posts"}],"about":[{"href":"https:\/\/legacy.dia.edu.az\/en\/wp-json\/wp\/v2\/types\/post"}],"author":[{"embeddable":true,"href":"https:\/\/legacy.dia.edu.az\/en\/wp-json\/wp\/v2\/users\/2"}],"replies":[{"embeddable":true,"href":"https:\/\/legacy.dia.edu.az\/en\/wp-json\/wp\/v2\/comments?post=12377"}],"version-history":[{"count":0,"href":"https:\/\/legacy.dia.edu.az\/en\/wp-json\/wp\/v2\/posts\/12377\/revisions"}],"wp:featuredmedia":[{"embeddable":true,"href":"https:\/\/legacy.dia.edu.az\/en\/wp-json\/wp\/v2\/media\/12378"}],"wp:attachment":[{"href":"https:\/\/legacy.dia.edu.az\/en\/wp-json\/wp\/v2\/media?parent=12377"}],"wp:term":[{"taxonomy":"category","embeddable":true,"href":"https:\/\/legacy.dia.edu.az\/en\/wp-json\/wp\/v2\/categories?post=12377"},{"taxonomy":"post_tag","embeddable":true,"href":"https:\/\/legacy.dia.edu.az\/en\/wp-json\/wp\/v2\/tags?post=12377"}],"curies":[{"name":"wp","href":"https:\/\/api.w.org\/{rel}","templated":true}]}}