{"id":12362,"date":"2017-03-17T00:33:00","date_gmt":"2017-03-16T21:33:00","guid":{"rendered":"https:\/\/dia.edu.az\/?p=12362"},"modified":"2021-03-16T00:35:26","modified_gmt":"2021-03-15T21:35:26","slug":"gurcustan-prezidentin%c9%99-dovl%c9%99t-idar%c9%99cilik-akademiyasinin-f%c9%99xri-doktoru-adi-verilib","status":"publish","type":"post","link":"https:\/\/legacy.dia.edu.az\/en\/arxivl\u0259r\/12362","title":{"rendered":"G\u00fcrc\u00fcstan Prezidentin\u0259 D\u00f6vl\u0259t \u0130dar\u0259\u00e7ilik Akademiyas\u0131n\u0131n f\u0259xri doktoru ad\u0131 verilib"},"content":{"rendered":"<p><strong>G\u00fcrc\u00fcstan Prezidentin\u0259 D\u00f6vl\u0259t \u0130dar\u0259\u00e7ilik Akademiyas\u0131n\u0131n f\u0259xri doktoru ad\u0131 verilib<\/strong><br><em>Mart 17 , 2017 &#8211; 02:09<\/em><\/p>\n\n\n\n<p>Az\u0259rbaycan Respublikas\u0131n\u0131n Prezidenti yan\u0131nda D\u00f6vl\u0259t \u0130dar\u0259\u00e7ilik Akademiyas\u0131nda G\u00fcrc\u00fcstan Prezidenti George Marqvela\u015fviliy\u0259 D\u0130A-n\u0131n F\u0259xri doktoru diplomunun t\u0259qdim edilm\u0259si m\u0259rasimi ke\u00e7irilib.<\/p>\n\n\n\n<p>D\u0130A-n\u0131n &nbsp;rektoru, akademik Urxan \u018fl\u0259kb\u0259rov m\u0259rasimi a\u00e7araq, G\u00fcrc\u00fcstan Prezidentini akademiyan\u0131n kollektivi ad\u0131ndan salamlay\u0131b, Az\u0259rbaycan v\u0259 G\u00fcrc\u00fcstan aras\u0131nda strateji \u0259m\u0259kda\u015fl\u0131q m\u00fcnasib\u0259tl\u0259ri, elm v\u0259 t\u0259hsilin inki\u015faf\u0131na, t\u0259hsilin m\u0259zmununun yenil\u0259\u015fdirilm\u0259si, m\u00fcst\u0259qil G\u00fcrc\u00fcstan \u00fc\u00e7\u00fcn kadr haz\u0131rl\u0131\u011f\u0131 prosesin\u0259 layiqli t\u00f6hf\u0259l\u0259r vermi\u015f ali qona\u011f\u0131n D\u00f6vl\u0259t \u0130dar\u0259\u00e7ilik Akademiyas\u0131na g\u0259li\u015fini \u00f6n\u0259mli hadis\u0259 kimi d\u0259y\u0259rl\u0259ndirib. Az\u0259rbaycan\u0131n C\u0259nubi Qafqaz\u0131n lider d\u00f6vl\u0259ti oldu\u011funa diqq\u0259t \u00e7\u0259k\u0259n rektor bunun m\u00fcst\u0259qil d\u00f6vl\u0259timizin memar\u0131 v\u0259 qurucusu, \u00fcmummilli lider Heyd\u0259r \u018fliyevin m\u00fc\u0259yy\u0259nl\u0259\u015fdirdiyi v\u0259 Prezident \u0130lham \u018fliyevin u\u011furla davam etdirdiyi inki\u015faf strategiyas\u0131 say\u0259sind\u0259 m\u00fcmk\u00fcn oldu\u011funu vur\u011fulay\u0131b. U.\u018fl\u0259kb\u0259rov h\u0259m\u00e7inin bu g\u00fcn beyn\u0259lxalq m\u00fcst\u0259vid\u0259 \u00f6z\u00fcn\u00fc do\u011frultmu\u015f, \u00f6z se\u00e7imini qoruyan v\u0259 dinamik inki\u015faf ed\u0259n, h\u0259m regional, h\u0259m d\u0259 qlobal xarakterli layih\u0259l\u0259rd\u0259 f\u0259al i\u015ftirak ed\u0259n &nbsp;Az\u0259rbaycan v\u0259 G\u00fcrc\u00fcstan aras\u0131nda b\u00fct\u00fcn sah\u0259l\u0259\u0131rd\u0259 ikit\u0259r\u0259fli m\u00fcnasib\u0259tl\u0259rin g\u00fccl\u0259ndirilm\u0259sinin z\u0259ruri oldu\u011funa da diqq\u0259t \u00e7\u0259kib.<\/p>\n\n\n\n<p>Daha sonra D\u0130A-n\u0131n Humanitar v\u0259 Sosial M\u0259s\u0259l\u0259l\u0259r \u00fczr\u0259 prorektoru Mehdi Abdullayev Az\u0259rbaycanla G\u00fcrc\u00fcstan aras\u0131nda \u0259n\u0259n\u0259vi dostluq m\u00fcnasib\u0259tl\u0259rinin qorunmas\u0131, elm v\u0259 t\u0259hsil sah\u0259sind\u0259 \u0259m\u0259kda\u015fl\u0131\u011f\u0131n m\u00f6hk\u0259ml\u0259nm\u0259sind\u0259 xidm\u0259tl\u0259rin\u0259 g\u00f6r\u0259 G\u00fcrc\u00fcstan d\u00f6vl\u0259tinin ba\u015f\u00e7\u0131s\u0131na F\u0259xri doktor ad\u0131 verilm\u0259si haqq\u0131nda Elmi \u015euran\u0131n q\u0259rar\u0131n\u0131 oxuyub. Prezident George Marqvela\u015fviliy\u0259 &nbsp;D\u0130A-n\u0131n F\u0259xri doktoru diplomu, doktor mantiyas\u0131, habel\u0259 xatir\u0259 h\u0259diyy\u0259l\u0259ri t\u0259qdim edilib.<\/p>\n\n\n\n<p>Prezident George Marqvela\u015fvili m\u0259rasimd\u0259 \u00e7\u0131x\u0131\u015f ed\u0259r\u0259k, G\u00fcrc\u00fcstan d\u00f6vl\u0259tinin t\u0259\u015f\u0259kk\u00fcl\u00fcn\u00fcn \u0259sas m\u0259rh\u0259l\u0259l\u0259rind\u0259n, yeni ictimai-siyasi formasiyaya ke\u00e7id d\u00f6vr\u00fcnd\u0259 g\u00fcrc\u00fc xalq\u0131n\u0131n qar\u015f\u0131la\u015fd\u0131\u011f\u0131 \u00e7\u0259tinlikl\u0259rd\u0259n dan\u0131\u015f\u0131b.<\/p>\n\n\n\n<p>G\u00fcrc\u00fcstan-Az\u0259rbaycan m\u00fcnasib\u0259tl\u0259rinin perspektivl\u0259rind\u0259n b\u0259hs ed\u0259n ali qonaq Az\u0259rbaycan\u0131n y\u00fcks\u0259k iqtisadi potensial\u0131n\u0131 vur\u011fulay\u0131b. G\u00fcrc\u00fcstan lideri Az\u0259rbaycanda h\u0259yata ke\u00e7iril\u0259n qlobal enerji layih\u0259l\u0259rinin G\u00fcrc\u00fcstan \u00fc\u00e7\u00fcn b\u00f6y\u00fck \u0259h\u0259miyy\u0259t da\u015f\u0131d\u0131\u011f\u0131na da diqq\u0259t \u00e7\u0259kib. &nbsp;Az\u0259rbaycan\u0131 regionun \u00f6n\u0259mli d\u00f6vl\u0259ti kimi d\u0259y\u0259rl\u0259ndir\u0259n Prezident George Marqvela\u015fvili \u00f6lk\u0259mizin qazand\u0131\u011f\u0131 b\u00f6y\u00fck u\u011furlar\u0131n \u00fcmummilli lider Heyd\u0259r \u018fliyevin xidm\u0259ti oldu\u011funu dil\u0259 g\u0259tirib. Ali qonaq bu g\u00fcn b\u00fct\u00f6vl\u00fckd\u0259 b\u00f6lg\u0259d\u0259 ictimai-siyasi sabitlik, y\u00fcks\u0259k iqtisadi inki\u015faf tempin\u0259 Heyd\u0259r \u018fliyev v\u0259 Eduard \u015eevardnadzenin uzaqg\u00f6r\u0259nliyi v\u0259 q\u0259tiyy\u0259ti n\u0259tic\u0259sind\u0259 nail oldu\u011funu bildirib. G\u00fcrc\u00fcstan lideri regional m\u0259s\u0259l\u0259l\u0259r\u0259, iki \u00f6lk\u0259 aras\u0131nda \u0259laq\u0259l\u0259rin m\u00f6hk\u0259ml\u0259ndirilm\u0259sin\u0259 Prezident \u0130lham \u018fliyevin diqq\u0259tini y\u00fcks\u0259k qiym\u0259tl\u0259ndirib. O x\u00fcsusi vur\u011fulay\u0131b ki, bu g\u00fcn \u00f6lk\u0259l\u0259rimiz yeni inki\u015faf strategiyas\u0131n\u0131 m\u00fc\u0259yy\u0259n edirl\u0259r, bizim birliyimiz, birg\u0259 layih\u0259l\u0259rimiz v\u0259 energetika sektorunda, x\u00fcsusil\u0259 Bak\u0131 &#8211; Tbilisi &#8211; Ceyhan neft k\u0259m\u0259ri il\u0259 ba\u015flanm\u0131\u015f \u0259m\u0259kda\u015fl\u0131\u011f\u0131m\u0131z dig\u0259r sah\u0259l\u0259r\u0259 d\u0259 \u00f6z t\u0259sirini g\u00f6st\u0259rir v\u0259 bu tendensiya h\u0259m Az\u0259rbaycan, h\u0259m d\u0259 G\u00fcrc\u00fcstan Prezidentl\u0259ri t\u0259r\u0259find\u0259n d\u0259st\u0259kl\u0259nir.<\/p>\n\n\n\n<p>Yekunda George \u00a0Marqvela\u015fvili Az\u0259rbaycana g\u0259li\u015find\u0259n b\u00f6y\u00fck m\u0259mnunluq duydu\u011funu bir daha dil\u0259 g\u0259tirib.<\/p>\n\n\n\n<p><\/p>\n\n\n\n<figure class=\"wp-container-2 wp-block-gallery-1 wp-block-gallery columns-3 is-cropped\"><ul class=\"blocks-gallery-grid\"><li class=\"blocks-gallery-item\"><figure><img width=\"640\" height=\"424\" src=\"https:\/\/dia.edu.az\/wp-content\/uploads\/2021\/03\/qr1.jpg\" alt=\"\" data-id=\"12363\" data-full-url=\"https:\/\/dia.edu.az\/wp-content\/uploads\/2021\/03\/qr1.jpg\" data-link=\"https:\/\/dia.edu.az\/?attachment_id=12363\" class=\"wp-image-12363\" srcset=\"https:\/\/legacy.dia.edu.az\/wp-content\/uploads\/2021\/03\/qr1.jpg 640w, https:\/\/legacy.dia.edu.az\/wp-content\/uploads\/2021\/03\/qr1-300x199.jpg 300w, https:\/\/legacy.dia.edu.az\/wp-content\/uploads\/2021\/03\/qr1-16x12.jpg 16w, https:\/\/legacy.dia.edu.az\/wp-content\/uploads\/2021\/03\/qr1-150x100.jpg 150w, https:\/\/legacy.dia.edu.az\/wp-content\/uploads\/2021\/03\/qr1-300x199@2x.jpg 600w\" sizes=\"(max-width: 640px) 100vw, 640px\" \/><\/figure><\/li><li class=\"blocks-gallery-item\"><figure><img width=\"640\" height=\"424\" src=\"https:\/\/dia.edu.az\/wp-content\/uploads\/2021\/03\/qr2.jpg\" alt=\"\" data-id=\"12364\" data-full-url=\"https:\/\/dia.edu.az\/wp-content\/uploads\/2021\/03\/qr2.jpg\" data-link=\"https:\/\/dia.edu.az\/?attachment_id=12364\" class=\"wp-image-12364\" srcset=\"https:\/\/legacy.dia.edu.az\/wp-content\/uploads\/2021\/03\/qr2.jpg 640w, https:\/\/legacy.dia.edu.az\/wp-content\/uploads\/2021\/03\/qr2-300x199.jpg 300w, https:\/\/legacy.dia.edu.az\/wp-content\/uploads\/2021\/03\/qr2-16x12.jpg 16w, https:\/\/legacy.dia.edu.az\/wp-content\/uploads\/2021\/03\/qr2-150x100.jpg 150w, https:\/\/legacy.dia.edu.az\/wp-content\/uploads\/2021\/03\/qr2-300x199@2x.jpg 600w\" sizes=\"(max-width: 640px) 100vw, 640px\" \/><\/figure><\/li><li class=\"blocks-gallery-item\"><figure><img width=\"640\" height=\"424\" src=\"https:\/\/dia.edu.az\/wp-content\/uploads\/2021\/03\/qr3-1.jpg\" alt=\"\" data-id=\"12365\" data-full-url=\"https:\/\/dia.edu.az\/wp-content\/uploads\/2021\/03\/qr3-1.jpg\" data-link=\"https:\/\/dia.edu.az\/?attachment_id=12365\" class=\"wp-image-12365\" srcset=\"https:\/\/legacy.dia.edu.az\/wp-content\/uploads\/2021\/03\/qr3-1.jpg 640w, https:\/\/legacy.dia.edu.az\/wp-content\/uploads\/2021\/03\/qr3-1-300x199.jpg 300w, https:\/\/legacy.dia.edu.az\/wp-content\/uploads\/2021\/03\/qr3-1-16x12.jpg 16w, https:\/\/legacy.dia.edu.az\/wp-content\/uploads\/2021\/03\/qr3-1-150x100.jpg 150w, https:\/\/legacy.dia.edu.az\/wp-content\/uploads\/2021\/03\/qr3-1-300x199@2x.jpg 600w\" sizes=\"(max-width: 640px) 100vw, 640px\" \/><\/figure><\/li><li class=\"blocks-gallery-item\"><figure><img width=\"640\" height=\"424\" src=\"https:\/\/dia.edu.az\/wp-content\/uploads\/2021\/03\/qr3.jpg\" alt=\"\" data-id=\"12366\" data-full-url=\"https:\/\/dia.edu.az\/wp-content\/uploads\/2021\/03\/qr3.jpg\" data-link=\"https:\/\/dia.edu.az\/?attachment_id=12366\" class=\"wp-image-12366\" srcset=\"https:\/\/legacy.dia.edu.az\/wp-content\/uploads\/2021\/03\/qr3.jpg 640w, https:\/\/legacy.dia.edu.az\/wp-content\/uploads\/2021\/03\/qr3-300x199.jpg 300w, https:\/\/legacy.dia.edu.az\/wp-content\/uploads\/2021\/03\/qr3-16x12.jpg 16w, https:\/\/legacy.dia.edu.az\/wp-content\/uploads\/2021\/03\/qr3-150x100.jpg 150w, https:\/\/legacy.dia.edu.az\/wp-content\/uploads\/2021\/03\/qr3-300x199@2x.jpg 600w\" sizes=\"(max-width: 640px) 100vw, 640px\" \/><\/figure><\/li><li class=\"blocks-gallery-item\"><figure><img width=\"640\" height=\"424\" src=\"https:\/\/dia.edu.az\/wp-content\/uploads\/2021\/03\/qr4.jpg\" alt=\"\" data-id=\"12367\" data-full-url=\"https:\/\/dia.edu.az\/wp-content\/uploads\/2021\/03\/qr4.jpg\" data-link=\"https:\/\/dia.edu.az\/?attachment_id=12367\" class=\"wp-image-12367\" srcset=\"https:\/\/legacy.dia.edu.az\/wp-content\/uploads\/2021\/03\/qr4.jpg 640w, https:\/\/legacy.dia.edu.az\/wp-content\/uploads\/2021\/03\/qr4-300x199.jpg 300w, https:\/\/legacy.dia.edu.az\/wp-content\/uploads\/2021\/03\/qr4-16x12.jpg 16w, https:\/\/legacy.dia.edu.az\/wp-content\/uploads\/2021\/03\/qr4-150x100.jpg 150w, https:\/\/legacy.dia.edu.az\/wp-content\/uploads\/2021\/03\/qr4-300x199@2x.jpg 600w\" sizes=\"(max-width: 640px) 100vw, 640px\" \/><\/figure><\/li><li class=\"blocks-gallery-item\"><figure><img width=\"640\" height=\"424\" src=\"https:\/\/dia.edu.az\/wp-content\/uploads\/2021\/03\/qr5.jpg\" alt=\"\" data-id=\"12368\" data-full-url=\"https:\/\/dia.edu.az\/wp-content\/uploads\/2021\/03\/qr5.jpg\" data-link=\"https:\/\/dia.edu.az\/?attachment_id=12368\" class=\"wp-image-12368\" srcset=\"https:\/\/legacy.dia.edu.az\/wp-content\/uploads\/2021\/03\/qr5.jpg 640w, https:\/\/legacy.dia.edu.az\/wp-content\/uploads\/2021\/03\/qr5-300x199.jpg 300w, https:\/\/legacy.dia.edu.az\/wp-content\/uploads\/2021\/03\/qr5-16x12.jpg 16w, https:\/\/legacy.dia.edu.az\/wp-content\/uploads\/2021\/03\/qr5-150x100.jpg 150w, https:\/\/legacy.dia.edu.az\/wp-content\/uploads\/2021\/03\/qr5-300x199@2x.jpg 600w\" sizes=\"(max-width: 640px) 100vw, 640px\" \/><\/figure><\/li><li class=\"blocks-gallery-item\"><figure><img width=\"640\" height=\"424\" src=\"https:\/\/dia.edu.az\/wp-content\/uploads\/2021\/03\/qr6.jpg\" alt=\"\" data-id=\"12369\" data-full-url=\"https:\/\/dia.edu.az\/wp-content\/uploads\/2021\/03\/qr6.jpg\" data-link=\"https:\/\/dia.edu.az\/?attachment_id=12369\" class=\"wp-image-12369\" srcset=\"https:\/\/legacy.dia.edu.az\/wp-content\/uploads\/2021\/03\/qr6.jpg 640w, https:\/\/legacy.dia.edu.az\/wp-content\/uploads\/2021\/03\/qr6-300x199.jpg 300w, https:\/\/legacy.dia.edu.az\/wp-content\/uploads\/2021\/03\/qr6-16x12.jpg 16w, https:\/\/legacy.dia.edu.az\/wp-content\/uploads\/2021\/03\/qr6-150x100.jpg 150w, https:\/\/legacy.dia.edu.az\/wp-content\/uploads\/2021\/03\/qr6-300x199@2x.jpg 600w\" sizes=\"(max-width: 640px) 100vw, 640px\" \/><\/figure><\/li><li class=\"blocks-gallery-item\"><figure><img width=\"1024\" height=\"678\" src=\"https:\/\/dia.edu.az\/wp-content\/uploads\/2021\/03\/qr7-1024x678.jpg\" alt=\"\" data-id=\"12370\" data-full-url=\"https:\/\/dia.edu.az\/wp-content\/uploads\/2021\/03\/qr7.jpg\" data-link=\"https:\/\/dia.edu.az\/?attachment_id=12370\" class=\"wp-image-12370\" srcset=\"https:\/\/legacy.dia.edu.az\/wp-content\/uploads\/2021\/03\/qr7-1024x678.jpg 1024w, https:\/\/legacy.dia.edu.az\/wp-content\/uploads\/2021\/03\/qr7-300x199.jpg 300w, https:\/\/legacy.dia.edu.az\/wp-content\/uploads\/2021\/03\/qr7-1536x1017.jpg 1536w, https:\/\/legacy.dia.edu.az\/wp-content\/uploads\/2021\/03\/qr7-16x12.jpg 16w, https:\/\/legacy.dia.edu.az\/wp-content\/uploads\/2021\/03\/qr7-150x100.jpg 150w, https:\/\/legacy.dia.edu.az\/wp-content\/uploads\/2021\/03\/qr7.jpg 2048w, https:\/\/legacy.dia.edu.az\/wp-content\/uploads\/2021\/03\/qr7-300x199@2x.jpg 600w\" sizes=\"(max-width: 1024px) 100vw, 1024px\" \/><\/figure><\/li><\/ul><\/figure>","protected":false},"excerpt":{"rendered":"<p>G\u00fcrc\u00fcstan Prezidentin\u0259 D\u00f6vl\u0259t \u0130dar\u0259\u00e7ilik Akademiyas\u0131n\u0131n f\u0259xri doktoru ad\u0131 verilibMart 17 , 2017 &#8211; 02:09 Az\u0259rbaycan Respublikas\u0131n\u0131n Prezidenti yan\u0131nda D\u00f6vl\u0259t \u0130dar\u0259\u00e7ilik Akademiyas\u0131nda G\u00fcrc\u00fcstan Prezidenti George Marqvela\u015fviliy\u0259 D\u0130A-n\u0131n F\u0259xri doktoru diplomunun t\u0259qdim edilm\u0259si m\u0259rasimi ke\u00e7irilib. D\u0130A-n\u0131n &nbsp;rektoru, akademik Urxan \u018fl\u0259kb\u0259rov m\u0259rasimi a\u00e7araq, G\u00fcrc\u00fcstan Prezidentini akademiyan\u0131n kollektivi ad\u0131ndan salamlay\u0131b, Az\u0259rbaycan v\u0259 G\u00fcrc\u00fcstan aras\u0131nda strateji \u0259m\u0259kda\u015fl\u0131q m\u00fcnasib\u0259tl\u0259ri, elm v\u0259 [&hellip;]<\/p>","protected":false},"author":2,"featured_media":12363,"comment_status":"closed","ping_status":"closed","sticky":false,"template":"","format":"standard","meta":[],"categories":[137],"tags":[],"_links":{"self":[{"href":"https:\/\/legacy.dia.edu.az\/en\/wp-json\/wp\/v2\/posts\/12362"}],"collection":[{"href":"https:\/\/legacy.dia.edu.az\/en\/wp-json\/wp\/v2\/posts"}],"about":[{"href":"https:\/\/legacy.dia.edu.az\/en\/wp-json\/wp\/v2\/types\/post"}],"author":[{"embeddable":true,"href":"https:\/\/legacy.dia.edu.az\/en\/wp-json\/wp\/v2\/users\/2"}],"replies":[{"embeddable":true,"href":"https:\/\/legacy.dia.edu.az\/en\/wp-json\/wp\/v2\/comments?post=12362"}],"version-history":[{"count":0,"href":"https:\/\/legacy.dia.edu.az\/en\/wp-json\/wp\/v2\/posts\/12362\/revisions"}],"wp:featuredmedia":[{"embeddable":true,"href":"https:\/\/legacy.dia.edu.az\/en\/wp-json\/wp\/v2\/media\/12363"}],"wp:attachment":[{"href":"https:\/\/legacy.dia.edu.az\/en\/wp-json\/wp\/v2\/media?parent=12362"}],"wp:term":[{"taxonomy":"category","embeddable":true,"href":"https:\/\/legacy.dia.edu.az\/en\/wp-json\/wp\/v2\/categories?post=12362"},{"taxonomy":"post_tag","embeddable":true,"href":"https:\/\/legacy.dia.edu.az\/en\/wp-json\/wp\/v2\/tags?post=12362"}],"curies":[{"name":"wp","href":"https:\/\/api.w.org\/{rel}","templated":true}]}}