{"id":12359,"date":"2017-03-27T00:30:00","date_gmt":"2017-03-26T21:30:00","guid":{"rendered":"https:\/\/dia.edu.az\/?p=12359"},"modified":"2021-03-16T00:31:15","modified_gmt":"2021-03-15T21:31:15","slug":"dovl%c9%99t-qullugu-sistemi-v%c9%99-beyn%c9%99lxalq-t%c9%99crub%c9%99-istiqam%c9%99ti-uzr%c9%99-qisamudd%c9%99tli-ixtisasartirma-kursu-kecirilmisdir","status":"publish","type":"post","link":"https:\/\/legacy.dia.edu.az\/en\/arxivl\u0259r\/12359","title":{"rendered":"\u00abD\u00f6vl\u0259t qullu\u011fu sistemi v\u0259 beyn\u0259lxalq t\u0259cr\u00fcb\u0259\u00bb istiqam\u0259ti \u00fczr\u0259 q\u0131sam\u00fcdd\u0259tli ixtisasart\u0131rma kursu ke\u00e7irilmi\u015fdir"},"content":{"rendered":"<p><\/p>\n\n\n\n<p><strong>\u00abD\u00f6vl\u0259t qullu\u011fu sistemi v\u0259 beyn\u0259lxalq t\u0259cr\u00fcb\u0259\u00bb istiqam\u0259ti \u00fczr\u0259 q\u0131sam\u00fcdd\u0259tli ixtisasart\u0131rma kursu ke\u00e7irilmi\u015fdir<\/strong><br><em>Mart 27 , 2017 &#8211; 11:42<\/em><\/p>\n\n\n\n<p>2017-ci il mart ay\u0131nda Az\u0259rbaycan Respublikas\u0131n\u0131n Prezidenti yan\u0131nda D\u00f6vl\u0259t \u0130dar\u0259\u00e7ilik Akademiyas\u0131, T\u00fcrkiy\u0259 v\u0259 Orta Do\u011fu Amme \u0130daresi \u0130nstitutu il\u0259 birg\u0259 \u00abD\u00f6vl\u0259t qullu\u011fu sistemi v\u0259 beyn\u0259lxalq t\u0259cr\u00fcb\u0259\u00bb istiqam\u0259ti \u00fczr\u0259 q\u0131sam\u00fcdd\u0259tli&nbsp; ixtisasart\u0131rma kursu ke\u00e7irilmi\u015fdir. Kursda d\u00f6vl\u0259t orqanlar\u0131nda \u00e7al\u0131\u015fan m\u00fcvafiq d\u00f6vl\u0259t qulluq\u00e7ular\u0131 c\u0259lb olunmu\u015flar.<\/p>\n\n\n\n<p>\u00abD\u00f6vl\u0259t qullu\u011fu sistemi v\u0259 beyn\u0259lxalq t\u0259cr\u00fcb\u0259\u00bb istiqam\u0259tind\u0259 kursun \u0259sas m\u0259qs\u0259di \u201cD\u00f6vl\u0259t qullu\u011fu etikas\u0131\u201d, \u201cD\u00f6vl\u0259t \u0130dar\u0259\u00e7iliyind\u0259 liderik\u201d, \u201cD\u00f6vl\u0259t qulluq\u00e7ular\u0131n\u0131n qiym\u0259tl\u0259ndirilm\u0259si\u201d v\u0259 s. m\u00f6vzularla ba\u011fl\u0131 bilikl\u0259rin dinl\u0259yicil\u0259r\u0259 \u00e7atd\u0131r\u0131lmas\u0131 v\u0259 onlar il\u0259 fikir m\u00fcbadil\u0259sinin apar\u0131lmas\u0131 idi.<\/p>\n\n\n\n<p>&nbsp;Kurs \u0259rzind\u0259 \u00abD\u00f6vl\u0259t qullu\u011fu sistemi v\u0259 beyn\u0259lxalq t\u0259cr\u00fcb\u0259\u00bb istiqam\u0259ti \u00fczr\u0259 &#8211; D\u00f6vl\u0259t \u0130dar\u0259\u00e7ilik Akademiyas\u0131n\u0131n rektoru, akademik Urxan \u018fl\u0259kb\u0259rov, &nbsp;I prorektor, professor \u018flikram Abdullayev, &nbsp;D\u00f6vl\u0259t \u0130dar\u0259\u00e7ilik Akademiyas\u0131n\u0131n professor-m\u00fc\u0259llim hey\u0259ti \u2013 dosent Murt\u0259za H\u0259s\u0259nov, \u0130sf\u0259ndiyar Hac\u0131yev, Ziv\u0259r Zeynalova, Anar H\u0259s\u0259nov, T\u00fcrkiy\u0259 v\u0259 Orta Do\u011fu Amme \u0130daresi \u0130nstitutunun professor m\u00fc\u0259llim hey\u0259ti \u2013 T\u00fcl\u00fcn Y\u00fccel, Yrd. Do\u00e7. Dr. Yeliz \u015eanl\u0131 Atay, Yrd. Do\u00e7. Dr. Filiz Demirci, Yrd. Do\u00e7. Dr. S\u00fcha O\u011fuz Albayrak, Do\u00e7. Dr. Ali Murat Berker, TC Ba\u015fbakanl\u0131k Kanun Kararlar Genel M\u00fcd\u00fcr Yard\u0131mc\u0131s\u0131 Fazl\u0131 Y\u0131ld\u0131r\u0131m,&nbsp; m\u00fcxt\u0259lif m\u00f6vzularda m\u00fchazir\u0259l\u0259rl\u0259 \u00e7\u0131x\u0131\u015f etmi\u015fl\u0259r.<\/p>\n\n\n\n<p>Kursun sonunda Akademiyan\u0131n rektoru akademik Urxan \u018fl\u0259kb\u0259rov dinl\u0259yicil\u0259r qar\u015f\u0131s\u0131nda \u00e7\u0131x\u0131\u015f etmi\u015f v\u0259 onlara kursu m\u00fcv\u0259ff\u0259qiyy\u0259tl\u0259 bitirdikl\u0259rin\u0259 g\u00f6r\u0259 sertifikatlar t\u0259qdim ed\u0259r\u0259k\u00a0\u00a0 g\u0259l\u0259c\u0259k i\u015fl\u0259rind\u0259 u\u011furlar arzu etdi.<\/p>\n\n\n\n<p><\/p>\n\n\n\n<figure class=\"wp-container-2 wp-block-gallery-1 wp-block-gallery columns-1 is-cropped\"><ul class=\"blocks-gallery-grid\"><li class=\"blocks-gallery-item\"><figure><img width=\"640\" height=\"424\" src=\"https:\/\/dia.edu.az\/wp-content\/uploads\/2021\/03\/27.03.171.jpg\" alt=\"\" data-id=\"12360\" data-full-url=\"https:\/\/dia.edu.az\/wp-content\/uploads\/2021\/03\/27.03.171.jpg\" data-link=\"https:\/\/dia.edu.az\/?attachment_id=12360\" class=\"wp-image-12360\" srcset=\"https:\/\/legacy.dia.edu.az\/wp-content\/uploads\/2021\/03\/27.03.171.jpg 640w, https:\/\/legacy.dia.edu.az\/wp-content\/uploads\/2021\/03\/27.03.171-300x199.jpg 300w, https:\/\/legacy.dia.edu.az\/wp-content\/uploads\/2021\/03\/27.03.171-16x12.jpg 16w, https:\/\/legacy.dia.edu.az\/wp-content\/uploads\/2021\/03\/27.03.171-150x100.jpg 150w, https:\/\/legacy.dia.edu.az\/wp-content\/uploads\/2021\/03\/27.03.171-300x199@2x.jpg 600w\" sizes=\"(max-width: 640px) 100vw, 640px\" \/><\/figure><\/li><\/ul><\/figure>","protected":false},"excerpt":{"rendered":"<p>\u00abD\u00f6vl\u0259t qullu\u011fu sistemi v\u0259 beyn\u0259lxalq t\u0259cr\u00fcb\u0259\u00bb istiqam\u0259ti \u00fczr\u0259 q\u0131sam\u00fcdd\u0259tli ixtisasart\u0131rma kursu ke\u00e7irilmi\u015fdirMart 27 , 2017 &#8211; 11:42 2017-ci il mart ay\u0131nda Az\u0259rbaycan Respublikas\u0131n\u0131n Prezidenti yan\u0131nda D\u00f6vl\u0259t \u0130dar\u0259\u00e7ilik Akademiyas\u0131, T\u00fcrkiy\u0259 v\u0259 Orta Do\u011fu Amme \u0130daresi \u0130nstitutu il\u0259 birg\u0259 \u00abD\u00f6vl\u0259t qullu\u011fu sistemi v\u0259 beyn\u0259lxalq t\u0259cr\u00fcb\u0259\u00bb istiqam\u0259ti \u00fczr\u0259 q\u0131sam\u00fcdd\u0259tli&nbsp; ixtisasart\u0131rma kursu ke\u00e7irilmi\u015fdir. Kursda d\u00f6vl\u0259t orqanlar\u0131nda \u00e7al\u0131\u015fan m\u00fcvafiq d\u00f6vl\u0259t [&hellip;]<\/p>","protected":false},"author":2,"featured_media":12360,"comment_status":"closed","ping_status":"closed","sticky":false,"template":"","format":"standard","meta":[],"categories":[137],"tags":[],"_links":{"self":[{"href":"https:\/\/legacy.dia.edu.az\/en\/wp-json\/wp\/v2\/posts\/12359"}],"collection":[{"href":"https:\/\/legacy.dia.edu.az\/en\/wp-json\/wp\/v2\/posts"}],"about":[{"href":"https:\/\/legacy.dia.edu.az\/en\/wp-json\/wp\/v2\/types\/post"}],"author":[{"embeddable":true,"href":"https:\/\/legacy.dia.edu.az\/en\/wp-json\/wp\/v2\/users\/2"}],"replies":[{"embeddable":true,"href":"https:\/\/legacy.dia.edu.az\/en\/wp-json\/wp\/v2\/comments?post=12359"}],"version-history":[{"count":0,"href":"https:\/\/legacy.dia.edu.az\/en\/wp-json\/wp\/v2\/posts\/12359\/revisions"}],"wp:featuredmedia":[{"embeddable":true,"href":"https:\/\/legacy.dia.edu.az\/en\/wp-json\/wp\/v2\/media\/12360"}],"wp:attachment":[{"href":"https:\/\/legacy.dia.edu.az\/en\/wp-json\/wp\/v2\/media?parent=12359"}],"wp:term":[{"taxonomy":"category","embeddable":true,"href":"https:\/\/legacy.dia.edu.az\/en\/wp-json\/wp\/v2\/categories?post=12359"},{"taxonomy":"post_tag","embeddable":true,"href":"https:\/\/legacy.dia.edu.az\/en\/wp-json\/wp\/v2\/tags?post=12359"}],"curies":[{"name":"wp","href":"https:\/\/api.w.org\/{rel}","templated":true}]}}