{"id":12353,"date":"2017-03-30T00:29:00","date_gmt":"2017-03-29T21:29:00","guid":{"rendered":"https:\/\/dia.edu.az\/?p=12353"},"modified":"2021-03-16T00:29:45","modified_gmt":"2021-03-15T21:29:45","slug":"dia-da-31-mart-az%c9%99rbaycanlilarin-soyqirimi-gunu-qeyd-olunub","status":"publish","type":"post","link":"https:\/\/legacy.dia.edu.az\/en\/arxivl\u0259r\/12353","title":{"rendered":"D\u0130A-da 31 mart &#8211; Az\u0259rbaycanl\u0131lar\u0131n Soyq\u0131r\u0131m\u0131 G\u00fcn\u00fc qeyd olunub"},"content":{"rendered":"<p><strong>D\u0130A-da 31 mart &#8211; Az\u0259rbaycanl\u0131lar\u0131n Soyq\u0131r\u0131m\u0131 G\u00fcn\u00fc qeyd olunub<\/strong><br><em>Mart 30 , 2017 &#8211; 10:25<\/em><\/p>\n\n\n\n<p>Mart\u0131n 30-da Az\u0259rbaycan Respublikas\u0131n\u0131n Prezidenti yan\u0131nda D\u00f6vl\u0259t \u0130dar\u0259\u00e7ilik Akademiyas\u0131n\u0131n (D\u0130A) n\u0259zdind\u0259ki Heyd\u0259r \u018fliyev D\u00f6vl\u0259t \u0130dar\u0259\u00e7iliyi M\u0259kt\u0259bind\u0259 31 mart &#8211; Az\u0259rbaycanl\u0131lar\u0131n Soyq\u0131r\u0131m\u0131 G\u00fcn\u00fcn\u0259 h\u0259sr olunmu\u015f \u201cd\u0259yirmi masa\u201d ke\u00e7irilib.<\/p>\n\n\n\n<p>Heyd\u0259r \u018fliyev M\u0259rk\u0259zi v\u0259 D\u00f6vl\u0259t \u0130dar\u0259\u00e7ilik Akademiyas\u0131n\u0131n birg\u0259 t\u0259\u015fkilat\u00e7\u0131l\u0131\u011f\u0131 il\u0259 ke\u00e7iril\u0259n t\u0259dbird\u0259 \u0259vv\u0259lc\u0259 soyq\u0131r\u0131m\u0131 qurbanlar\u0131n\u0131n xatir\u0259si bir d\u0259qiq\u0259lik s\u00fckutla yad edilib. Sonra 1918-ci ild\u0259 erm\u0259nil\u0259r t\u0259r\u0259find\u0259n t\u00f6r\u0259dilmi\u015f m\u00fcs\u0259lman q\u0131r\u011f\u0131nlar\u0131n\u0131n mahiyy\u0259ti, miqyas\u0131 v\u0259 n\u0259tic\u0259l\u0259rind\u0259n b\u0259hs ed\u0259n \u201cYalan haqq\u0131nda h\u0259qiq\u0259t\u201d s\u0259n\u0259dli filmi n\u00fcmayi\u015f olunub.<\/p>\n\n\n\n<p>\u201cD\u0259yirmi masa\u201dda D\u0130A-n\u0131n rektoru, akademik Urxan \u018fl\u0259kb\u0259rov erm\u0259ni mill\u0259t\u00e7il\u0259ri t\u0259r\u0259find\u0259n 1918-ci il mart\u0131n 31-d\u0259, el\u0259c\u0259 d\u0259 dig\u0259r d\u00f6vrl\u0259rd\u0259 xalq\u0131m\u0131za qar\u015f\u0131 h\u0259yata ke\u00e7iril\u0259n etnik t\u0259mizl\u0259m\u0259, soyq\u0131r\u0131m\u0131 v\u0259 t\u0259cav\u00fczkarl\u0131q siyas\u0259tinin \u0259sl mahiyy\u0259tind\u0259n dan\u0131\u015f\u0131b. Bildirib ki, erm\u0259ni mill\u0259t\u00e7il\u0259rinin t\u0259cav\u00fczkar siyas\u0259ti n\u0259tic\u0259sind\u0259 t\u0259kc\u0259 XX \u0259srd\u0259 az\u0259rbaycanl\u0131lar d\u00f6rd d\u0259f\u0259 &#8211; 1905-1906-c\u0131, 1918-1920-ci, 1948-1953-c\u00fc v\u0259 n\u0259hay\u0259t, 1988-1993-c\u00fc ill\u0259rd\u0259 soyq\u0131r\u0131m\u0131na m\u0259ruz qal\u0131blar. 1918-1920-ci ill\u0259rd\u0259 erm\u0259nil\u0259r t\u0259r\u0259find\u0259n t\u00f6r\u0259dilmi\u015f k\u00fctl\u0259vi q\u0131r\u011f\u0131nlar\u0131n Bak\u0131, Quba, \u015eamax\u0131, K\u00fcrd\u0259mir v\u0259 L\u0259nk\u0259ran il\u0259 yana\u015f\u0131, \u015eu\u015fada, \u0130r\u0259van quberniyas\u0131 \u0259razisind\u0259, Z\u0259ng\u0259zurda, Nax\u00e7\u0131vanda, \u015e\u0259rurda, Ordubadda, Qarsda v\u0259 ba\u015fqa b\u00f6lg\u0259l\u0259rd\u0259 davam etdirilm\u0259si n\u0259tic\u0259sind\u0259 y\u00fcz minl\u0259rl\u0259 az\u0259rbaycanl\u0131 \u0259n q\u0259ddar \u00fcsullarla q\u0259tl\u0259 yetirilib, bir milyondan \u00e7ox \u0259hali \u00f6z do\u011fma torpaqlar\u0131ndan did\u0259rgin sal\u0131n\u0131b. U.\u018fl\u0259kb\u0259rov qeyd edib ki, az\u0259rbaycanl\u0131lara qar\u015f\u0131 t\u00f6r\u0259dilmi\u015f bu soyq\u0131r\u0131m\u0131 tarixin qanl\u0131 s\u0259hif\u0259l\u0259rind\u0259n biridir. O, erm\u0259ni mill\u0259t\u00e7il\u0259ri t\u0259r\u0259find\u0259n xalq\u0131m\u0131za qar\u015f\u0131 h\u0259yata ke\u00e7iril\u0259n etnik t\u0259mizl\u0259m\u0259, soyq\u0131r\u0131m\u0131 v\u0259 t\u0259cav\u00fczkarl\u0131q siyas\u0259tin\u0259 siyasi-h\u00fcquqi qiym\u0259t verildiyini s\u00f6yl\u0259yib.<\/p>\n\n\n\n<p>Rektor erm\u0259nil\u0259rin az\u0259rbaycanl\u0131lara qar\u015f\u0131 zaman-zaman t\u00f6r\u0259tdikl\u0259ri soyq\u0131r\u0131m\u0131 il\u0259 \u0259laq\u0259dar \u00fcmummilli lider Heyd\u0259r \u018fliyevin 1998-ci il mart\u0131n 26-da imzalad\u0131\u011f\u0131 F\u0259rmanla mart\u0131n 31-nin Az\u0259rbaycanl\u0131lar\u0131n Soyq\u0131r\u0131m\u0131 G\u00fcn\u00fc elan edildiyini, Prezident \u0130lham \u018fliyevin 2009-cu il 30 dekabr tarixli \u201cQuba \u015f\u0259h\u0259rind\u0259 Soyq\u0131r\u0131m\u0131 Memorial Kompleksinin yarad\u0131lmas\u0131 haqq\u0131nda\u201d S\u0259r\u0259ncam\u0131n\u0131 Az\u0259rbaycan h\u0259qiq\u0259tl\u0259rinin d\u00fcnya ictimaiyy\u0259tin\u0259 \u00e7atd\u0131r\u0131lmas\u0131 istiqam\u0259tind\u0259 at\u0131lan m\u00fch\u00fcm add\u0131m kimi t\u0259dbir i\u015ftirak\u00e7\u0131lar\u0131n\u0131n diqq\u0259tin\u0259 \u00e7atd\u0131r\u0131b.<\/p>\n\n\n\n<p>T\u0259dbird\u0259 son ill\u0259rd\u0259 erm\u0259ni t\u0259cav\u00fcz\u00fcn\u00fcn n\u0259tic\u0259l\u0259ri, Az\u0259rbaycan\u0131n \u0259z\u0259li torpaqlar\u0131nda Erm\u0259nistan d\u00f6vl\u0259tinin yarad\u0131lmas\u0131, xalq\u0131m\u0131z\u0131n milli m\u0259d\u0259niyy\u0259t n\u00fcmun\u0259l\u0259rinin, toponiml\u0259rimizin \u00f6z\u00fcn\u00fcnk\u00fcl\u0259\u015fdirilm\u0259si bar\u0259d\u0259 tarixi faktlara \u0259saslanan qiym\u0259tli \u0259s\u0259rl\u0259rin \u00e7ap olunmas\u0131n\u0131n \u0259h\u0259miyy\u0259ti vur\u011fulan\u0131b. Eyni zamanda, tarixin m\u00fcxt\u0259lif d\u00f6vrl\u0259rind\u0259 erm\u0259nil\u0259r t\u0259r\u0259find\u0259n xalq\u0131m\u0131za qar\u015f\u0131 t\u00f6r\u0259dilmi\u015f v\u0259h\u015filikl\u0259rin d\u00fcnya ictimaiyy\u0259tin\u0259 \u00e7atd\u0131r\u0131lmas\u0131nda Heyd\u0259r \u018fliyev Fondunun m\u00fcst\u0259sna rolundan b\u0259hs edilib.<\/p>\n\n\n\n<p>\u201cD\u0259yirmi masa\u201dda D\u0130A-n\u0131n tarix kafedras\u0131n\u0131n m\u00fcdiri, dosent Firdovsiyy\u0259 \u018fhm\u0259dova, beyn\u0259lxalq m\u00fcnasib\u0259tl\u0259r v\u0259 xarici siyas\u0259t kafedras\u0131n\u0131n dosenti, \u201cAz\u0259rbaycan Respublikas\u0131 Da\u011fl\u0131q Qaraba\u011f B\u00f6lg\u0259sinin Az\u0259rbaycanl\u0131 \u0130cmas\u0131\u201d \u0130ctimai Birliyinin \u018flaq\u0259l\u0259ndirm\u0259 \u015euras\u0131n\u0131n s\u0259dri, Qaraba\u011f Ara\u015fd\u0131rmalar M\u0259rk\u0259zinin r\u0259hb\u0259ri El\u00e7in \u018fhm\u0259dov, h\u00fcquq kafedras\u0131n\u0131n dosenti Araz Q\u0259dim\u0259liyev, politologiya v\u0259 siyasi idar\u0259etm\u0259 kafedras\u0131n\u0131n m\u00fc\u0259llimi Zaur M\u0259mm\u0259dov v\u0259 dig\u0259r \u00e7\u0131x\u0131\u015f ed\u0259nl\u0259r erm\u0259nil\u0259rin 1918-ci ilin mart ay\u0131nda az\u0259rbaycanl\u0131lara qar\u015f\u0131 t\u00f6r\u0259tdikl\u0259ri v\u0259h\u015filikl\u0259rd\u0259n s\u00f6z a\u00e7\u0131blar, bu faci\u0259nin yadda\u015flardan he\u00e7 zaman silinm\u0259y\u0259c\u0259yini bildiribl\u0259r.<\/p>\n\n\n\n<p><\/p>\n\n\n\n<figure class=\"wp-container-2 wp-block-gallery-1 wp-block-gallery columns-3 is-cropped\"><ul class=\"blocks-gallery-grid\"><li class=\"blocks-gallery-item\"><figure><img width=\"640\" height=\"458\" src=\"https:\/\/dia.edu.az\/wp-content\/uploads\/2021\/03\/30.03.17.jpg\" alt=\"\" data-id=\"12354\" data-full-url=\"https:\/\/dia.edu.az\/wp-content\/uploads\/2021\/03\/30.03.17.jpg\" data-link=\"https:\/\/dia.edu.az\/?attachment_id=12354\" class=\"wp-image-12354\" srcset=\"https:\/\/legacy.dia.edu.az\/wp-content\/uploads\/2021\/03\/30.03.17.jpg 640w, https:\/\/legacy.dia.edu.az\/wp-content\/uploads\/2021\/03\/30.03.17-300x215.jpg 300w, https:\/\/legacy.dia.edu.az\/wp-content\/uploads\/2021\/03\/30.03.17-16x12.jpg 16w, https:\/\/legacy.dia.edu.az\/wp-content\/uploads\/2021\/03\/30.03.17-300x215@2x.jpg 600w\" sizes=\"(max-width: 640px) 100vw, 640px\" \/><\/figure><\/li><li class=\"blocks-gallery-item\"><figure><img width=\"640\" height=\"432\" src=\"https:\/\/dia.edu.az\/wp-content\/uploads\/2021\/03\/30.03.2017.jpg\" alt=\"\" data-id=\"12355\" data-full-url=\"https:\/\/dia.edu.az\/wp-content\/uploads\/2021\/03\/30.03.2017.jpg\" data-link=\"https:\/\/dia.edu.az\/?attachment_id=12355\" class=\"wp-image-12355\" srcset=\"https:\/\/legacy.dia.edu.az\/wp-content\/uploads\/2021\/03\/30.03.2017.jpg 640w, https:\/\/legacy.dia.edu.az\/wp-content\/uploads\/2021\/03\/30.03.2017-300x203.jpg 300w, https:\/\/legacy.dia.edu.az\/wp-content\/uploads\/2021\/03\/30.03.2017-16x12.jpg 16w, https:\/\/legacy.dia.edu.az\/wp-content\/uploads\/2021\/03\/30.03.2017-150x100.jpg 150w, https:\/\/legacy.dia.edu.az\/wp-content\/uploads\/2021\/03\/30.03.2017-300x203@2x.jpg 600w\" sizes=\"(max-width: 640px) 100vw, 640px\" \/><\/figure><\/li><li class=\"blocks-gallery-item\"><figure><img width=\"640\" height=\"408\" src=\"https:\/\/dia.edu.az\/wp-content\/uploads\/2021\/03\/31.03.17.jpg\" alt=\"\" data-id=\"12356\" data-full-url=\"https:\/\/dia.edu.az\/wp-content\/uploads\/2021\/03\/31.03.17.jpg\" data-link=\"https:\/\/dia.edu.az\/?attachment_id=12356\" class=\"wp-image-12356\" srcset=\"https:\/\/legacy.dia.edu.az\/wp-content\/uploads\/2021\/03\/31.03.17.jpg 640w, https:\/\/legacy.dia.edu.az\/wp-content\/uploads\/2021\/03\/31.03.17-300x191.jpg 300w, https:\/\/legacy.dia.edu.az\/wp-content\/uploads\/2021\/03\/31.03.17-16x10.jpg 16w, https:\/\/legacy.dia.edu.az\/wp-content\/uploads\/2021\/03\/31.03.17-410x260.jpg 410w, https:\/\/legacy.dia.edu.az\/wp-content\/uploads\/2021\/03\/31.03.17-300x191@2x.jpg 600w\" sizes=\"(max-width: 640px) 100vw, 640px\" \/><\/figure><\/li><li class=\"blocks-gallery-item\"><figure><img width=\"640\" height=\"430\" src=\"https:\/\/dia.edu.az\/wp-content\/uploads\/2021\/03\/31.03.2017.jpg\" alt=\"\" data-id=\"12357\" data-full-url=\"https:\/\/dia.edu.az\/wp-content\/uploads\/2021\/03\/31.03.2017.jpg\" data-link=\"https:\/\/dia.edu.az\/?attachment_id=12357\" class=\"wp-image-12357\" srcset=\"https:\/\/legacy.dia.edu.az\/wp-content\/uploads\/2021\/03\/31.03.2017.jpg 640w, https:\/\/legacy.dia.edu.az\/wp-content\/uploads\/2021\/03\/31.03.2017-300x202.jpg 300w, https:\/\/legacy.dia.edu.az\/wp-content\/uploads\/2021\/03\/31.03.2017-16x12.jpg 16w, https:\/\/legacy.dia.edu.az\/wp-content\/uploads\/2021\/03\/31.03.2017-150x100.jpg 150w, https:\/\/legacy.dia.edu.az\/wp-content\/uploads\/2021\/03\/31.03.2017-300x202@2x.jpg 600w\" sizes=\"(max-width: 640px) 100vw, 640px\" \/><\/figure><\/li><\/ul><\/figure>","protected":false},"excerpt":{"rendered":"<p>D\u0130A-da 31 mart &#8211; Az\u0259rbaycanl\u0131lar\u0131n Soyq\u0131r\u0131m\u0131 G\u00fcn\u00fc qeyd olunubMart 30 , 2017 &#8211; 10:25 Mart\u0131n 30-da Az\u0259rbaycan Respublikas\u0131n\u0131n Prezidenti yan\u0131nda D\u00f6vl\u0259t \u0130dar\u0259\u00e7ilik Akademiyas\u0131n\u0131n (D\u0130A) n\u0259zdind\u0259ki Heyd\u0259r \u018fliyev D\u00f6vl\u0259t \u0130dar\u0259\u00e7iliyi M\u0259kt\u0259bind\u0259 31 mart &#8211; Az\u0259rbaycanl\u0131lar\u0131n Soyq\u0131r\u0131m\u0131 G\u00fcn\u00fcn\u0259 h\u0259sr olunmu\u015f \u201cd\u0259yirmi masa\u201d ke\u00e7irilib. Heyd\u0259r \u018fliyev M\u0259rk\u0259zi v\u0259 D\u00f6vl\u0259t \u0130dar\u0259\u00e7ilik Akademiyas\u0131n\u0131n birg\u0259 t\u0259\u015fkilat\u00e7\u0131l\u0131\u011f\u0131 il\u0259 ke\u00e7iril\u0259n t\u0259dbird\u0259 \u0259vv\u0259lc\u0259 soyq\u0131r\u0131m\u0131 [&hellip;]<\/p>","protected":false},"author":2,"featured_media":12357,"comment_status":"closed","ping_status":"closed","sticky":false,"template":"","format":"standard","meta":[],"categories":[137],"tags":[],"_links":{"self":[{"href":"https:\/\/legacy.dia.edu.az\/en\/wp-json\/wp\/v2\/posts\/12353"}],"collection":[{"href":"https:\/\/legacy.dia.edu.az\/en\/wp-json\/wp\/v2\/posts"}],"about":[{"href":"https:\/\/legacy.dia.edu.az\/en\/wp-json\/wp\/v2\/types\/post"}],"author":[{"embeddable":true,"href":"https:\/\/legacy.dia.edu.az\/en\/wp-json\/wp\/v2\/users\/2"}],"replies":[{"embeddable":true,"href":"https:\/\/legacy.dia.edu.az\/en\/wp-json\/wp\/v2\/comments?post=12353"}],"version-history":[{"count":0,"href":"https:\/\/legacy.dia.edu.az\/en\/wp-json\/wp\/v2\/posts\/12353\/revisions"}],"wp:featuredmedia":[{"embeddable":true,"href":"https:\/\/legacy.dia.edu.az\/en\/wp-json\/wp\/v2\/media\/12357"}],"wp:attachment":[{"href":"https:\/\/legacy.dia.edu.az\/en\/wp-json\/wp\/v2\/media?parent=12353"}],"wp:term":[{"taxonomy":"category","embeddable":true,"href":"https:\/\/legacy.dia.edu.az\/en\/wp-json\/wp\/v2\/categories?post=12353"},{"taxonomy":"post_tag","embeddable":true,"href":"https:\/\/legacy.dia.edu.az\/en\/wp-json\/wp\/v2\/tags?post=12353"}],"curies":[{"name":"wp","href":"https:\/\/api.w.org\/{rel}","templated":true}]}}