{"id":12333,"date":"2017-04-12T12:27:00","date_gmt":"2017-04-12T09:27:00","guid":{"rendered":"https:\/\/dia.edu.az\/?p=12333"},"modified":"2021-03-15T12:29:50","modified_gmt":"2021-03-15T09:29:50","slug":"dovl%c9%99t-idar%c9%99cilik-akademiyasinda-publik-huquqi-s%c9%99xsl%c9%99rin-f%c9%99aliyy%c9%99ti-il%c9%99-bagli-muzakir%c9%99l%c9%99r-aparilib","status":"publish","type":"post","link":"https:\/\/legacy.dia.edu.az\/en\/arxivl\u0259r\/12333","title":{"rendered":"D\u00f6vl\u0259t \u0130dar\u0259\u00e7ilik Akademiyas\u0131nda publik h\u00fcquqi \u015f\u0259xsl\u0259rin f\u0259aliyy\u0259ti il\u0259 ba\u011fl\u0131 m\u00fczakir\u0259l\u0259r apar\u0131l\u0131b"},"content":{"rendered":"<p><\/p>\n\n\n\n<p><strong>D\u00f6vl\u0259t \u0130dar\u0259\u00e7ilik Akademiyas\u0131nda publik h\u00fcquqi \u015f\u0259xsl\u0259rin f\u0259aliyy\u0259ti il\u0259 ba\u011fl\u0131 m\u00fczakir\u0259l\u0259r apar\u0131l\u0131b<\/strong><br><em>Apr 12 , 2017 &#8211; 12:53<\/em><\/p>\n\n\n\n<p>Az\u0259rbaycan Respublikas\u0131n\u0131n Prezidenti yan\u0131nda D\u00f6vl\u0259t \u0130dar\u0259\u00e7ilik Akademiyas\u0131nda (D\u0130A) \u201cPublik h\u00fcquqi \u015f\u0259xsl\u0259r\u201d m\u00f6vzusunda seminar ke\u00e7irilib.<\/p>\n\n\n\n<p>T\u0259dbir\u0259 d\u00f6vl\u0259t orqanlar\u0131nda \u00e7al\u0131\u015fan d\u00f6vl\u0259t qulluq\u00e7ular\u0131 c\u0259lb olunublar.<\/p>\n\n\n\n<p>Seminarda \u201cAz\u0259rbaycan Respublikas\u0131n\u0131n innovativ idar\u0259etm\u0259 modeli: \u00f6lk\u0259nin nailiyy\u0259tl\u0259ri beyn\u0259lxalq t\u0259\u015fkilatlar\u0131n hesabatlar\u0131nda\u201d, \u201cAz\u0259rbaycan qanunvericiliyind\u0259 publik h\u00fcquqi \u015f\u0259xsl\u0259rin yeri\u201d, \u201cAz\u0259rbaycan Respublikas\u0131n\u0131n qanunvericiliyind\u0259 publik h\u00fcquqi \u015f\u0259xsl\u0259rin f\u0259aliyy\u0259tinin t\u0259nziml\u0259nm\u0259si\u201d v\u0259 s. m\u00f6vzular\u0131 m\u00fczakir\u0259 edilib. T\u0259dbirin m\u0259qs\u0259di m\u00fcvafiq sah\u0259 il\u0259 ba\u011fl\u0131 d\u00f6vl\u0259t qulluq\u00e7ular\u0131na yeni bilikl\u0259rin a\u015f\u0131lanmas\u0131, onlarla fikir m\u00fcbadil\u0259sinin apar\u0131lmas\u0131 olub.<\/p>\n\n\n\n<p>Seminarda D\u0130A-n\u0131n rektoru, akademik Urxan \u018fl\u0259kb\u0259rov, Milli M\u0259clisin deputat\u0131 Rafael C\u0259bray\u0131lov, Vergil\u0259r Nazirliyi yan\u0131nda Milli G\u0259lirl\u0259r Departamentinin h\u00fcquqi \u015f\u0259xsl\u0259rin d\u00f6vl\u0259t qeydiyyat\u0131 idar\u0259sinin r\u0259isi Samir Seyid\u0259hm\u0259dli \u00e7\u0131x\u0131\u015f edibl\u0259r.<\/p>\n\n\n\n<p><\/p>\n\n\n\n<figure class=\"wp-container-2 wp-block-gallery-1 wp-block-gallery columns-3 is-cropped\"><ul class=\"blocks-gallery-grid\"><li class=\"blocks-gallery-item\"><figure><img width=\"640\" height=\"424\" src=\"https:\/\/dia.edu.az\/wp-content\/uploads\/2021\/03\/12.04.17.jpg\" alt=\"\" data-id=\"12334\" data-full-url=\"https:\/\/dia.edu.az\/wp-content\/uploads\/2021\/03\/12.04.17.jpg\" data-link=\"https:\/\/dia.edu.az\/?attachment_id=12334\" class=\"wp-image-12334\" srcset=\"https:\/\/legacy.dia.edu.az\/wp-content\/uploads\/2021\/03\/12.04.17.jpg 640w, https:\/\/legacy.dia.edu.az\/wp-content\/uploads\/2021\/03\/12.04.17-300x199.jpg 300w, https:\/\/legacy.dia.edu.az\/wp-content\/uploads\/2021\/03\/12.04.17-16x12.jpg 16w, https:\/\/legacy.dia.edu.az\/wp-content\/uploads\/2021\/03\/12.04.17-150x100.jpg 150w, https:\/\/legacy.dia.edu.az\/wp-content\/uploads\/2021\/03\/12.04.17-300x199@2x.jpg 600w\" sizes=\"(max-width: 640px) 100vw, 640px\" \/><\/figure><\/li><li class=\"blocks-gallery-item\"><figure><img width=\"640\" height=\"424\" src=\"https:\/\/dia.edu.az\/wp-content\/uploads\/2021\/03\/12.04.2017.jpg\" alt=\"\" data-id=\"12335\" data-full-url=\"https:\/\/dia.edu.az\/wp-content\/uploads\/2021\/03\/12.04.2017.jpg\" data-link=\"https:\/\/dia.edu.az\/?attachment_id=12335\" class=\"wp-image-12335\" srcset=\"https:\/\/legacy.dia.edu.az\/wp-content\/uploads\/2021\/03\/12.04.2017.jpg 640w, https:\/\/legacy.dia.edu.az\/wp-content\/uploads\/2021\/03\/12.04.2017-300x199.jpg 300w, https:\/\/legacy.dia.edu.az\/wp-content\/uploads\/2021\/03\/12.04.2017-16x12.jpg 16w, https:\/\/legacy.dia.edu.az\/wp-content\/uploads\/2021\/03\/12.04.2017-150x100.jpg 150w, https:\/\/legacy.dia.edu.az\/wp-content\/uploads\/2021\/03\/12.04.2017-300x199@2x.jpg 600w\" sizes=\"(max-width: 640px) 100vw, 640px\" \/><\/figure><\/li><li class=\"blocks-gallery-item\"><figure><img width=\"640\" height=\"424\" src=\"https:\/\/dia.edu.az\/wp-content\/uploads\/2021\/03\/12.04.jpg\" alt=\"\" data-id=\"12336\" data-full-url=\"https:\/\/dia.edu.az\/wp-content\/uploads\/2021\/03\/12.04.jpg\" data-link=\"https:\/\/dia.edu.az\/?attachment_id=12336\" class=\"wp-image-12336\" srcset=\"https:\/\/legacy.dia.edu.az\/wp-content\/uploads\/2021\/03\/12.04.jpg 640w, https:\/\/legacy.dia.edu.az\/wp-content\/uploads\/2021\/03\/12.04-300x199.jpg 300w, https:\/\/legacy.dia.edu.az\/wp-content\/uploads\/2021\/03\/12.04-16x12.jpg 16w, https:\/\/legacy.dia.edu.az\/wp-content\/uploads\/2021\/03\/12.04-150x100.jpg 150w, https:\/\/legacy.dia.edu.az\/wp-content\/uploads\/2021\/03\/12.04-300x199@2x.jpg 600w\" sizes=\"(max-width: 640px) 100vw, 640px\" \/><\/figure><\/li><\/ul><\/figure>","protected":false},"excerpt":{"rendered":"<p>D\u00f6vl\u0259t \u0130dar\u0259\u00e7ilik Akademiyas\u0131nda publik h\u00fcquqi \u015f\u0259xsl\u0259rin f\u0259aliyy\u0259ti il\u0259 ba\u011fl\u0131 m\u00fczakir\u0259l\u0259r apar\u0131l\u0131bApr 12 , 2017 &#8211; 12:53 Az\u0259rbaycan Respublikas\u0131n\u0131n Prezidenti yan\u0131nda D\u00f6vl\u0259t \u0130dar\u0259\u00e7ilik Akademiyas\u0131nda (D\u0130A) \u201cPublik h\u00fcquqi \u015f\u0259xsl\u0259r\u201d m\u00f6vzusunda seminar ke\u00e7irilib. T\u0259dbir\u0259 d\u00f6vl\u0259t orqanlar\u0131nda \u00e7al\u0131\u015fan d\u00f6vl\u0259t qulluq\u00e7ular\u0131 c\u0259lb olunublar. Seminarda \u201cAz\u0259rbaycan Respublikas\u0131n\u0131n innovativ idar\u0259etm\u0259 modeli: \u00f6lk\u0259nin nailiyy\u0259tl\u0259ri beyn\u0259lxalq t\u0259\u015fkilatlar\u0131n hesabatlar\u0131nda\u201d, \u201cAz\u0259rbaycan qanunvericiliyind\u0259 publik h\u00fcquqi \u015f\u0259xsl\u0259rin yeri\u201d, [&hellip;]<\/p>","protected":false},"author":2,"featured_media":12336,"comment_status":"closed","ping_status":"closed","sticky":false,"template":"","format":"standard","meta":[],"categories":[137],"tags":[],"_links":{"self":[{"href":"https:\/\/legacy.dia.edu.az\/en\/wp-json\/wp\/v2\/posts\/12333"}],"collection":[{"href":"https:\/\/legacy.dia.edu.az\/en\/wp-json\/wp\/v2\/posts"}],"about":[{"href":"https:\/\/legacy.dia.edu.az\/en\/wp-json\/wp\/v2\/types\/post"}],"author":[{"embeddable":true,"href":"https:\/\/legacy.dia.edu.az\/en\/wp-json\/wp\/v2\/users\/2"}],"replies":[{"embeddable":true,"href":"https:\/\/legacy.dia.edu.az\/en\/wp-json\/wp\/v2\/comments?post=12333"}],"version-history":[{"count":0,"href":"https:\/\/legacy.dia.edu.az\/en\/wp-json\/wp\/v2\/posts\/12333\/revisions"}],"wp:featuredmedia":[{"embeddable":true,"href":"https:\/\/legacy.dia.edu.az\/en\/wp-json\/wp\/v2\/media\/12336"}],"wp:attachment":[{"href":"https:\/\/legacy.dia.edu.az\/en\/wp-json\/wp\/v2\/media?parent=12333"}],"wp:term":[{"taxonomy":"category","embeddable":true,"href":"https:\/\/legacy.dia.edu.az\/en\/wp-json\/wp\/v2\/categories?post=12333"},{"taxonomy":"post_tag","embeddable":true,"href":"https:\/\/legacy.dia.edu.az\/en\/wp-json\/wp\/v2\/tags?post=12333"}],"curies":[{"name":"wp","href":"https:\/\/api.w.org\/{rel}","templated":true}]}}