{"id":12327,"date":"2017-04-24T12:25:00","date_gmt":"2017-04-24T09:25:00","guid":{"rendered":"https:\/\/dia.edu.az\/?p=12327"},"modified":"2021-03-15T12:26:45","modified_gmt":"2021-03-15T09:26:45","slug":"dovl%c9%99t-idar%c9%99cilik-akademiyasi-elektron-imza-informasiya-c%c9%99miyy%c9%99tinin-vacib-atributudur-elektron-imza-t%c9%99tbiqinin-ustunlukl%c9%99ri-v%c9%99-aktual-probleml","status":"publish","type":"post","link":"https:\/\/legacy.dia.edu.az\/en\/arxivl\u0259r\/12327","title":{"rendered":"D\u00f6vl\u0259t \u0130dar\u0259\u00e7ilik Akademiyas\u0131 \u201cElektron imza\u201d \u0130nformasiya C\u0259miyy\u0259tinin vacib atributudur: Elektron imza t\u0259tbiqinin \u00fcst\u00fcnl\u00fckl\u0259ri v\u0259 aktual probleml\u0259ri\u201d m\u00f6vzusunda respublika elmi-praktik konfransda t\u0259msil olunmu\u015fdur"},"content":{"rendered":"<p><\/p>\n\n\n\n<p><strong>D\u00f6vl\u0259t \u0130dar\u0259\u00e7ilik Akademiyas\u0131 \u201cElektron imza\u201d \u0130nformasiya C\u0259miyy\u0259tinin vacib atributudur: Elektron imza t\u0259tbiqinin \u00fcst\u00fcnl\u00fckl\u0259ri v\u0259 aktual probleml\u0259ri\u201d m\u00f6vzusunda respublika elmi-praktik konfransda t\u0259msil olunmu\u015fdur<\/strong><br><em>Apr 24 , 2017 &#8211; 11:58<\/em><\/p>\n\n\n\n<p>18-19 aprel 2017-ci il tarixl\u0259rd\u0259 Az\u0259rbaycan Texniki Universitetind\u0259 (AzTU) \u201cElektron imza\u201d \u0130nformasiya C\u0259miyy\u0259tinin (Elektron h\u00f6kum\u0259t) vacib atributudur: Elektron imza t\u0259tbiqinin \u00fcst\u00fcnl\u00fckl\u0259ri v\u0259 aktual probleml\u0259ri\u201d m\u00f6vzusunda respublika elmi-praktik konfrans\u0131 ke\u00e7irilmi\u015fdir. Konfrans&nbsp; T\u0259hsil, N\u0259qliyyat, Rabit\u0259 v\u0259 Y\u00fcks\u0259k Texnologiyalar nazirlikl\u0259ri t\u0259r\u0259find\u0259n birg\u0259 t\u0259\u015fkil olunub.<\/p>\n\n\n\n<p>Respublika elmi-praktik konfrans\u0131nda AzTU-nun rektoru v\u0259zif\u0259sini icra ed\u0259n Xal\u0131q Yahudov, N\u0259qliyyat, Rabit\u0259 v\u0259 Y\u00fcks\u0259k Texnologiyalar Nazirliyinin (NRYTN) elm, texnologiya v\u0259 informasiya c\u0259miyy\u0259tinin inki\u015faf\u0131 \u015f\u00f6b\u0259sinin m\u00fcdiri \u0130sb\u0259ndiyar \u018fliyev, D\u00f6vl\u0259t G\u00f6mr\u00fck Komit\u0259sinin F\u0259aliyy\u0259tinin Qiym\u0259tl\u0259ndirilm\u0259si v\u0259 \u0130nki\u015faf Proqramlar\u0131 ba\u015f idar\u0259sinin r\u0259isi, Layih\u0259l\u0259rin \u0130dar\u0259 edilm\u0259si Assosiasiyas\u0131n\u0131n prezidenti, general-mayor \u0130qbal Babayev, \u201cMultimediya\u201d \u0130nformasiya Sisteml\u0259ri Texnologiyalar\u0131 M\u0259rk\u0259zinin direktoru, Az\u0259rbaycan \u0130nternet Forumunun prezidenti Osman G\u00fcnd\u00fcz v\u0259 dig\u0259rl\u0259ri \u00e7\u0131x\u0131\u015f etmi\u015fl\u0259r.<\/p>\n\n\n\n<p>&nbsp;Plenar iclasdan sonra konfrans\u0131n i\u015fi b\u00f6lm\u0259 iclaslar\u0131nda davam etdirilib.<\/p>\n\n\n\n<p>M\u00fcxt\u0259lif ali t\u0259hsil m\u00fc\u0259ssis\u0259l\u0259rind\u0259n, aidiyy\u0259ti nazirlikl\u0259rd\u0259n, komit\u0259 v\u0259 t\u0259\u015fkilatlardan n\u00fcmay\u0259nd\u0259l\u0259rin i\u015ftirak etdikl\u0259ri konfransa \u00fcmumilikd\u0259 90 m\u0259qal\u0259 t\u0259qdim olunub.<\/p>\n\n\n\n<p>Qeyd ed\u0259k ki, Az\u0259rbaycan Respublikas\u0131 Prezidenti yan\u0131nda D\u00f6vl\u0259t \u0130dar\u0259\u00e7ilik Akademiyas\u0131 da konfrans\u0131n i\u015find\u0259 f\u0259al i\u015ftirak etmi\u015fdir. Akademiyada \u201cElektron idar\u0259etm\u0259\u201d ixtisas\u0131 \u00fczr\u0259 t\u0259hsil alan magistrantlar v\u0259 bakalavr pill\u0259sinin yuxar\u0131 kurs t\u0259l\u0259b\u0259l\u0259ri b\u00f6lm\u0259 iclaslar\u0131nda i\u015ftirak etmi\u015f v\u0259 m\u00fczakir\u0259l\u0259r\u0259 qat\u0131lm\u0131\u015flar.<\/p>\n\n\n\n<p>Konfransda \u201cD\u00f6vl\u0259t idar\u0259\u00e7iliyind\u0259 informasiya texnologiyalar\u0131\u201d kafedras\u0131n\u0131n dosenti A\u011famehdi Mehdi\u0259liyev \u201cM\u00fcasir d\u00f6vl\u0259t idar\u0259\u00e7iliyinin informasiya strukturunun b\u0259zi siyasi-sosial aspektl\u0259ri\u201d m\u00f6vzusunda m\u0259ruz\u0259 il\u0259 \u00e7\u0131x\u0131\u015f etmi\u015fdir. M\u0259ruz\u0259 maraqla qar\u015f\u0131lanm\u0131\u015f, onun m\u00fc\u0259llifin\u0259 m\u00fcvafiq sertifikat t\u0259qdim olunmu\u015fdur.<\/p>\n\n\n\n<p><\/p>\n\n\n\n<figure class=\"wp-container-2 wp-block-gallery-1 wp-block-gallery columns-2 is-cropped\"><ul class=\"blocks-gallery-grid\"><li class=\"blocks-gallery-item\"><figure><img width=\"640\" height=\"387\" src=\"https:\/\/dia.edu.az\/wp-content\/uploads\/2021\/03\/27.04.17.png\" alt=\"\" data-id=\"12328\" data-full-url=\"https:\/\/dia.edu.az\/wp-content\/uploads\/2021\/03\/27.04.17.png\" data-link=\"https:\/\/dia.edu.az\/?attachment_id=12328\" class=\"wp-image-12328\" srcset=\"https:\/\/legacy.dia.edu.az\/wp-content\/uploads\/2021\/03\/27.04.17.png 640w, https:\/\/legacy.dia.edu.az\/wp-content\/uploads\/2021\/03\/27.04.17-300x181.png 300w, https:\/\/legacy.dia.edu.az\/wp-content\/uploads\/2021\/03\/27.04.17-16x10.png 16w, https:\/\/legacy.dia.edu.az\/wp-content\/uploads\/2021\/03\/27.04.17-300x181@2x.png 600w\" sizes=\"(max-width: 640px) 100vw, 640px\" \/><\/figure><\/li><li class=\"blocks-gallery-item\"><figure><img width=\"640\" height=\"360\" src=\"https:\/\/dia.edu.az\/wp-content\/uploads\/2021\/03\/27.04-1.jpg\" alt=\"\" data-id=\"12329\" data-full-url=\"https:\/\/dia.edu.az\/wp-content\/uploads\/2021\/03\/27.04-1.jpg\" data-link=\"https:\/\/dia.edu.az\/?attachment_id=12329\" class=\"wp-image-12329\" srcset=\"https:\/\/legacy.dia.edu.az\/wp-content\/uploads\/2021\/03\/27.04-1.jpg 640w, https:\/\/legacy.dia.edu.az\/wp-content\/uploads\/2021\/03\/27.04-1-300x169.jpg 300w, https:\/\/legacy.dia.edu.az\/wp-content\/uploads\/2021\/03\/27.04-1-16x9.jpg 16w, https:\/\/legacy.dia.edu.az\/wp-content\/uploads\/2021\/03\/27.04-1-300x169@2x.jpg 600w\" sizes=\"(max-width: 640px) 100vw, 640px\" \/><\/figure><\/li><li class=\"blocks-gallery-item\"><figure><img width=\"665\" height=\"1024\" src=\"https:\/\/dia.edu.az\/wp-content\/uploads\/2021\/03\/aqam-665x1024.jpg\" alt=\"\" data-id=\"12330\" data-full-url=\"https:\/\/dia.edu.az\/wp-content\/uploads\/2021\/03\/aqam.jpg\" data-link=\"https:\/\/dia.edu.az\/?attachment_id=12330\" class=\"wp-image-12330\" srcset=\"https:\/\/legacy.dia.edu.az\/wp-content\/uploads\/2021\/03\/aqam-665x1024.jpg 665w, https:\/\/legacy.dia.edu.az\/wp-content\/uploads\/2021\/03\/aqam-195x300.jpg 195w, https:\/\/legacy.dia.edu.az\/wp-content\/uploads\/2021\/03\/aqam-998x1536.jpg 998w, https:\/\/legacy.dia.edu.az\/wp-content\/uploads\/2021\/03\/aqam-1330x2048.jpg 1330w, https:\/\/legacy.dia.edu.az\/wp-content\/uploads\/2021\/03\/aqam-8x12.jpg 8w, https:\/\/legacy.dia.edu.az\/wp-content\/uploads\/2021\/03\/aqam.jpg 1474w, https:\/\/legacy.dia.edu.az\/wp-content\/uploads\/2021\/03\/aqam-195x300@2x.jpg 390w\" sizes=\"(max-width: 665px) 100vw, 665px\" \/><\/figure><\/li><li class=\"blocks-gallery-item\"><figure><img width=\"1024\" height=\"714\" src=\"https:\/\/dia.edu.az\/wp-content\/uploads\/2021\/03\/aqamehdi-1024x714.jpg\" alt=\"\" data-id=\"12331\" data-full-url=\"https:\/\/dia.edu.az\/wp-content\/uploads\/2021\/03\/aqamehdi-scaled.jpg\" data-link=\"https:\/\/dia.edu.az\/?attachment_id=12331\" class=\"wp-image-12331\" srcset=\"https:\/\/legacy.dia.edu.az\/wp-content\/uploads\/2021\/03\/aqamehdi-1024x714.jpg 1024w, https:\/\/legacy.dia.edu.az\/wp-content\/uploads\/2021\/03\/aqamehdi-300x209.jpg 300w, https:\/\/legacy.dia.edu.az\/wp-content\/uploads\/2021\/03\/aqamehdi-1536x1071.jpg 1536w, https:\/\/legacy.dia.edu.az\/wp-content\/uploads\/2021\/03\/aqamehdi-2048x1428.jpg 2048w, https:\/\/legacy.dia.edu.az\/wp-content\/uploads\/2021\/03\/aqamehdi-16x12.jpg 16w, https:\/\/legacy.dia.edu.az\/wp-content\/uploads\/2021\/03\/aqamehdi-300x209@2x.jpg 600w\" sizes=\"(max-width: 1024px) 100vw, 1024px\" \/><\/figure><\/li><\/ul><\/figure>","protected":false},"excerpt":{"rendered":"<p>D\u00f6vl\u0259t \u0130dar\u0259\u00e7ilik Akademiyas\u0131 \u201cElektron imza\u201d \u0130nformasiya C\u0259miyy\u0259tinin vacib atributudur: Elektron imza t\u0259tbiqinin \u00fcst\u00fcnl\u00fckl\u0259ri v\u0259 aktual probleml\u0259ri\u201d m\u00f6vzusunda respublika elmi-praktik konfransda t\u0259msil olunmu\u015fdurApr 24 , 2017 &#8211; 11:58 18-19 aprel 2017-ci il tarixl\u0259rd\u0259 Az\u0259rbaycan Texniki Universitetind\u0259 (AzTU) \u201cElektron imza\u201d \u0130nformasiya C\u0259miyy\u0259tinin (Elektron h\u00f6kum\u0259t) vacib atributudur: Elektron imza t\u0259tbiqinin \u00fcst\u00fcnl\u00fckl\u0259ri v\u0259 aktual probleml\u0259ri\u201d m\u00f6vzusunda respublika elmi-praktik konfrans\u0131 [&hellip;]<\/p>","protected":false},"author":2,"featured_media":12328,"comment_status":"closed","ping_status":"closed","sticky":false,"template":"","format":"standard","meta":[],"categories":[137],"tags":[],"_links":{"self":[{"href":"https:\/\/legacy.dia.edu.az\/en\/wp-json\/wp\/v2\/posts\/12327"}],"collection":[{"href":"https:\/\/legacy.dia.edu.az\/en\/wp-json\/wp\/v2\/posts"}],"about":[{"href":"https:\/\/legacy.dia.edu.az\/en\/wp-json\/wp\/v2\/types\/post"}],"author":[{"embeddable":true,"href":"https:\/\/legacy.dia.edu.az\/en\/wp-json\/wp\/v2\/users\/2"}],"replies":[{"embeddable":true,"href":"https:\/\/legacy.dia.edu.az\/en\/wp-json\/wp\/v2\/comments?post=12327"}],"version-history":[{"count":0,"href":"https:\/\/legacy.dia.edu.az\/en\/wp-json\/wp\/v2\/posts\/12327\/revisions"}],"wp:featuredmedia":[{"embeddable":true,"href":"https:\/\/legacy.dia.edu.az\/en\/wp-json\/wp\/v2\/media\/12328"}],"wp:attachment":[{"href":"https:\/\/legacy.dia.edu.az\/en\/wp-json\/wp\/v2\/media?parent=12327"}],"wp:term":[{"taxonomy":"category","embeddable":true,"href":"https:\/\/legacy.dia.edu.az\/en\/wp-json\/wp\/v2\/categories?post=12327"},{"taxonomy":"post_tag","embeddable":true,"href":"https:\/\/legacy.dia.edu.az\/en\/wp-json\/wp\/v2\/tags?post=12327"}],"curies":[{"name":"wp","href":"https:\/\/api.w.org\/{rel}","templated":true}]}}