{"id":12323,"date":"2017-04-25T12:23:00","date_gmt":"2017-04-25T09:23:00","guid":{"rendered":"https:\/\/dia.edu.az\/?p=12323"},"modified":"2021-03-15T12:24:41","modified_gmt":"2021-03-15T09:24:41","slug":"dovl%c9%99t-idar%c9%99cilik-akademiyasinda-italiyanin-link-kampus-universitetinin-professoru-il%c9%99-gorus-kecirilib","status":"publish","type":"post","link":"https:\/\/legacy.dia.edu.az\/en\/arxivl\u0259r\/12323","title":{"rendered":"D\u00f6vl\u0259t \u0130dar\u0259\u00e7ilik Akademiyas\u0131nda \u0130taliyan\u0131n Link-Kampus universitetinin professoru il\u0259 g\u00f6r\u00fc\u015f ke\u00e7irilib"},"content":{"rendered":"<p><\/p>\n\n\n\n<p><strong>D\u00f6vl\u0259t \u0130dar\u0259\u00e7ilik Akademiyas\u0131nda \u0130taliyan\u0131n Link-Kampus universitetinin professoru il\u0259 g\u00f6r\u00fc\u015f ke\u00e7irilib<\/strong><br><em>Apr 25 , 2017 &#8211; 06:22<\/em><\/p>\n\n\n\n<p>Aprelin 25-d\u0259 Az\u0259rbaycan Respublikas\u0131n\u0131n Prezidenti yan\u0131nda D\u00f6vl\u0259t \u0130dar\u0259\u00e7ilik Akademiyas\u0131nda \u0130taliyan\u0131n Link-Kampus universitetinin professoru Alessandro Fiqus il\u0259 g\u00f6r\u00fc\u015f ke\u00e7irilib.<br>&nbsp;Akademiyan\u0131n m\u00fc\u0259llim v\u0259 t\u0259l\u0259b\u0259l\u0259rinin i\u015ftirak etdikl\u0259ri t\u0259dbird\u0259 D\u00f6vl\u0259t \u0130dar\u0259\u00e7ilik Akademiyas\u0131 Humanitar v\u0259 Sosial m\u0259s\u0259l\u0259l\u0259r \u00fczr\u0259 prorektoru, dosent Mehdi Abdullayev professor Alessandro Fiqusun h\u0259yat v\u0259 yarad\u0131c\u0131l\u0131\u011f\u0131n\u0131n \u0259sas m\u0259rh\u0259l\u0259l\u0259ri bar\u0259d\u0259 m\u0259lumat verib, onun beyn\u0259lxalq \u0259m\u0259kda\u015fl\u0131\u011f\u0131n m\u00f6hk\u0259ml\u0259ndirilm\u0259si sah\u0259sind\u0259ki xidm\u0259tl\u0259rini vur\u011fulay\u0131b.<\/p>\n\n\n\n<p>Sonra Link-Kampus universitetininprofessoru \u201cAvropa \u0130ttifaq\u0131: Roma m\u00fcqavil\u0259sind\u0259n ke\u00e7\u0259n 60 il \u201c m\u00f6vzusunda m\u00fchazir\u0259 il\u0259 \u00e7\u0131x\u0131\u015f edib. O, \u00e7\u0131x\u0131\u015f\u0131nda Avropa \u0130ttifaq\u0131n\u0131n tarixi, f\u0259aliyy\u0259ti, \u015eengen m\u00fcqavil\u0259si\u00a0 o c\u00fcml\u0259d\u0259n son d\u00f6vrl\u0259rd\u0259 beyn\u0259lxalq al\u0259md\u0259 ba\u015f ver\u0259n prosesl\u0259r, qlobal iqtisadi b\u00f6hran\u0131n yaratd\u0131\u011f\u0131 \u00e7\u0259tinlikl\u0259r, h\u0259m\u00e7inin beyn\u0259lxalq \u0259m\u0259kda\u015fl\u0131\u011f\u0131n m\u00f6hk\u0259ml\u0259ndirilm\u0259si istiqam\u0259tind\u0259 at\u0131lan add\u0131mlar bar\u0259d\u0259 \u0259trafl\u0131 m\u0259lumat verib.<br>G\u00f6r\u00fc\u015f\u00fcn sonunda\u00a0 \u0130taliyan\u0131n Link-Kampus universitetinin professoru\u00a0 Alessandro Fiqus D\u00f6vl\u0259t \u0130dar\u0259\u00e7ilik Akademiyas\u0131 t\u0259l\u0259b\u0259l\u0259rinin \u00e7oxsayl\u0131 suallar\u0131n\u0131 cavabland\u0131r\u0131b.<\/p>\n\n\n\n<p><\/p>\n\n\n\n<figure class=\"wp-container-2 wp-block-gallery-1 wp-block-gallery columns-1 is-cropped\"><ul class=\"blocks-gallery-grid\"><li class=\"blocks-gallery-item\"><figure><img width=\"640\" height=\"424\" src=\"https:\/\/dia.edu.az\/wp-content\/uploads\/2021\/03\/25.04.17.jpg\" alt=\"\" data-id=\"12325\" data-full-url=\"https:\/\/dia.edu.az\/wp-content\/uploads\/2021\/03\/25.04.17.jpg\" data-link=\"https:\/\/dia.edu.az\/?attachment_id=12325\" class=\"wp-image-12325\" srcset=\"https:\/\/legacy.dia.edu.az\/wp-content\/uploads\/2021\/03\/25.04.17.jpg 640w, https:\/\/legacy.dia.edu.az\/wp-content\/uploads\/2021\/03\/25.04.17-300x199.jpg 300w, https:\/\/legacy.dia.edu.az\/wp-content\/uploads\/2021\/03\/25.04.17-16x12.jpg 16w, https:\/\/legacy.dia.edu.az\/wp-content\/uploads\/2021\/03\/25.04.17-150x100.jpg 150w, https:\/\/legacy.dia.edu.az\/wp-content\/uploads\/2021\/03\/25.04.17-300x199@2x.jpg 600w\" sizes=\"(max-width: 640px) 100vw, 640px\" \/><\/figure><\/li><\/ul><\/figure>","protected":false},"excerpt":{"rendered":"<p>D\u00f6vl\u0259t \u0130dar\u0259\u00e7ilik Akademiyas\u0131nda \u0130taliyan\u0131n Link-Kampus universitetinin professoru il\u0259 g\u00f6r\u00fc\u015f ke\u00e7irilibApr 25 , 2017 &#8211; 06:22 Aprelin 25-d\u0259 Az\u0259rbaycan Respublikas\u0131n\u0131n Prezidenti yan\u0131nda D\u00f6vl\u0259t \u0130dar\u0259\u00e7ilik Akademiyas\u0131nda \u0130taliyan\u0131n Link-Kampus universitetinin professoru Alessandro Fiqus il\u0259 g\u00f6r\u00fc\u015f ke\u00e7irilib.&nbsp;Akademiyan\u0131n m\u00fc\u0259llim v\u0259 t\u0259l\u0259b\u0259l\u0259rinin i\u015ftirak etdikl\u0259ri t\u0259dbird\u0259 D\u00f6vl\u0259t \u0130dar\u0259\u00e7ilik Akademiyas\u0131 Humanitar v\u0259 Sosial m\u0259s\u0259l\u0259l\u0259r \u00fczr\u0259 prorektoru, dosent Mehdi Abdullayev professor Alessandro Fiqusun h\u0259yat [&hellip;]<\/p>","protected":false},"author":2,"featured_media":12325,"comment_status":"closed","ping_status":"closed","sticky":false,"template":"","format":"standard","meta":[],"categories":[137],"tags":[],"_links":{"self":[{"href":"https:\/\/legacy.dia.edu.az\/en\/wp-json\/wp\/v2\/posts\/12323"}],"collection":[{"href":"https:\/\/legacy.dia.edu.az\/en\/wp-json\/wp\/v2\/posts"}],"about":[{"href":"https:\/\/legacy.dia.edu.az\/en\/wp-json\/wp\/v2\/types\/post"}],"author":[{"embeddable":true,"href":"https:\/\/legacy.dia.edu.az\/en\/wp-json\/wp\/v2\/users\/2"}],"replies":[{"embeddable":true,"href":"https:\/\/legacy.dia.edu.az\/en\/wp-json\/wp\/v2\/comments?post=12323"}],"version-history":[{"count":0,"href":"https:\/\/legacy.dia.edu.az\/en\/wp-json\/wp\/v2\/posts\/12323\/revisions"}],"wp:featuredmedia":[{"embeddable":true,"href":"https:\/\/legacy.dia.edu.az\/en\/wp-json\/wp\/v2\/media\/12325"}],"wp:attachment":[{"href":"https:\/\/legacy.dia.edu.az\/en\/wp-json\/wp\/v2\/media?parent=12323"}],"wp:term":[{"taxonomy":"category","embeddable":true,"href":"https:\/\/legacy.dia.edu.az\/en\/wp-json\/wp\/v2\/categories?post=12323"},{"taxonomy":"post_tag","embeddable":true,"href":"https:\/\/legacy.dia.edu.az\/en\/wp-json\/wp\/v2\/tags?post=12323"}],"curies":[{"name":"wp","href":"https:\/\/api.w.org\/{rel}","templated":true}]}}