{"id":12320,"date":"2017-04-27T12:21:00","date_gmt":"2017-04-27T09:21:00","guid":{"rendered":"https:\/\/dia.edu.az\/?p=12320"},"modified":"2021-03-15T12:23:02","modified_gmt":"2021-03-15T09:23:02","slug":"dovl%c9%99t-idar%c9%99cilik-akademiyasinda-az%c9%99rbaycan-multikulturalizminin-inkisaf-perspektivl%c9%99ri-movzusunda-elmi-konfrans-kecirilib","status":"publish","type":"post","link":"https:\/\/legacy.dia.edu.az\/en\/arxivl\u0259r\/12320","title":{"rendered":"D\u00f6vl\u0259t \u0130dar\u0259\u00e7ilik Akademiyas\u0131nda \u201cAz\u0259rbaycan multikulturalizminin inki\u015faf perspektivl\u0259ri\u201d m\u00f6vzusunda elmi konfrans ke\u00e7irilib"},"content":{"rendered":"<p><\/p>\n\n\n\n<p><strong>D\u00f6vl\u0259t \u0130dar\u0259\u00e7ilik Akademiyas\u0131nda \u201cAz\u0259rbaycan multikulturalizminin inki\u015faf perspektivl\u0259ri\u201d m\u00f6vzusunda elmi konfrans ke\u00e7irilib<\/strong><br><em>Apr 27 , 2017 &#8211; 03:16<\/em><\/p>\n\n\n\n<p>27 aprel 2017-ci il tarixind\u0259 Az\u0259rbaycan Respublikas\u0131n\u0131n Prezidenti yan\u0131nda D\u00f6vl\u0259t \u0130dar\u0259\u00e7ilik Akademiyas\u0131nda Az\u0259rbaycan xalq\u0131n\u0131n \u00dcmummilli lideri Heyd\u0259r \u018fliyevin anadan olmas\u0131n\u0131n 94-c\u00fc ild\u00f6n\u00fcm\u00fcn\u0259 h\u0259sr olunmu\u015f \u201cAz\u0259rbaycan multikulturalizminin inki\u015faf perspektivl\u0259ri\u201dm\u00f6vzusunda elmi konfrans ke\u00e7irilib.<\/p>\n\n\n\n<p>Konfrans\u0131 giri\u015f s\u00f6z\u00fc il\u0259 Akademiyan\u0131n humanitar v\u0259 sosial m\u0259s\u0259l\u0259l\u0259r \u00fczr\u0259 prorektoru, dosent Mehdi Abdullayev a\u00e7\u0131b. O, qeyd edib ki, ulu \u00f6nd\u0259r Heyd\u0259r \u018fliyevin \u00f6lk\u0259mizd\u0259 tolerantl\u0131\u011f\u0131n qorunub saxlan\u0131lmas\u0131 istiqam\u0259tind\u0259 h\u0259yata ke\u00e7irdiyi t\u0259dbirl\u0259r Az\u0259rbaycan\u0131 m\u00fcxt\u0259lif milli v\u0259 m\u0259d\u0259ni d\u0259y\u0259rl\u0259rin qovu\u015fma m\u00fcst\u0259visin\u0259 \u00e7evirib. \u00d6t\u0259n ilin \u00f6lk\u0259 prezidenti t\u0259r\u0259find\u0259n Az\u0259rbaycanda \u201cMultikulturalizm ili\u201d elan olundu\u011funu xat\u0131rlatd\u0131, vur\u011fulad\u0131 ki, konfrans\u0131n m\u0259qs\u0259di d\u00f6vl\u0259t\u00e7ilik m\u0259fkur\u0259sin\u0259 uy\u011fun olaraq tolerantl\u0131\u011f\u0131n v\u0259 m\u0259d\u0259ni m\u00fcxt\u0259lifliyin qorunmas\u0131n\u0131 t\u0259min etm\u0259k, \u00f6lk\u0259mizin d\u00fcnyada multikulturalizm m\u0259rk\u0259zi kimi daha \u00e7ox tan\u0131nmas\u0131na t\u00f6hf\u0259 verm\u0259kdir.<\/p>\n\n\n\n<p>Daha sonra s\u00f6z m\u0259ruz\u0259\u00e7il\u0259r\u0259 t\u0259qdim edilib. Az\u0259rbaycan Respublikas\u0131n\u0131n Mill\u0259tl\u0259raras\u0131, multikulturalizm v\u0259 dini m\u0259s\u0259l\u0259l\u0259r \u00fczr\u0259 D\u00f6vl\u0259t M\u00fc\u015faviri Xidm\u0259tinin ba\u015f m\u0259sl\u0259h\u0259t\u00e7isi, Az\u0259rbaycan Respublikas\u0131n\u0131n Prezidenti yan\u0131nda D\u00f6vl\u0259t \u0130dar\u0259\u00e7ilik Akademiyas\u0131n\u0131n F\u0259ls\u0259f\u0259 v\u0259 Sosial Psixologiya kafedras\u0131n\u0131n m\u00fcdiri prof. Etibar N\u0259c\u0259fov \u201c\u0130slam h\u0259mr\u0259yliyinin m\u00f6hk\u0259ml\u0259ndirilm\u0259sind\u0259 Az\u0259rbaycan multikulturalizm modelinin \u0259h\u0259miyy\u0259ti\u201d, Az\u0259rbaycan Respublikas\u0131n\u0131n Prezidenti yan\u0131nda \u201cBilik Fondunun\u201d aparat r\u0259hb\u0259ri prof. \u0130saxan V\u0259liyev \u201c\u0130slam h\u0259mr\u0259yliyi dini ekstremizm\u0259 qar\u015f\u0131\u201d, Bak\u0131 Beyn\u0259lxalq Multikulturalizm M\u0259rk\u0259zinin Analitika \u015f\u00f6b\u0259sinin m\u00fcdiri, f\u0259ls\u0259f\u0259 \u00fczr\u0259 f\u0259ls\u0259f\u0259 doktoru R\u0259\u015fad \u0130lyasov \u201c\u00dcmummilli lider Heyd\u0259r \u018fliyev v\u0259 \u0130slam sivilizasiyas\u0131\u201d, Az\u0259rbaycan Dill\u0259r Universitetinin professoru Nigar V\u0259liyeva \u201cQloballa\u015fma \u015f\u0259raitind\u0259 t\u0259hsilin dili v\u0259 dilin t\u0259drisi\u201d, F\u0259ls\u0259f\u0259 v\u0259 Sosial Psixologiya kafedras\u0131 m\u00fc\u0259llimi, siyasi elml\u0259r \u00fczr\u0259 f\u0259ls\u0259f\u0259 doktoru Cahangir Cahangirli \u201cMultikulturalizm sosial hadis\u0259 kimi\u201d, f\u0259ls\u0259f\u0259 \u00fczr\u0259 f\u0259ls\u0259f\u0259 doktoru Radif Mustafayev \u201cMultikulturalizm v\u0259 sosial \u0259dal\u0259t problemi\u201d,\u00a0 D\u0130A-n\u0131n t\u0259l\u0259b\u0259si Xan\u0131m Pa\u015fayeva \u201cAz\u0259rbaycan multikulturalizm modelinin t\u0259bli\u011find\u0259 Bak\u0131 Beyn\u0259lxalq Multikulturalizm M\u0259rk\u0259zinin h\u0259yata ke\u00e7irtdiyi layih\u0259l\u0259rin \u0259h\u0259miyy\u0259ti\u201d \u00a0adl\u0131 m\u0259ruz\u0259l\u0259rl\u0259 \u00e7\u0131x\u0131\u015f edibl\u0259r.<\/p>\n\n\n\n<p><\/p>\n\n\n\n<figure class=\"wp-container-2 wp-block-gallery-1 wp-block-gallery columns-1 is-cropped\"><ul class=\"blocks-gallery-grid\"><li class=\"blocks-gallery-item\"><figure><img width=\"640\" height=\"424\" src=\"https:\/\/dia.edu.az\/wp-content\/uploads\/2021\/03\/26.04.171493292134.jpg\" alt=\"\" data-id=\"12321\" data-full-url=\"https:\/\/dia.edu.az\/wp-content\/uploads\/2021\/03\/26.04.171493292134.jpg\" data-link=\"https:\/\/dia.edu.az\/?attachment_id=12321\" class=\"wp-image-12321\" srcset=\"https:\/\/legacy.dia.edu.az\/wp-content\/uploads\/2021\/03\/26.04.171493292134.jpg 640w, https:\/\/legacy.dia.edu.az\/wp-content\/uploads\/2021\/03\/26.04.171493292134-300x199.jpg 300w, https:\/\/legacy.dia.edu.az\/wp-content\/uploads\/2021\/03\/26.04.171493292134-16x12.jpg 16w, https:\/\/legacy.dia.edu.az\/wp-content\/uploads\/2021\/03\/26.04.171493292134-150x100.jpg 150w, https:\/\/legacy.dia.edu.az\/wp-content\/uploads\/2021\/03\/26.04.171493292134-300x199@2x.jpg 600w\" sizes=\"(max-width: 640px) 100vw, 640px\" \/><\/figure><\/li><\/ul><\/figure>","protected":false},"excerpt":{"rendered":"<p>D\u00f6vl\u0259t \u0130dar\u0259\u00e7ilik Akademiyas\u0131nda \u201cAz\u0259rbaycan multikulturalizminin inki\u015faf perspektivl\u0259ri\u201d m\u00f6vzusunda elmi konfrans ke\u00e7irilibApr 27 , 2017 &#8211; 03:16 27 aprel 2017-ci il tarixind\u0259 Az\u0259rbaycan Respublikas\u0131n\u0131n Prezidenti yan\u0131nda D\u00f6vl\u0259t \u0130dar\u0259\u00e7ilik Akademiyas\u0131nda Az\u0259rbaycan xalq\u0131n\u0131n \u00dcmummilli lideri Heyd\u0259r \u018fliyevin anadan olmas\u0131n\u0131n 94-c\u00fc ild\u00f6n\u00fcm\u00fcn\u0259 h\u0259sr olunmu\u015f \u201cAz\u0259rbaycan multikulturalizminin inki\u015faf perspektivl\u0259ri\u201dm\u00f6vzusunda elmi konfrans ke\u00e7irilib. Konfrans\u0131 giri\u015f s\u00f6z\u00fc il\u0259 Akademiyan\u0131n humanitar v\u0259 sosial [&hellip;]<\/p>","protected":false},"author":2,"featured_media":12321,"comment_status":"closed","ping_status":"closed","sticky":false,"template":"","format":"standard","meta":[],"categories":[137],"tags":[],"_links":{"self":[{"href":"https:\/\/legacy.dia.edu.az\/en\/wp-json\/wp\/v2\/posts\/12320"}],"collection":[{"href":"https:\/\/legacy.dia.edu.az\/en\/wp-json\/wp\/v2\/posts"}],"about":[{"href":"https:\/\/legacy.dia.edu.az\/en\/wp-json\/wp\/v2\/types\/post"}],"author":[{"embeddable":true,"href":"https:\/\/legacy.dia.edu.az\/en\/wp-json\/wp\/v2\/users\/2"}],"replies":[{"embeddable":true,"href":"https:\/\/legacy.dia.edu.az\/en\/wp-json\/wp\/v2\/comments?post=12320"}],"version-history":[{"count":0,"href":"https:\/\/legacy.dia.edu.az\/en\/wp-json\/wp\/v2\/posts\/12320\/revisions"}],"wp:featuredmedia":[{"embeddable":true,"href":"https:\/\/legacy.dia.edu.az\/en\/wp-json\/wp\/v2\/media\/12321"}],"wp:attachment":[{"href":"https:\/\/legacy.dia.edu.az\/en\/wp-json\/wp\/v2\/media?parent=12320"}],"wp:term":[{"taxonomy":"category","embeddable":true,"href":"https:\/\/legacy.dia.edu.az\/en\/wp-json\/wp\/v2\/categories?post=12320"},{"taxonomy":"post_tag","embeddable":true,"href":"https:\/\/legacy.dia.edu.az\/en\/wp-json\/wp\/v2\/tags?post=12320"}],"curies":[{"name":"wp","href":"https:\/\/api.w.org\/{rel}","templated":true}]}}