{"id":12316,"date":"2017-05-04T12:15:00","date_gmt":"2017-05-04T09:15:00","guid":{"rendered":"https:\/\/dia.edu.az\/?p=12316"},"modified":"2021-03-15T12:16:54","modified_gmt":"2021-03-15T09:16:54","slug":"dovl%c9%99t-idar%c9%99cilik-akademiyasinda-heyd%c9%99r-%c9%99liyev-irsi-v%c9%99-az%c9%99rbaycan-respublikasinin-innovativ-dovl%c9%99t-idar%c9%99ciliyi-islahatlari-movzusunda-elmi-pra","status":"publish","type":"post","link":"https:\/\/legacy.dia.edu.az\/en\/arxivl\u0259r\/12316","title":{"rendered":"D\u00f6vl\u0259t \u0130dar\u0259\u00e7ilik Akademiyas\u0131nda \u201cHeyd\u0259r \u018fliyev irsi v\u0259 Az\u0259rbaycan Respublikas\u0131n\u0131n innovativ d\u00f6vl\u0259t idar\u0259\u00e7iliyi islahatlar\u0131\u201d m\u00f6vzusunda elmi-praktik konfrans ke\u00e7irilib"},"content":{"rendered":"<p><\/p>\n\n\n\n<p><strong>D\u00f6vl\u0259t \u0130dar\u0259\u00e7ilik Akademiyas\u0131nda \u201cHeyd\u0259r \u018fliyev irsi v\u0259 Az\u0259rbaycan Respublikas\u0131n\u0131n innovativ d\u00f6vl\u0259t idar\u0259\u00e7iliyi islahatlar\u0131\u201d m\u00f6vzusunda elmi-praktik konfrans ke\u00e7irilib<\/strong><br><em>May 04 , 2017 &#8211; 10:21<\/em><\/p>\n\n\n\n<p>May\u0131n 4-d\u0259 Az\u0259rbaycan Respublikas\u0131n\u0131n Prezidenti yan\u0131nda D\u00f6vl\u0259t \u0130dar\u0259\u00e7ilik Akademiyas\u0131nda doktorant v\u0259 dissertantlar\u0131n \u00dcmummilli Lider Heyd\u0259r \u018fliyevin 94-c\u00fc ild\u00f6n\u00fcm\u00fcn\u0259 h\u0259sr edilmi\u015f \u201c<a rel=\"noreferrer noopener\" href=\"http:\/\/azertag.az\/xeber\/850049\" target=\"_blank\">Heyd\u0259r \u018fliyev irsi v\u0259 Az\u0259rbaycan Respublikas\u0131n\u0131n innovativ d\u00f6vl\u0259t idar\u0259\u00e7iliyi islahatlar\u0131\u201d m\u00f6vzusunda elmi-praktik konfrans\u0131 ke\u00e7irilib<\/a>. D\u0130A-n\u0131n \u201cElmi-t\u0259\u015fkilat\u201d \u015f\u00f6b\u0259sinin t\u0259\u015fkilat\u00e7\u0131ll\u0131\u011f\u0131 il\u0259 ke\u00e7iril\u0259n elmi-praktik konfrans\u0131 giri\u015f s\u00f6z\u00fc il\u0259 a\u00e7an D\u00f6vl\u0259t \u0130dar\u0259\u00e7ilik Akademiyas\u0131n\u0131n rektoru, akademik Urxan \u018fl\u0259kb\u0259rov \u00fcmummilli lider Heyd\u0259r \u018fliyevin Az\u0259rbaycan d\u00f6vl\u0259ti v\u0259 xalq\u0131 qar\u015f\u0131s\u0131ndak\u0131 m\u00fcst\u0259sna xidm\u0259tl\u0259rind\u0259n, ulu \u00f6nd\u0259rin z\u0259ngin siyasi irsinin, idar\u0259\u00e7ilik t\u0259cr\u00fcb\u0259sinin \u0259h\u0259miyy\u0259tind\u0259n dan\u0131\u015f\u0131b. Rektor qeyd edib ki, \u00f6lk\u0259mizin m\u00fcasir inki\u015faf tarixi Heyd\u0259r \u018fliyevin ad\u0131 il\u0259 ba\u011fl\u0131d\u0131r. Heyd\u0259r \u018fliyev ideyalar\u0131n\u0131n v\u0259 siyasi irsinin lay\u0131qli davam\u00e7\u0131s\u0131 Prezident \u0130lham \u018fliyevin d\u00fc\u015f\u00fcn\u00fclm\u00fc\u015f siyas\u0259ti n\u0259tic\u0259sind\u0259 Az\u0259rbaycan d\u00fcnyada inki\u015faf etmi\u015f \u00f6lk\u0259l\u0259r s\u0131ras\u0131nda lay\u0131qli yerini tutmu\u015fdur. Daha sonra D\u0130A-n\u0131n doktorant v\u0259 dissertantlar\u0131n\u0131n 26 m\u0259ruz\u0259si dinl\u0259nilmi\u015fdir.<\/p>\n\n\n\n<p><\/p>\n\n\n\n<p><\/p>\n\n\n\n<figure class=\"wp-container-2 wp-block-gallery-1 wp-block-gallery columns-1 is-cropped\"><ul class=\"blocks-gallery-grid\"><li class=\"blocks-gallery-item\"><figure><img width=\"640\" height=\"424\" src=\"https:\/\/dia.edu.az\/wp-content\/uploads\/2021\/03\/05.05.17-1.jpg\" alt=\"\" data-id=\"12318\" data-full-url=\"https:\/\/dia.edu.az\/wp-content\/uploads\/2021\/03\/05.05.17-1.jpg\" data-link=\"https:\/\/dia.edu.az\/?attachment_id=12318\" class=\"wp-image-12318\" srcset=\"https:\/\/legacy.dia.edu.az\/wp-content\/uploads\/2021\/03\/05.05.17-1.jpg 640w, https:\/\/legacy.dia.edu.az\/wp-content\/uploads\/2021\/03\/05.05.17-1-300x199.jpg 300w, https:\/\/legacy.dia.edu.az\/wp-content\/uploads\/2021\/03\/05.05.17-1-16x12.jpg 16w, https:\/\/legacy.dia.edu.az\/wp-content\/uploads\/2021\/03\/05.05.17-1-150x100.jpg 150w, https:\/\/legacy.dia.edu.az\/wp-content\/uploads\/2021\/03\/05.05.17-1-300x199@2x.jpg 600w\" sizes=\"(max-width: 640px) 100vw, 640px\" \/><\/figure><\/li><\/ul><\/figure>","protected":false},"excerpt":{"rendered":"<p>D\u00f6vl\u0259t \u0130dar\u0259\u00e7ilik Akademiyas\u0131nda \u201cHeyd\u0259r \u018fliyev irsi v\u0259 Az\u0259rbaycan Respublikas\u0131n\u0131n innovativ d\u00f6vl\u0259t idar\u0259\u00e7iliyi islahatlar\u0131\u201d m\u00f6vzusunda elmi-praktik konfrans ke\u00e7irilibMay 04 , 2017 &#8211; 10:21 May\u0131n 4-d\u0259 Az\u0259rbaycan Respublikas\u0131n\u0131n Prezidenti yan\u0131nda D\u00f6vl\u0259t \u0130dar\u0259\u00e7ilik Akademiyas\u0131nda doktorant v\u0259 dissertantlar\u0131n \u00dcmummilli Lider Heyd\u0259r \u018fliyevin 94-c\u00fc ild\u00f6n\u00fcm\u00fcn\u0259 h\u0259sr edilmi\u015f \u201cHeyd\u0259r \u018fliyev irsi v\u0259 Az\u0259rbaycan Respublikas\u0131n\u0131n innovativ d\u00f6vl\u0259t idar\u0259\u00e7iliyi islahatlar\u0131\u201d m\u00f6vzusunda elmi-praktik konfrans\u0131 [&hellip;]<\/p>","protected":false},"author":2,"featured_media":12317,"comment_status":"closed","ping_status":"closed","sticky":false,"template":"","format":"standard","meta":[],"categories":[137],"tags":[],"_links":{"self":[{"href":"https:\/\/legacy.dia.edu.az\/en\/wp-json\/wp\/v2\/posts\/12316"}],"collection":[{"href":"https:\/\/legacy.dia.edu.az\/en\/wp-json\/wp\/v2\/posts"}],"about":[{"href":"https:\/\/legacy.dia.edu.az\/en\/wp-json\/wp\/v2\/types\/post"}],"author":[{"embeddable":true,"href":"https:\/\/legacy.dia.edu.az\/en\/wp-json\/wp\/v2\/users\/2"}],"replies":[{"embeddable":true,"href":"https:\/\/legacy.dia.edu.az\/en\/wp-json\/wp\/v2\/comments?post=12316"}],"version-history":[{"count":0,"href":"https:\/\/legacy.dia.edu.az\/en\/wp-json\/wp\/v2\/posts\/12316\/revisions"}],"wp:featuredmedia":[{"embeddable":true,"href":"https:\/\/legacy.dia.edu.az\/en\/wp-json\/wp\/v2\/media\/12317"}],"wp:attachment":[{"href":"https:\/\/legacy.dia.edu.az\/en\/wp-json\/wp\/v2\/media?parent=12316"}],"wp:term":[{"taxonomy":"category","embeddable":true,"href":"https:\/\/legacy.dia.edu.az\/en\/wp-json\/wp\/v2\/categories?post=12316"},{"taxonomy":"post_tag","embeddable":true,"href":"https:\/\/legacy.dia.edu.az\/en\/wp-json\/wp\/v2\/tags?post=12316"}],"curies":[{"name":"wp","href":"https:\/\/api.w.org\/{rel}","templated":true}]}}