{"id":12313,"date":"2017-05-04T11:56:00","date_gmt":"2017-05-04T08:56:00","guid":{"rendered":"https:\/\/dia.edu.az\/?p=12313"},"modified":"2021-03-15T11:57:14","modified_gmt":"2021-03-15T08:57:14","slug":"umummilli-lider-heyd%c9%99r-%c9%99liyevin-z%c9%99ngin-irsi-az%c9%99rbaycanin-ugurlu-inkisafinin-t%c9%99m%c9%99lidir","status":"publish","type":"post","link":"https:\/\/legacy.dia.edu.az\/en\/arxivl\u0259r\/12313","title":{"rendered":"\u00dcmummilli lider Heyd\u0259r \u018fliyevin z\u0259ngin irsi Az\u0259rbaycan\u0131n u\u011furlu inki\u015faf\u0131n\u0131n t\u0259m\u0259lidir"},"content":{"rendered":"<p><\/p>\n\n\n\n<p><strong>\u00dcmummilli lider Heyd\u0259r \u018fliyevin z\u0259ngin irsi Az\u0259rbaycan\u0131n u\u011furlu inki\u015faf\u0131n\u0131n t\u0259m\u0259lidir<\/strong><br><em>May 04 , 2017 &#8211; 02:20<\/em><\/p>\n\n\n\n<p>May\u0131n 3-d\u0259 Az\u0259rbaycan Respublikas\u0131n\u0131n Prezidenti yan\u0131nda D\u00f6vl\u0259t \u0130dar\u0259\u00e7ilik Akademiyas\u0131 v\u0259 Heyd\u0259r \u018fliyev M\u0259rk\u0259zinin birg\u0259 \u0259m\u0259kda\u015fl\u0131\u011f\u0131 il\u0259 f\u0259aliyy\u0259t g\u00f6st\u0259r\u0259n Heyd\u0259r \u018fliyev D\u00f6vl\u0259t \u0130dar\u0259\u00e7iliyi M\u0259kt\u0259bind\u0259 \u00fcmummilli lider Heyd\u0259r \u018fliyevin anadan olmas\u0131n\u0131n 94-c\u00fc ild\u00f6n\u00fcm\u00fcn\u0259 h\u0259sr edilmi\u015f \u201cHeyd\u0259r \u018fliyev irsi Az\u0259rbaycan\u0131n u\u011furlu inki\u015faf\u0131n\u0131n t\u0259m\u0259lidir\u201d m\u00f6vzusunda elmi konfrans ke\u00e7irilib.<\/p>\n\n\n\n<p>\u018fvv\u0259lc\u0259 t\u0259dbir i\u015ftirak\u00e7\u0131lar\u0131 Ulu \u00d6nd\u0259rin akademiyadak\u0131 b\u00fcst\u00fc \u00f6n\u00fcn\u0259 g\u00fcll\u0259r d\u00fcz\u00fcb, xatir\u0259sini ehtiramla yad edibl\u0259r.<\/p>\n\n\n\n<p>T\u0259dbird\u0259 D\u0130A-n\u0131n rektoru, akademik Urxan \u018fl\u0259kb\u0259rov m\u00fcasir m\u00fcst\u0259qil d\u00f6vl\u0259timizin memar\u0131 v\u0259 qurucusu, ulu \u00f6nd\u0259r Heyd\u0259r \u018fliyevin misilsiz tarixi xidm\u0259tl\u0259rind\u0259n, b\u00f6y\u00fck xilaskarl\u0131q rolundan dan\u0131\u015f\u0131b.<\/p>\n\n\n\n<p>\u00dcmummilli lider Heyd\u0259r \u018fliyev siyas\u0259tinin u\u011furlu n\u0259tic\u0259l\u0259rind\u0259n b\u0259hs ed\u0259n rektor dahi r\u0259hb\u0259rin ideyalar\u0131n\u0131n Prezident \u0130lham \u018fliyev t\u0259r\u0259find\u0259n q\u0259tiyy\u0259tl\u0259 h\u0259yata ke\u00e7irildiyini bildirib, Az\u0259rbaycanda qazan\u0131lan nailiyy\u0259tl\u0259ri \u0259sasl\u0131 faktlarla diqq\u0259t\u0259 \u00e7atd\u0131r\u0131b.<\/p>\n\n\n\n<p>Akademik U.\u018fl\u0259kb\u0259rov Ulu \u00d6nd\u0259rin \u0259ziz xatir\u0259sinin \u00fcr\u0259kl\u0259rd\u0259 daim ya\u015fayaca\u011f\u0131n\u0131 vur\u011fulay\u0131b.<\/p>\n\n\n\n<p>Sonra \u00fcmummilli lider Heyd\u0259r \u018fliyevin z\u0259ngin h\u0259yat v\u0259 f\u0259aliyy\u0259tinin ayr\u0131-ayr\u0131 m\u0259qamlar\u0131n\u0131 \u0259ks etdir\u0259n film g\u00f6st\u0259rilib.<\/p>\n\n\n\n<p>Milli M\u0259clisin deputat\u0131 Ayd\u0131n Mirz\u0259zad\u0259, D\u0130A-n\u0131n iqtisadiyyat\u0131n d\u00f6vl\u0259t t\u0259nziml\u0259nm\u0259si kafedras\u0131n\u0131n dosenti Roza \u018fliyeva, beyn\u0259lxalq m\u00fcnasib\u0259tl\u0259r v\u0259 xarici siyas\u0259t kafedras\u0131n\u0131n professoru El\u00e7in \u018fhm\u0259dov v\u0259 dig\u0259r \u00e7\u0131x\u0131\u015f ed\u0259nl\u0259r d\u0259 ulu \u00f6nd\u0259r Heyd\u0259r \u018fliyevin do\u011fma V\u0259t\u0259n v\u0259 xalq qar\u015f\u0131s\u0131ndak\u0131 m\u00fcst\u0259sna xidm\u0259tl\u0259rind\u0259n, z\u0259ngin d\u00f6vl\u0259t\u00e7ilik t\u0259cr\u00fcb\u0259sinin, az\u0259rbaycan\u00e7\u0131l\u0131q ideologiyas\u0131n\u0131n \u0259h\u0259miyy\u0259tind\u0259n dan\u0131\u015f\u0131blar.<\/p>\n\n\n\n<p><\/p>\n\n\n\n<figure class=\"wp-container-2 wp-block-gallery-1 wp-block-gallery columns-1 is-cropped\"><ul class=\"blocks-gallery-grid\"><li class=\"blocks-gallery-item\"><figure><img width=\"640\" height=\"423\" src=\"https:\/\/dia.edu.az\/wp-content\/uploads\/2021\/03\/04.05.17.jpg\" alt=\"\" data-id=\"12314\" data-full-url=\"https:\/\/dia.edu.az\/wp-content\/uploads\/2021\/03\/04.05.17.jpg\" data-link=\"https:\/\/dia.edu.az\/?attachment_id=12314\" class=\"wp-image-12314\" srcset=\"https:\/\/legacy.dia.edu.az\/wp-content\/uploads\/2021\/03\/04.05.17.jpg 640w, https:\/\/legacy.dia.edu.az\/wp-content\/uploads\/2021\/03\/04.05.17-300x198.jpg 300w, https:\/\/legacy.dia.edu.az\/wp-content\/uploads\/2021\/03\/04.05.17-16x12.jpg 16w, https:\/\/legacy.dia.edu.az\/wp-content\/uploads\/2021\/03\/04.05.17-150x100.jpg 150w, https:\/\/legacy.dia.edu.az\/wp-content\/uploads\/2021\/03\/04.05.17-300x198@2x.jpg 600w\" sizes=\"(max-width: 640px) 100vw, 640px\" \/><\/figure><\/li><\/ul><\/figure>","protected":false},"excerpt":{"rendered":"<p>\u00dcmummilli lider Heyd\u0259r \u018fliyevin z\u0259ngin irsi Az\u0259rbaycan\u0131n u\u011furlu inki\u015faf\u0131n\u0131n t\u0259m\u0259lidirMay 04 , 2017 &#8211; 02:20 May\u0131n 3-d\u0259 Az\u0259rbaycan Respublikas\u0131n\u0131n Prezidenti yan\u0131nda D\u00f6vl\u0259t \u0130dar\u0259\u00e7ilik Akademiyas\u0131 v\u0259 Heyd\u0259r \u018fliyev M\u0259rk\u0259zinin birg\u0259 \u0259m\u0259kda\u015fl\u0131\u011f\u0131 il\u0259 f\u0259aliyy\u0259t g\u00f6st\u0259r\u0259n Heyd\u0259r \u018fliyev D\u00f6vl\u0259t \u0130dar\u0259\u00e7iliyi M\u0259kt\u0259bind\u0259 \u00fcmummilli lider Heyd\u0259r \u018fliyevin anadan olmas\u0131n\u0131n 94-c\u00fc ild\u00f6n\u00fcm\u00fcn\u0259 h\u0259sr edilmi\u015f \u201cHeyd\u0259r \u018fliyev irsi Az\u0259rbaycan\u0131n u\u011furlu inki\u015faf\u0131n\u0131n t\u0259m\u0259lidir\u201d [&hellip;]<\/p>","protected":false},"author":2,"featured_media":12314,"comment_status":"closed","ping_status":"closed","sticky":false,"template":"","format":"standard","meta":[],"categories":[137],"tags":[],"_links":{"self":[{"href":"https:\/\/legacy.dia.edu.az\/en\/wp-json\/wp\/v2\/posts\/12313"}],"collection":[{"href":"https:\/\/legacy.dia.edu.az\/en\/wp-json\/wp\/v2\/posts"}],"about":[{"href":"https:\/\/legacy.dia.edu.az\/en\/wp-json\/wp\/v2\/types\/post"}],"author":[{"embeddable":true,"href":"https:\/\/legacy.dia.edu.az\/en\/wp-json\/wp\/v2\/users\/2"}],"replies":[{"embeddable":true,"href":"https:\/\/legacy.dia.edu.az\/en\/wp-json\/wp\/v2\/comments?post=12313"}],"version-history":[{"count":0,"href":"https:\/\/legacy.dia.edu.az\/en\/wp-json\/wp\/v2\/posts\/12313\/revisions"}],"wp:featuredmedia":[{"embeddable":true,"href":"https:\/\/legacy.dia.edu.az\/en\/wp-json\/wp\/v2\/media\/12314"}],"wp:attachment":[{"href":"https:\/\/legacy.dia.edu.az\/en\/wp-json\/wp\/v2\/media?parent=12313"}],"wp:term":[{"taxonomy":"category","embeddable":true,"href":"https:\/\/legacy.dia.edu.az\/en\/wp-json\/wp\/v2\/categories?post=12313"},{"taxonomy":"post_tag","embeddable":true,"href":"https:\/\/legacy.dia.edu.az\/en\/wp-json\/wp\/v2\/tags?post=12313"}],"curies":[{"name":"wp","href":"https:\/\/api.w.org\/{rel}","templated":true}]}}