{"id":12286,"date":"2017-05-31T11:44:00","date_gmt":"2017-05-31T08:44:00","guid":{"rendered":"https:\/\/dia.edu.az\/?p=12286"},"modified":"2021-03-15T11:45:34","modified_gmt":"2021-03-15T08:45:34","slug":"iqtisadiyyatin-%c9%99sas-sektorlari-uzr%c9%99-strateji-yol-x%c9%99rit%c9%99sinin-baslica-istiqam%c9%99tl%c9%99ri-muzakir%c9%99-edilmisdir","status":"publish","type":"post","link":"https:\/\/legacy.dia.edu.az\/en\/arxivl\u0259r\/12286","title":{"rendered":"\u0130qtisadiyyat\u0131n \u0259sas sektorlar\u0131 \u00fczr\u0259 strateji yol x\u0259rit\u0259sinin ba\u015fl\u0131ca istiqam\u0259tl\u0259ri m\u00fczakir\u0259 edilmi\u015fdir"},"content":{"rendered":"<p><\/p>\n\n\n\n<p><strong>\u0130qtisadiyyat\u0131n \u0259sas sektorlar\u0131 \u00fczr\u0259 strateji yol x\u0259rit\u0259sinin ba\u015fl\u0131ca istiqam\u0259tl\u0259ri m\u00fczakir\u0259 edilmi\u015fdir<\/strong><br><em>May 31 , 2017 &#8211; 11:41<\/em><\/p>\n\n\n\n<p>31 may 2017-ci il tarixiind\u0259 Az\u0259rbaycan Respublikas\u0131n\u0131n Prezidenti yan\u0131nda D\u00f6vl\u0259t \u0130dar\u0259\u00e7ilik Akademiyas\u0131nda \u201cIqtisadiyyat\u0131n \u0259sas sektorlar\u0131 \u00fczr\u0259 strateji yol x\u0259rit\u0259sinin ba\u015fl\u0131ca istiqam\u0259tl\u0259ri\u201d: g\u0259l\u0259c\u0259k d\u0259y\u0259rl\u0259rm\u00f6vzusunda Respublika Elmi konfrans\u0131 ke\u00e7irilmi\u015fdir.<\/p>\n\n\n\n<p>Konfransda AMEA \u0130qtisadiyyat \u0130nstitutu, AMEA \u0130dar\u0259etm\u0259 Sisteml\u0259ri \u0130nstitutu, Az\u0259rbaycan D\u00f6vl\u0259t \u0130qtisad Universiteti (UNEC), Az\u0259rbaycan D\u00f6vl\u0259t Memarl\u0131q v\u0259 \u0130n\u015faat Universiteti, G\u0259nc\u0259 Texnologiya Universiteti,G\u0259nc\u0259 Aqrar Universiteti t\u0259msil olunmu\u015fdur.<\/p>\n\n\n\n<p>D\u0130A-n\u0131n rektoru, akademik Urxan \u018fl\u0259kb\u0259rov g\u0259l\u0259c\u0259k u\u011furlar\u0131n \u0259sas\u0131nda elmi potensial\u0131n dayand\u0131\u011f\u0131n\u0131 qeyd ed\u0259r\u0259k bel\u0259 elmi konfranslar\u0131n ke\u00e7irilm\u0259sinin \u0259h\u0259miyy\u0259tini vur\u011fulam\u0131\u015fd\u0131r. Rektor \u00dcmummilli Liderin z\u0259ngin siyasi irsinin, idar\u0259\u00e7ilik t\u0259cr\u00fcb\u0259sinin \u0259h\u0259miyy\u0259tind\u0259n dan\u0131\u015faraq deyib ki, \u00f6lk\u0259nin q\u0131sa zaman k\u0259siyind\u0259 iqtisadi v\u0259 sosial sah\u0259d\u0259 qazand\u0131\u011f\u0131 y\u00fcks\u0259k nailiyy\u0259tl\u0259r, XXI \u0259srin \u00e7a\u011f\u0131r\u0131\u015flar\u0131n\u0131n h\u0259llin\u0259 y\u00f6n\u0259ldilmi\u015f d\u00fcnya \u0259h\u0259miyy\u0259tli t\u0259\u015f\u0259bb\u00fcsl\u0259ri, g\u00fcnd\u0259n-g\u00fcn\u0259 artan beyn\u0259lxalq n\u00fcfuzu Az\u0259rbaycan\u0131 bir \u00e7ox istiqam\u0259tl\u0259rd\u0259 regional v\u0259 qlobal lider\u0259 \u00e7evirib. \u018fld\u0259 edilmi\u015f nailiyy\u0259tl\u0259rin \u0259sas\u0131nda Prezident \u0130lham \u018fliyevin h\u0259yata ke\u00e7irdiyi d\u00fc\u015f\u00fcn\u00fclm\u00fc\u015f innovativ inki\u015faf strategiyas\u0131 dayan\u0131r. \u00d6lk\u0259nin davaml\u0131 inki\u015faf\u0131n\u0131n \u0259sas amilinin insan potensial\u0131 oldu\u011funu vur\u011fulayan akademik qeyd edib ki, davaml\u0131 inki\u015faf d\u00fcnyan\u0131n \u0259n b\u00f6y\u00fck prioriteti oldu\u011fu \u00fc\u00e7\u00fcn BMT-nin 2015-ci ild\u0259 ke\u00e7iril\u0259n yubiley sessiyas\u0131 v\u0259 dig\u0259r m\u00fch\u00fcm beyn\u0259lxalq sammitl\u0259r d\u0259 bu m\u00f6vzuya h\u0259sr olunub. 2015-2030-cu ill\u0259r \u00fc\u00e7\u00fcn q\u0259bul edilmi\u015f m\u0259qs\u0259dl\u0259r \u201cDavaml\u0131 inki\u015faf h\u0259d\u0259fl\u0259ri\u201d kimi tarix\u0259 d\u00fc\u015f\u00fcb.&nbsp;<\/p>\n\n\n\n<p>Sonra \u201cD\u00f6vl\u0259t idar\u0259etm\u0259si v\u0259 memecment\u201d kafedras\u0131n\u0131n m\u00fcdiri, prof., i.e.d. X.M. H\u00fcseynova \u201cStrateji yol x\u0259rit\u0259si\u201d&nbsp; bilik tutumlu iqtisadiyyata ke\u00e7id d\u00f6vr\u00fc kimi\u201d m\u00f6vzusunda, \u201cD\u00f6vl\u0259t idar\u0259\u00e7iliyind\u0259 informasiya texnologiyalar\u0131\u201d kafedras\u0131n\u0131n m\u00fcdiri dos., i.\u00fc.f.d. E.Abasov \u201cTelekomunikasiya informasiya texnologiyalar\u0131n inki\u015faf\u0131na dair Strateji yol x\u0259rit\u0259si\u201dnin&nbsp; h\u0259yat keyfiyy\u0259tinin yax\u015f\u0131la\u015fd\u0131r\u0131lmas\u0131nda rolu\u201d m\u00f6vzusunda, \u201cD\u00f6vl\u0259t idar\u0259etm\u0259si v\u0259 menecment\u201d kafedras\u0131n\u0131n dosenti, k.t.\u00fc.f.d. \u0130. \u0130brahimov &nbsp;\u201cK\u0259nd t\u0259s\u0259rr\u00fcfat\u0131 m\u0259hsullar\u0131n\u0131n istehsal\u0131 v\u0259 emal\u0131 \u00fczr\u0259 g\u0259l\u0259c\u0259k inki\u015faf\u0131n t\u0259min olunmas\u0131\u201d m\u00f6vzusunda, D\u00f6vl\u0259t Memarl\u0131q v\u0259 \u0130n\u015faat Universitetinin \u201cS\u0259nayenin t\u0259\u015fkili v\u0259 idar\u0259olunmas\u0131\u201d kafedras\u0131n\u0131n prof. \u018f.B. \u018fliyev \u201cLogistika v\u0259 ticar\u0259tin inki\u015faf\u0131\u201d m\u00f6vzusunda<em>,&nbsp;<\/em>Az\u0259rbaycan D\u00f6vl\u0259t \u0130qtisad Universiteti (UNEC) dosenti M.H.M\u0259mm\u0259dov \u201cStrateji yol x\u0259rit\u0259si\u201d v\u0259 innovasyal\u0131 pe\u015f\u0259 t\u0259hsili\u201d m\u00f6vzusunda, AMEA-n\u0131n \u0130dar\u0259etm\u0259 Sisteml\u0259ri \u0130nstitutunun doktorant\u0131 H.\u018f.C\u0259f\u0259rova \u201cMaliyy\u0259 xidm\u0259tl\u0259rinin g\u0259l\u0259c\u0259k inki\u015faf\u0131 istiqam\u0259tl\u0259ri\u201d m\u00f6vzusunda, &nbsp;G\u0259nc\u0259 Texnologiya Universitetinin \u201c\u0130qtisadiyyat\u201d fak\u00fclt\u0259sinin dekan\u0131, i.\u00fc.f.d., dos.N.A.Hac\u0131yeva \u201cTurizmin s\u0259nayesinin g\u0259l\u0259c\u0259k inki\u015faf\u0131\u201d m\u00f6vzusunda,&nbsp;G\u0259nc\u0259 Aqrar Universitetinin doenti, i.\u00fc.f.d. S.T.Hac\u0131yeva \u201cKi\u00e7ik v\u0259 orta sahibkarl\u0131q s\u0259viyy\u0259sind\u0259 istehlak m\u0259hsullar\u0131n\u0131n istehsal\u0131na dair Strateji yol x\u0259rit\u0259si\u201dnin \u00f6z\u0259l sektorun g\u0259l\u0259c\u0259k inki\u015faf\u0131nda rolu\u201d m\u00f6vzusunda m\u0259ruz\u0259 il\u0259 \u00e7\u0131x\u0131\u015f etmi\u015fl\u0259r.<\/p>\n\n\n\n<p>\u00a0M\u0259ruz\u0259l\u0259rd\u0259 Az\u0259rbaycanda d\u00f6vl\u0259t siyas\u0259tinin \u0259sas strateji m\u0259qs\u0259dl\u0259rinin realla\u015fd\u0131r\u0131lmas\u0131nda, bilik tutumlu iqtisadiyyat\u0131n qurulmas\u0131 istiqam\u0259tinda ali t\u0259hsil m\u00fc\u0259ssis\u0259l\u0259rinin potensial\u0131n\u0131n \u0259h\u0259miyy\u0259tini x\u00fcsusi vur\u011fulanm\u0131\u015flar.<\/p>\n\n\n\n<figure class=\"wp-container-2 wp-block-gallery-1 wp-block-gallery columns-1 is-cropped\"><ul class=\"blocks-gallery-grid\"><li class=\"blocks-gallery-item\"><figure><img width=\"640\" height=\"424\" src=\"https:\/\/dia.edu.az\/wp-content\/uploads\/2021\/03\/30.051496303104.jpg\" alt=\"\" data-id=\"12287\" data-full-url=\"https:\/\/dia.edu.az\/wp-content\/uploads\/2021\/03\/30.051496303104.jpg\" data-link=\"https:\/\/dia.edu.az\/?attachment_id=12287\" class=\"wp-image-12287\" srcset=\"https:\/\/legacy.dia.edu.az\/wp-content\/uploads\/2021\/03\/30.051496303104.jpg 640w, https:\/\/legacy.dia.edu.az\/wp-content\/uploads\/2021\/03\/30.051496303104-300x199.jpg 300w, https:\/\/legacy.dia.edu.az\/wp-content\/uploads\/2021\/03\/30.051496303104-16x12.jpg 16w, https:\/\/legacy.dia.edu.az\/wp-content\/uploads\/2021\/03\/30.051496303104-150x100.jpg 150w, https:\/\/legacy.dia.edu.az\/wp-content\/uploads\/2021\/03\/30.051496303104-300x199@2x.jpg 600w\" sizes=\"(max-width: 640px) 100vw, 640px\" \/><\/figure><\/li><\/ul><\/figure>","protected":false},"excerpt":{"rendered":"<p>\u0130qtisadiyyat\u0131n \u0259sas sektorlar\u0131 \u00fczr\u0259 strateji yol x\u0259rit\u0259sinin ba\u015fl\u0131ca istiqam\u0259tl\u0259ri m\u00fczakir\u0259 edilmi\u015fdirMay 31 , 2017 &#8211; 11:41 31 may 2017-ci il tarixiind\u0259 Az\u0259rbaycan Respublikas\u0131n\u0131n Prezidenti yan\u0131nda D\u00f6vl\u0259t \u0130dar\u0259\u00e7ilik Akademiyas\u0131nda \u201cIqtisadiyyat\u0131n \u0259sas sektorlar\u0131 \u00fczr\u0259 strateji yol x\u0259rit\u0259sinin ba\u015fl\u0131ca istiqam\u0259tl\u0259ri\u201d: g\u0259l\u0259c\u0259k d\u0259y\u0259rl\u0259rm\u00f6vzusunda Respublika Elmi konfrans\u0131 ke\u00e7irilmi\u015fdir. Konfransda AMEA \u0130qtisadiyyat \u0130nstitutu, AMEA \u0130dar\u0259etm\u0259 Sisteml\u0259ri \u0130nstitutu, Az\u0259rbaycan D\u00f6vl\u0259t \u0130qtisad Universiteti [&hellip;]<\/p>","protected":false},"author":2,"featured_media":12287,"comment_status":"closed","ping_status":"closed","sticky":false,"template":"","format":"standard","meta":[],"categories":[137],"tags":[],"_links":{"self":[{"href":"https:\/\/legacy.dia.edu.az\/en\/wp-json\/wp\/v2\/posts\/12286"}],"collection":[{"href":"https:\/\/legacy.dia.edu.az\/en\/wp-json\/wp\/v2\/posts"}],"about":[{"href":"https:\/\/legacy.dia.edu.az\/en\/wp-json\/wp\/v2\/types\/post"}],"author":[{"embeddable":true,"href":"https:\/\/legacy.dia.edu.az\/en\/wp-json\/wp\/v2\/users\/2"}],"replies":[{"embeddable":true,"href":"https:\/\/legacy.dia.edu.az\/en\/wp-json\/wp\/v2\/comments?post=12286"}],"version-history":[{"count":0,"href":"https:\/\/legacy.dia.edu.az\/en\/wp-json\/wp\/v2\/posts\/12286\/revisions"}],"wp:featuredmedia":[{"embeddable":true,"href":"https:\/\/legacy.dia.edu.az\/en\/wp-json\/wp\/v2\/media\/12287"}],"wp:attachment":[{"href":"https:\/\/legacy.dia.edu.az\/en\/wp-json\/wp\/v2\/media?parent=12286"}],"wp:term":[{"taxonomy":"category","embeddable":true,"href":"https:\/\/legacy.dia.edu.az\/en\/wp-json\/wp\/v2\/categories?post=12286"},{"taxonomy":"post_tag","embeddable":true,"href":"https:\/\/legacy.dia.edu.az\/en\/wp-json\/wp\/v2\/tags?post=12286"}],"curies":[{"name":"wp","href":"https:\/\/api.w.org\/{rel}","templated":true}]}}