{"id":12272,"date":"2017-06-21T11:17:00","date_gmt":"2017-06-21T08:17:00","guid":{"rendered":"https:\/\/dia.edu.az\/?p=12272"},"modified":"2021-03-15T11:20:57","modified_gmt":"2021-03-15T08:20:57","slug":"dovl%c9%99t-idar%c9%99cilik-akademiyasinda-dovl%c9%99t-qulluqcularinin-pes%c9%99-bayramina-h%c9%99sr-edil%c9%99n-elmi-praktiki-konfrans-kecirilib","status":"publish","type":"post","link":"https:\/\/legacy.dia.edu.az\/en\/arxivl\u0259r\/12272","title":{"rendered":"D\u00f6vl\u0259t \u0130dar\u0259\u00e7ilik Akademiyas\u0131nda D\u00f6vl\u0259t qulluq\u00e7ular\u0131n\u0131n pe\u015f\u0259 bayram\u0131na h\u0259sr edil\u0259n elmi-praktiki konfrans ke\u00e7irilib"},"content":{"rendered":"<p><\/p>\n\n\n\n<p><strong>D\u00f6vl\u0259t \u0130dar\u0259\u00e7ilik Akademiyas\u0131nda D\u00f6vl\u0259t qulluq\u00e7ular\u0131n\u0131n pe\u015f\u0259 bayram\u0131na h\u0259sr edil\u0259n elmi-praktiki konfrans ke\u00e7irilib<\/strong><br><em>\u0130yn 21 , 2017 &#8211; 12:56<\/em><\/p>\n\n\n\n<p>\u0130yunun 21-d\u0259 Az\u0259rbaycan Respublikas\u0131n\u0131n Prezidenti yan\u0131nda D\u00f6vl\u0259t \u0130dar\u0259\u00e7ilik Akademiyas\u0131nda Az\u0259rbaycan Respublikas\u0131 Prezidenti Administrasiyas\u0131n\u0131n r\u0259hb\u0259ri, akademik Ramiz Mehdiyevin 11 aprel 2017-ci il tarixli S\u0259r\u0259ncam\u0131 il\u0259 t\u0259sdiq edilmi\u015f \u201cD\u00f6vl\u0259t qulluq\u00e7ular\u0131n\u0131n pe\u015f\u0259 bayram\u0131 g\u00fcn\u00fcn\u00fcn qeyd edilm\u0259si il\u0259 ba\u011fl\u0131 t\u0259dbirl\u0259r plan\u0131\u201dna \u0259sas\u0259n \u201cDovl\u0259t qullu\u011funun aktual probleml\u0259ri\u201d m\u00f6vzusunda Az\u0259rbaycan Respublikas\u0131n\u0131n Prezidenti yan\u0131nda D\u00f6vl\u0259t \u0130dar\u0259\u00e7ilik Akademiyas\u0131 v\u0259 D\u00f6vl\u0259t \u0130mtahan M\u0259rk\u0259zinin birg\u0259 t\u0259\u015fkilat\u00e7\u0131l\u0131\u011f\u0131 il\u0259 elmi-praktiki konfrans ke\u00e7irilib. Konfrans\u0131n i\u015find\u0259 Az\u0259rbaycan Respublikas\u0131 Prezidenti Administrasiyas\u0131n\u0131n 20, Nazirl\u0259r Kabineti, Milli M\u0259clis, Konstitusiya M\u0259hk\u0259m\u0259si,&nbsp; 40-dan art\u0131q nazirlik, Heyd\u0259r \u018fliyev M\u0259rk\u0259zi, Ombudsman Aparat\u0131, M\u0259rk\u0259zi Se\u00e7ki Komissiyas\u0131, Ba\u015f Prokurorluq, 20 D\u00f6vl\u0259t Komit\u0259si v\u0259 Xidm\u0259tinin, Bak\u0131 \u015f\u0259h\u0259ri, Nax\u00e7\u0131van Muxtar Respublikas\u0131 v\u0259 58 rayon icra hakimiyy\u0259tinin t\u0259msil\u00e7isi i\u015ftirak edib.<\/p>\n\n\n\n<p>D\u0130A-n\u0131n rektoru, akademik Urxan \u018fl\u0259kb\u0259rov konfrans\u0131 a\u00e7araq d\u00f6vl\u0259t qulluq\u00e7ular\u0131n\u0131 pe\u015f\u0259 bayram\u0131 m\u00fcnasib\u0259til\u0259 t\u0259brik edib. \u201cD\u00f6vl\u0259t qullu\u011fu \u00fc\u00e7\u00fcn kadr potensial\u0131n\u0131n formala\u015fmas\u0131: proses v\u0259 n\u0259tic\u0259\u201d adl\u0131 m\u0259ruz\u0259sind\u0259 Az\u0259rbaycanda \u00e7evik d\u00f6vl\u0259t qullu\u011fu sisteminin formala\u015fd\u0131\u011f\u0131n\u0131 qeyd ed\u0259n natiq \u00f6lk\u0259d\u0259 d\u00f6vl\u0259t quruculu\u011fu, d\u00f6vl\u0259t idar\u0259etm\u0259 sisteminin formala\u015fmas\u0131 v\u0259 d\u00f6vl\u0259t qullu\u011funun inki\u015faf\u0131 prosesl\u0259rind\u0259 \u00fcmummilli lider Heyd\u0259r \u018fliyevin misilsiz xidm\u0259tl\u0259rin\u0259 diqq\u0259t \u00e7\u0259kib. D\u00f6vl\u0259t idar\u0259\u00e7iliyi \u00fc\u00e7\u00fcn milli kadr potensial\u0131n\u0131n formala\u015fd\u0131r\u0131lmas\u0131n\u0131n m\u00fcasir d\u00f6vl\u0259t quruculu\u011fu prosesinin t\u0259rkib hiss\u0259si oldu\u011funu bildir\u0259n U.\u018fl\u0259kb\u0259rov d\u00f6vl\u0259t qullu\u011fu sisteminin t\u0259kmill\u0259\u015fdirilm\u0259si v\u0259 inki\u015faf\u0131, bu sah\u0259d\u0259 h\u00fcquqi bazan\u0131n t\u0259nziml\u0259nm\u0259si m\u0259s\u0259l\u0259l\u0259rini c\u0259nab Prezident \u0130lham \u018fliyevin daim diqq\u0259t m\u0259rk\u0259zind\u0259 saxlad\u0131\u011f\u0131n\u0131 x\u00fcsusi vur\u011fulay\u0131b. Respublikam\u0131zda d\u00f6vl\u0259t qullu\u011funun t\u0259kmill\u0259\u015fdirilm\u0259si prosesinin u\u011furlu n\u0259tic\u0259l\u0259rind\u0259n dan\u0131\u015fan akademik XXI \u0259srin prioriteti olan davaml\u0131 inki\u015faf\u0131n idar\u0259 olunmas\u0131 sah\u0259sind\u0259 Az\u0259rbaycan\u0131n qazand\u0131\u011f\u0131 nailiyy\u0259tl\u0259rd\u0259n s\u00f6z a\u00e7araq bunun k\u00f6k\u00fcnd\u0259 Prezident \u0130lham \u018fliyevin t\u0259tbiq etdiyi innovativ idar\u0259\u00e7ilik texnologiyalar\u0131n\u0131n durdu\u011funu qeyd edib. &nbsp;Natiq bildirib ki, bu fakt n\u00fcfuzlu beyn\u0259lxalq t\u0259\u015fkilatlar t\u0259r\u0259find\u0259n d\u0259 t\u0259sdiql\u0259nib v\u0259 d\u00f6vl\u0259t qullu\u011fu \u00fc\u00e7\u00fcn kadr potensial\u0131n\u0131n g\u00fccl\u0259ndirilm\u0259si \u00f6lk\u0259d\u0259 inki\u015faf\u0131n planla\u015fd\u0131r\u0131lmas\u0131 v\u0259 idar\u0259 edilm\u0259si prosesl\u0259rini daha da s\u00fcr\u0259tl\u0259ndir\u0259c\u0259kdir.<\/p>\n\n\n\n<p>T\u0259dbird\u0259 Az\u0259rbaycan Respublikas\u0131n\u0131n Dovl\u0259t \u0130mtahan M\u0259rk\u0259zinin Direktorlar \u015euras\u0131n\u0131n s\u0259dri M\u0259leyk\u0259 Abbaszad\u0259 \u201cD\u00f6vl\u0259t idar\u0259etm\u0259 sisteminin t\u0259kmill\u0259\u015fdirilm\u0259si d\u00f6vr\u00fcnd\u0259 d\u00f6vl\u0259t qullu\u011funun inki\u015faf\u0131\u201d adl\u0131 m\u0259ruz\u0259 il\u0259 \u00e7\u0131x\u0131\u015f edib. M.Abbaszad\u0259 d\u00f6vl\u0259t idar\u0259etm\u0259 sisteminin t\u0259kmill\u0259\u015fdirilm\u0259si istiqam\u0259tind\u0259 h\u0259yata ke\u00e7iril\u0259n islahatlar n\u0259tic\u0259sind\u0259 \u0259ld\u0259 olunan u\u011furlardan s\u00f6z a\u00e7\u0131b. O bildirib ki, d\u00f6vl\u0259t qulluq\u00e7ular\u0131n\u0131n se\u00e7imi sisteminin formala\u015fd\u0131r\u0131lmas\u0131nda sivil, demokratik v\u0259 v\u0259t\u0259nda\u015f c\u0259miyy\u0259tinin t\u0259l\u0259bl\u0259rin\u0259 cavab ver\u0259n prinsipl\u0259r h\u0259lledici vasit\u0259dir. M. Abbaszad\u0259 qeyd edib ki, bu d\u00f6n\u0259md\u0259 D\u00f6vl\u0259t \u0130mtahan M\u0259rk\u0259zinin \u00fcz\u0259rin\u0259 d\u00fc\u015f\u0259n \u0259sas f\u0259aliyy\u0259tl\u0259rd\u0259n biri d\u0259 d\u00f6vl\u0259t idar\u0259\u00e7iliyi sistemini inki\u015faf etdirm\u0259k m\u0259qs\u0259dil\u0259 d\u00f6vl\u0259t qullu\u011funa q\u0259bulu m\u0259rk\u0259zl\u0259\u015fdirilmi\u015f qaydada, m\u00fcsabiq\u0259 v\u0259 effektiv \u0259saslarla aparmaqdan ibar\u0259tdir.<\/p>\n\n\n\n<p>T\u0259dbirin sonunda Az\u0259rbaycan Respublikas\u0131n\u0131n Prezidenti yan\u0131nda D\u00f6vl\u0259t \u0130dar\u0259\u00e7ilik Akademiyas\u0131nda m\u0259zun olan d\u00f6vl\u0259t qulluq\u00e7ular\u0131na magistr diplomlar\u0131 t\u0259qdim edilib.<\/p>\n\n\n\n<p><\/p>\n\n\n\n<figure class=\"wp-container-2 wp-block-gallery-1 wp-block-gallery columns-3 is-cropped\"><ul class=\"blocks-gallery-grid\"><li class=\"blocks-gallery-item\"><figure><img width=\"640\" height=\"424\" src=\"https:\/\/dia.edu.az\/wp-content\/uploads\/2021\/03\/20.06.jpg\" alt=\"\" data-id=\"12273\" data-full-url=\"https:\/\/dia.edu.az\/wp-content\/uploads\/2021\/03\/20.06.jpg\" data-link=\"https:\/\/dia.edu.az\/?attachment_id=12273\" class=\"wp-image-12273\" srcset=\"https:\/\/legacy.dia.edu.az\/wp-content\/uploads\/2021\/03\/20.06.jpg 640w, https:\/\/legacy.dia.edu.az\/wp-content\/uploads\/2021\/03\/20.06-300x199.jpg 300w, https:\/\/legacy.dia.edu.az\/wp-content\/uploads\/2021\/03\/20.06-16x12.jpg 16w, https:\/\/legacy.dia.edu.az\/wp-content\/uploads\/2021\/03\/20.06-150x100.jpg 150w, https:\/\/legacy.dia.edu.az\/wp-content\/uploads\/2021\/03\/20.06-300x199@2x.jpg 600w\" sizes=\"(max-width: 640px) 100vw, 640px\" \/><\/figure><\/li><li class=\"blocks-gallery-item\"><figure><img width=\"640\" height=\"424\" src=\"https:\/\/dia.edu.az\/wp-content\/uploads\/2021\/03\/21.06.17.jpg\" alt=\"\" data-id=\"12274\" data-full-url=\"https:\/\/dia.edu.az\/wp-content\/uploads\/2021\/03\/21.06.17.jpg\" data-link=\"https:\/\/dia.edu.az\/?attachment_id=12274\" class=\"wp-image-12274\" srcset=\"https:\/\/legacy.dia.edu.az\/wp-content\/uploads\/2021\/03\/21.06.17.jpg 640w, https:\/\/legacy.dia.edu.az\/wp-content\/uploads\/2021\/03\/21.06.17-300x199.jpg 300w, https:\/\/legacy.dia.edu.az\/wp-content\/uploads\/2021\/03\/21.06.17-16x12.jpg 16w, https:\/\/legacy.dia.edu.az\/wp-content\/uploads\/2021\/03\/21.06.17-150x100.jpg 150w, https:\/\/legacy.dia.edu.az\/wp-content\/uploads\/2021\/03\/21.06.17-300x199@2x.jpg 600w\" sizes=\"(max-width: 640px) 100vw, 640px\" \/><\/figure><\/li><li class=\"blocks-gallery-item\"><figure><img width=\"640\" height=\"424\" src=\"https:\/\/dia.edu.az\/wp-content\/uploads\/2021\/03\/21.06.217.jpg\" alt=\"\" data-id=\"12275\" data-full-url=\"https:\/\/dia.edu.az\/wp-content\/uploads\/2021\/03\/21.06.217.jpg\" data-link=\"https:\/\/dia.edu.az\/?attachment_id=12275\" class=\"wp-image-12275\" srcset=\"https:\/\/legacy.dia.edu.az\/wp-content\/uploads\/2021\/03\/21.06.217.jpg 640w, https:\/\/legacy.dia.edu.az\/wp-content\/uploads\/2021\/03\/21.06.217-300x199.jpg 300w, https:\/\/legacy.dia.edu.az\/wp-content\/uploads\/2021\/03\/21.06.217-16x12.jpg 16w, https:\/\/legacy.dia.edu.az\/wp-content\/uploads\/2021\/03\/21.06.217-150x100.jpg 150w, https:\/\/legacy.dia.edu.az\/wp-content\/uploads\/2021\/03\/21.06.217-300x199@2x.jpg 600w\" sizes=\"(max-width: 640px) 100vw, 640px\" \/><\/figure><\/li><li class=\"blocks-gallery-item\"><figure><img width=\"640\" height=\"424\" src=\"https:\/\/dia.edu.az\/wp-content\/uploads\/2021\/03\/21.06.2017.jpg\" alt=\"\" data-id=\"12276\" data-full-url=\"https:\/\/dia.edu.az\/wp-content\/uploads\/2021\/03\/21.06.2017.jpg\" data-link=\"https:\/\/dia.edu.az\/?attachment_id=12276\" class=\"wp-image-12276\" srcset=\"https:\/\/legacy.dia.edu.az\/wp-content\/uploads\/2021\/03\/21.06.2017.jpg 640w, https:\/\/legacy.dia.edu.az\/wp-content\/uploads\/2021\/03\/21.06.2017-300x199.jpg 300w, https:\/\/legacy.dia.edu.az\/wp-content\/uploads\/2021\/03\/21.06.2017-16x12.jpg 16w, https:\/\/legacy.dia.edu.az\/wp-content\/uploads\/2021\/03\/21.06.2017-150x100.jpg 150w, https:\/\/legacy.dia.edu.az\/wp-content\/uploads\/2021\/03\/21.06.2017-300x199@2x.jpg 600w\" sizes=\"(max-width: 640px) 100vw, 640px\" \/><\/figure><\/li><li class=\"blocks-gallery-item\"><figure><img width=\"640\" height=\"424\" src=\"https:\/\/dia.edu.az\/wp-content\/uploads\/2021\/03\/21.06-1.jpg\" alt=\"\" data-id=\"12277\" data-full-url=\"https:\/\/dia.edu.az\/wp-content\/uploads\/2021\/03\/21.06-1.jpg\" data-link=\"https:\/\/dia.edu.az\/?attachment_id=12277\" class=\"wp-image-12277\" srcset=\"https:\/\/legacy.dia.edu.az\/wp-content\/uploads\/2021\/03\/21.06-1.jpg 640w, https:\/\/legacy.dia.edu.az\/wp-content\/uploads\/2021\/03\/21.06-1-300x199.jpg 300w, https:\/\/legacy.dia.edu.az\/wp-content\/uploads\/2021\/03\/21.06-1-16x12.jpg 16w, https:\/\/legacy.dia.edu.az\/wp-content\/uploads\/2021\/03\/21.06-1-150x100.jpg 150w, https:\/\/legacy.dia.edu.az\/wp-content\/uploads\/2021\/03\/21.06-1-300x199@2x.jpg 600w\" sizes=\"(max-width: 640px) 100vw, 640px\" \/><\/figure><\/li><\/ul><\/figure>","protected":false},"excerpt":{"rendered":"<p>D\u00f6vl\u0259t \u0130dar\u0259\u00e7ilik Akademiyas\u0131nda D\u00f6vl\u0259t qulluq\u00e7ular\u0131n\u0131n pe\u015f\u0259 bayram\u0131na h\u0259sr edil\u0259n elmi-praktiki konfrans ke\u00e7irilib\u0130yn 21 , 2017 &#8211; 12:56 \u0130yunun 21-d\u0259 Az\u0259rbaycan Respublikas\u0131n\u0131n Prezidenti yan\u0131nda D\u00f6vl\u0259t \u0130dar\u0259\u00e7ilik Akademiyas\u0131nda Az\u0259rbaycan Respublikas\u0131 Prezidenti Administrasiyas\u0131n\u0131n r\u0259hb\u0259ri, akademik Ramiz Mehdiyevin 11 aprel 2017-ci il tarixli S\u0259r\u0259ncam\u0131 il\u0259 t\u0259sdiq edilmi\u015f \u201cD\u00f6vl\u0259t qulluq\u00e7ular\u0131n\u0131n pe\u015f\u0259 bayram\u0131 g\u00fcn\u00fcn\u00fcn qeyd edilm\u0259si il\u0259 ba\u011fl\u0131 t\u0259dbirl\u0259r plan\u0131\u201dna \u0259sas\u0259n [&hellip;]<\/p>","protected":false},"author":2,"featured_media":12273,"comment_status":"closed","ping_status":"closed","sticky":false,"template":"","format":"standard","meta":[],"categories":[137],"tags":[],"_links":{"self":[{"href":"https:\/\/legacy.dia.edu.az\/en\/wp-json\/wp\/v2\/posts\/12272"}],"collection":[{"href":"https:\/\/legacy.dia.edu.az\/en\/wp-json\/wp\/v2\/posts"}],"about":[{"href":"https:\/\/legacy.dia.edu.az\/en\/wp-json\/wp\/v2\/types\/post"}],"author":[{"embeddable":true,"href":"https:\/\/legacy.dia.edu.az\/en\/wp-json\/wp\/v2\/users\/2"}],"replies":[{"embeddable":true,"href":"https:\/\/legacy.dia.edu.az\/en\/wp-json\/wp\/v2\/comments?post=12272"}],"version-history":[{"count":0,"href":"https:\/\/legacy.dia.edu.az\/en\/wp-json\/wp\/v2\/posts\/12272\/revisions"}],"wp:featuredmedia":[{"embeddable":true,"href":"https:\/\/legacy.dia.edu.az\/en\/wp-json\/wp\/v2\/media\/12273"}],"wp:attachment":[{"href":"https:\/\/legacy.dia.edu.az\/en\/wp-json\/wp\/v2\/media?parent=12272"}],"wp:term":[{"taxonomy":"category","embeddable":true,"href":"https:\/\/legacy.dia.edu.az\/en\/wp-json\/wp\/v2\/categories?post=12272"},{"taxonomy":"post_tag","embeddable":true,"href":"https:\/\/legacy.dia.edu.az\/en\/wp-json\/wp\/v2\/tags?post=12272"}],"curies":[{"name":"wp","href":"https:\/\/api.w.org\/{rel}","templated":true}]}}