{"id":12262,"date":"2017-07-03T10:54:00","date_gmt":"2017-07-03T07:54:00","guid":{"rendered":"https:\/\/dia.edu.az\/?p=12262"},"modified":"2021-03-16T13:21:27","modified_gmt":"2021-03-16T10:21:27","slug":"dovl%c9%99t-idar%c9%99ciliyin%c9%99-dair-dia-v%c9%99-asan-in-birg%c9%99-seminari-kecirilib","status":"publish","type":"post","link":"https:\/\/legacy.dia.edu.az\/en\/arxivl\u0259r\/12262","title":{"rendered":"D\u00f6vl\u0259t idar\u0259\u00e7iliyin\u0259 dair D\u0130A v\u0259 ASAN-\u0131n birg\u0259 seminar\u0131 ke\u00e7irilib"},"content":{"rendered":"<p><\/p>\n\n\n\n<p><strong>D\u00f6vl\u0259t idar\u0259\u00e7iliyin\u0259 dair D\u0130A v\u0259 ASAN-\u0131n birg\u0259 seminar\u0131 ke\u00e7irilib<\/strong><br><em>\u0130yl 03 , 2017 &#8211; 09:18<\/em><\/p>\n\n\n\n<p>Az\u0259rbaycan Respublikas\u0131n\u0131n Prezidenti yan\u0131nda D\u00f6vl\u0259t \u0130dar\u0259\u00e7ilik Akademiyas\u0131, Az\u0259rbaycan Respublikas\u0131n\u0131n Prezidenti yan\u0131nda V\u0259t\u0259nda\u015flara Xidm\u0259t v\u0259 Sosial \u0130nnovasiyalar \u00fczr\u0259 D\u00f6vl\u0259t Agentliyi (ASAN) v\u0259 Q\u0259b\u0259l\u0259 rayon \u0130cra Hakimiyy\u0259tinin birg\u0259 t\u0259\u015fkilat\u00e7\u0131l\u0131\u011f\u0131 il\u0259 Q\u0259b\u0259l\u0259 rayonunda \u201cAz\u0259rbaycan\u0131n innovativ inki\u015faf modeli\u201d m\u00f6vzusunda n\u00f6vb\u0259ti seminar ke\u00e7irilib.<\/p>\n\n\n\n<p>Rayonun m\u00fcxt\u0259lif d\u00f6vl\u0259t qurumlar\u0131n\u0131n \u0259m\u0259kda\u015flar\u0131 v\u0259 Q\u0259b\u0259l\u0259 ASAN Xidm\u0259t M\u0259rk\u0259zind\u0259 \u00e7al\u0131\u015fan d\u00f6vl\u0259t qulluq\u00e7ular\u0131 v\u0259 k\u00f6n\u00fcll\u00fcl\u0259r \u00fc\u00e7\u00fcn t\u0259\u015fkil edilmi\u015f seminarda Az\u0259rbaycan Respublikas\u0131n\u0131n Prezidenti yan\u0131nda D\u00f6vl\u0259t \u0130dar\u0259\u00e7ilik Akademiyas\u0131n\u0131n rektoru, akademik Urxan \u018fl\u0259kb\u0259rov, D\u00f6vl\u0259t \u0130dar\u0259\u00e7ilik Akademiyas\u0131n\u0131n \u201cSiyasi ara\u015fd\u0131rmalar institutu\u201dnun direktoru, mill\u0259t v\u0259kili professor Elman N\u0259sirov, D\u00f6vl\u0259t \u0130dar\u0259\u00e7ilik Akademiyas\u0131n\u0131n \u201cElmi-T\u0259\u015fkilat\u201d \u015f\u00f6b\u0259sinin m\u00fcdiri, siyasi elml\u0259r \u00fczr\u0259 f\u0259ls\u0259f\u0259 doktoru, dosent R\u0259c\u0259b R\u0259himli m\u0259ruz\u0259 il\u0259 \u00e7\u0131x\u0131\u015f edibl\u0259r.<\/p>\n\n\n\n<p>D\u0130A-n\u0131n rektoru, akademik Urxan \u018fl\u0259kb\u0259rov \u201cAz\u0259rbaycan Respublikas\u0131n\u0131n d\u00f6vl\u0259t idar\u0259\u00e7ilik modeli: \u00f6lk\u0259nin nailiyy\u0259tl\u0259ri beyn\u0259lxalq t\u0259\u015fkilatlar\u0131n hesabatlar\u0131nda\u201d m\u00f6vzusunda m\u0259ruz\u0259 edib. Akademik ilk \u00f6nc\u0259 ulu \u00f6nd\u0259r Heyd\u0259r \u018fliyevin Az\u0259rbaycan d\u00f6vl\u0259ti v\u0259 xalq\u0131 qar\u015f\u0131s\u0131ndak\u0131 m\u00fcst\u0259sna xidm\u0259tl\u0259rind\u0259n, \u00dcmummilli Liderin z\u0259ngin siyasi irsinin, idar\u0259\u00e7ilik t\u0259cr\u00fcb\u0259sinin \u0259h\u0259miyy\u0259tind\u0259n b\u0259hs edib v\u0259 bunun say\u0259sind\u0259 \u00f6lk\u0259d\u0259 q\u0131sa zaman k\u0259siyind\u0259 iqtisadi v\u0259 sosial sah\u0259d\u0259 y\u00fcks\u0259k nailiyy\u0259tl\u0259r qazan\u0131lmas\u0131 \u00fc\u00e7\u00fcn \u015f\u0259raitin yarand\u0131\u011f\u0131n\u0131 vur\u011fulay\u0131b. Natiqin bildirdiyin\u0259 g\u00f6r\u0259, \u0259ld\u0259 edilmi\u015f nailiyy\u0259tl\u0259rin k\u00f6k\u00fcnd\u0259 Prezident \u0130lham \u018fliyevin h\u0259yata ke\u00e7irdiyi d\u00fc\u015f\u00fcn\u00fclm\u00fc\u015f innovativ inki\u015faf strategiyas\u0131 dayan\u0131r. U. \u018fl\u0259kb\u0259rov inki\u015faf strategiyas\u0131n\u0131n realla\u015fd\u0131r\u0131lmas\u0131nda \u00f6lk\u0259nin birinci vitse-prezidenti Mehriban xan\u0131m \u018fliyevan\u0131n x\u00fcsusi rolunu qeyd edib v\u0259 bu sah\u0259d\u0259 d\u00f6vl\u0259t qurumlar\u0131 il\u0259 yana\u015f\u0131, v\u0259t\u0259nda\u015f c\u0259miyy\u0259tinin, Heyd\u0259r \u018fliyev Fondunun \u00f6n\u0259mli f\u0259aliyy\u0259tin\u0259 d\u0259 diqq\u0259t \u00e7\u0259kib.<\/p>\n\n\n\n<p>Urxan \u018fl\u0259kb\u0259rov qeyd edib ki, 2017-ci ilin mart\u0131nda BMT-nin v\u0259 2017-ci ilin may ay\u0131nda D\u00fcnya Bank\u0131n\u0131n d\u0259rc etdirdikl\u0259ri hesabatlarda \u0259ksini tapan innovativ insan potensial\u0131na \u0259saslanan davaml\u0131 inki\u015faf g\u00f6st\u0259ricil\u0259rin\u0259 g\u00f6r\u0259, Az\u0259rbaycan haz\u0131rda d\u00fcnya liderl\u0259ri s\u0131ras\u0131ndad\u0131r. Bu, ke\u00e7mi\u015f SSR\u0130, \u201cB\u00f6y\u00fck yeddilik\u201d (G 7) v\u0259 \u201cB\u00f6y\u00fck iyirmilik\u201d (G 20) \u00f6lk\u0259l\u0259ri il\u0259 Az\u0259rbaycan\u0131n g\u00f6st\u0259ricil\u0259rinin m\u00fcqayis\u0259li t\u0259hlili \u0259sas\u0131nda auditoriyan\u0131n n\u0259z\u0259rin\u0259 \u00e7atd\u0131r\u0131l\u0131b. Eyni zamanda sosial g\u00f6st\u0259ricil\u0259rd\u0259n d\u0259 b\u0259hs ed\u0259n akademik beyn\u0259lxalq t\u0259\u015fkilatlar\u0131n hesabatlar\u0131na \u0259saslanaraq \u00f6lk\u0259nin bu bax\u0131mdan da q\u0131sa m\u00fcdd\u0259td\u0259 s\u00fcr\u0259tl\u0259&nbsp; inki\u015faf etdiyini v\u0259 bir s\u0131ra inki\u015faf etmi\u015f d\u00f6vl\u0259tl\u0259ri gerid\u0259 qoydu\u011funu bildirib.&nbsp;&nbsp;<\/p>\n\n\n\n<p>Seminarda \u00e7\u0131x\u0131\u015f ed\u0259n mill\u0259t v\u0259kili, D\u0130A-n\u0131n Siyasi Ara\u015fd\u0131rmalar \u0130nstitutunun direktoru, siyasi elml\u0259r doktoru, professor Elman N\u0259sirov v\u0259 D\u0130A-n\u0131n Elmi T\u0259\u015fkilat \u015f\u00f6b\u0259sinin m\u00fcdiri, siyasi elml\u0259r \u00fczr\u0259 f\u0259ls\u0259f\u0259 doktoru, dosent R\u0259c\u0259b R\u0259himli vur\u011fulay\u0131blar ki, \u00f6lk\u0259miz ulu \u00f6nd\u0259r Heyd\u0259r \u018fliyevin r\u0259hb\u0259rliyi il\u0259 dir\u00e7\u0259lm\u0259y\u0259 v\u0259 taley\u00fckl\u00fc probleml\u0259rin h\u0259lli istiqam\u0259tind\u0259 inaml\u0131 add\u0131mlar atma\u011fa ba\u015flay\u0131b. D\u00f6vl\u0259t m\u00fcst\u0259qilliyimiz m\u00f6hk\u0259ml\u0259nib, \u00f6lk\u0259 daxilind\u0259 siyasi sabitliy\u0259 nail olunub, Ulu \u00d6nd\u0259rin formala\u015fd\u0131rd\u0131\u011f\u0131 siyas\u0259t bu g\u00fcn onun layiqli davam\u00e7\u0131s\u0131, Prezident \u0130lham \u018fliyev t\u0259r\u0259find\u0259n u\u011furla davam etdirilir. Natiql\u0259r \u00e7\u0131x\u0131\u015flar\u0131nda \u00f6lk\u0259 r\u0259hb\u0259rliyi t\u0259r\u0259find\u0259n d\u00f6vl\u0259t qullu\u011funda kadr ehtiyat\u0131n\u0131n normativ-h\u00fcquqi t\u0259nziml\u0259nm\u0259si, d\u00f6vl\u0259t qullu\u011funun innovativ qiym\u0259tl\u0259ndirm\u0259 metodlar\u0131, m\u00fcasir \u00e7a\u011f\u0131r\u0131\u015flara cavab ver\u0259n kreativ kadr potensial\u0131n\u0131n formala\u015fd\u0131r\u0131lmas\u0131 v\u0259 idar\u0259edilm\u0259si m\u0259s\u0259l\u0259l\u0259rin\u0259 diqq\u0259t \u00e7\u0259kibl\u0259r. M\u0259ruz\u0259l\u0259rd\u0259n sonra seminar i\u015ftirak\u00e7\u0131lar\u0131n\u0131 maraqland\u0131ran suallar cavabland\u0131r\u0131l\u0131b.<\/p>\n\n\n\n<p><\/p>\n\n\n\n<figure class=\"wp-container-2 wp-block-gallery-1 wp-block-gallery columns-3 is-cropped\"><ul class=\"blocks-gallery-grid\"><li class=\"blocks-gallery-item\"><figure><img width=\"640\" height=\"427\" src=\"https:\/\/dia.edu.az\/wp-content\/uploads\/2021\/03\/03.07.17.jpg\" alt=\"\" data-id=\"12263\" data-full-url=\"https:\/\/dia.edu.az\/wp-content\/uploads\/2021\/03\/03.07.17.jpg\" data-link=\"https:\/\/dia.edu.az\/?attachment_id=12263\" class=\"wp-image-12263\" srcset=\"https:\/\/legacy.dia.edu.az\/wp-content\/uploads\/2021\/03\/03.07.17.jpg 640w, https:\/\/legacy.dia.edu.az\/wp-content\/uploads\/2021\/03\/03.07.17-300x200.jpg 300w, https:\/\/legacy.dia.edu.az\/wp-content\/uploads\/2021\/03\/03.07.17-16x12.jpg 16w, https:\/\/legacy.dia.edu.az\/wp-content\/uploads\/2021\/03\/03.07.17-150x100.jpg 150w, https:\/\/legacy.dia.edu.az\/wp-content\/uploads\/2021\/03\/03.07.17-300x200@2x.jpg 600w\" sizes=\"(max-width: 640px) 100vw, 640px\" \/><\/figure><\/li><li class=\"blocks-gallery-item\"><figure><img width=\"640\" height=\"427\" src=\"https:\/\/dia.edu.az\/wp-content\/uploads\/2021\/03\/03.07.2017.jpg\" alt=\"\" data-id=\"12264\" data-full-url=\"https:\/\/dia.edu.az\/wp-content\/uploads\/2021\/03\/03.07.2017.jpg\" data-link=\"https:\/\/dia.edu.az\/?attachment_id=12264\" class=\"wp-image-12264\" srcset=\"https:\/\/legacy.dia.edu.az\/wp-content\/uploads\/2021\/03\/03.07.2017.jpg 640w, https:\/\/legacy.dia.edu.az\/wp-content\/uploads\/2021\/03\/03.07.2017-300x200.jpg 300w, https:\/\/legacy.dia.edu.az\/wp-content\/uploads\/2021\/03\/03.07.2017-16x12.jpg 16w, https:\/\/legacy.dia.edu.az\/wp-content\/uploads\/2021\/03\/03.07.2017-150x100.jpg 150w, https:\/\/legacy.dia.edu.az\/wp-content\/uploads\/2021\/03\/03.07.2017-300x200@2x.jpg 600w\" sizes=\"(max-width: 640px) 100vw, 640px\" \/><\/figure><\/li><li class=\"blocks-gallery-item\"><figure><img width=\"640\" height=\"427\" src=\"https:\/\/dia.edu.az\/wp-content\/uploads\/2021\/03\/03.0717.jpg\" alt=\"\" data-id=\"12265\" data-full-url=\"https:\/\/dia.edu.az\/wp-content\/uploads\/2021\/03\/03.0717.jpg\" data-link=\"https:\/\/dia.edu.az\/?attachment_id=12265\" class=\"wp-image-12265\" srcset=\"https:\/\/legacy.dia.edu.az\/wp-content\/uploads\/2021\/03\/03.0717.jpg 640w, https:\/\/legacy.dia.edu.az\/wp-content\/uploads\/2021\/03\/03.0717-300x200.jpg 300w, https:\/\/legacy.dia.edu.az\/wp-content\/uploads\/2021\/03\/03.0717-16x12.jpg 16w, https:\/\/legacy.dia.edu.az\/wp-content\/uploads\/2021\/03\/03.0717-150x100.jpg 150w, https:\/\/legacy.dia.edu.az\/wp-content\/uploads\/2021\/03\/03.0717-300x200@2x.jpg 600w\" sizes=\"(max-width: 640px) 100vw, 640px\" \/><\/figure><\/li><li class=\"blocks-gallery-item\"><figure><img width=\"640\" height=\"426\" src=\"https:\/\/dia.edu.az\/wp-content\/uploads\/2021\/03\/030717.jpg\" alt=\"\" data-id=\"12266\" data-full-url=\"https:\/\/dia.edu.az\/wp-content\/uploads\/2021\/03\/030717.jpg\" data-link=\"https:\/\/dia.edu.az\/?attachment_id=12266\" class=\"wp-image-12266\" srcset=\"https:\/\/legacy.dia.edu.az\/wp-content\/uploads\/2021\/03\/030717.jpg 640w, https:\/\/legacy.dia.edu.az\/wp-content\/uploads\/2021\/03\/030717-300x200.jpg 300w, https:\/\/legacy.dia.edu.az\/wp-content\/uploads\/2021\/03\/030717-16x12.jpg 16w, https:\/\/legacy.dia.edu.az\/wp-content\/uploads\/2021\/03\/030717-150x100.jpg 150w, https:\/\/legacy.dia.edu.az\/wp-content\/uploads\/2021\/03\/030717-300x200@2x.jpg 600w\" sizes=\"(max-width: 640px) 100vw, 640px\" \/><\/figure><\/li><li class=\"blocks-gallery-item\"><figure><img width=\"640\" height=\"406\" src=\"https:\/\/dia.edu.az\/wp-content\/uploads\/2021\/03\/ur03.jpg\" alt=\"\" data-id=\"12267\" data-full-url=\"https:\/\/dia.edu.az\/wp-content\/uploads\/2021\/03\/ur03.jpg\" data-link=\"https:\/\/dia.edu.az\/?attachment_id=12267\" class=\"wp-image-12267\" srcset=\"https:\/\/legacy.dia.edu.az\/wp-content\/uploads\/2021\/03\/ur03.jpg 640w, https:\/\/legacy.dia.edu.az\/wp-content\/uploads\/2021\/03\/ur03-300x190.jpg 300w, https:\/\/legacy.dia.edu.az\/wp-content\/uploads\/2021\/03\/ur03-16x10.jpg 16w, https:\/\/legacy.dia.edu.az\/wp-content\/uploads\/2021\/03\/ur03-410x260.jpg 410w, https:\/\/legacy.dia.edu.az\/wp-content\/uploads\/2021\/03\/ur03-300x190@2x.jpg 600w\" sizes=\"(max-width: 640px) 100vw, 640px\" \/><\/figure><\/li><\/ul><\/figure>","protected":false},"excerpt":{"rendered":"<p>D\u00f6vl\u0259t idar\u0259\u00e7iliyin\u0259 dair D\u0130A v\u0259 ASAN-\u0131n birg\u0259 seminar\u0131 ke\u00e7irilib\u0130yl 03 , 2017 &#8211; 09:18 Az\u0259rbaycan Respublikas\u0131n\u0131n Prezidenti yan\u0131nda D\u00f6vl\u0259t \u0130dar\u0259\u00e7ilik Akademiyas\u0131, Az\u0259rbaycan Respublikas\u0131n\u0131n Prezidenti yan\u0131nda V\u0259t\u0259nda\u015flara Xidm\u0259t v\u0259 Sosial \u0130nnovasiyalar \u00fczr\u0259 D\u00f6vl\u0259t Agentliyi (ASAN) v\u0259 Q\u0259b\u0259l\u0259 rayon \u0130cra Hakimiyy\u0259tinin birg\u0259 t\u0259\u015fkilat\u00e7\u0131l\u0131\u011f\u0131 il\u0259 Q\u0259b\u0259l\u0259 rayonunda \u201cAz\u0259rbaycan\u0131n innovativ inki\u015faf modeli\u201d m\u00f6vzusunda n\u00f6vb\u0259ti seminar ke\u00e7irilib. Rayonun m\u00fcxt\u0259lif d\u00f6vl\u0259t [&hellip;]<\/p>","protected":false},"author":2,"featured_media":12266,"comment_status":"closed","ping_status":"closed","sticky":false,"template":"","format":"standard","meta":[],"categories":[137],"tags":[],"_links":{"self":[{"href":"https:\/\/legacy.dia.edu.az\/en\/wp-json\/wp\/v2\/posts\/12262"}],"collection":[{"href":"https:\/\/legacy.dia.edu.az\/en\/wp-json\/wp\/v2\/posts"}],"about":[{"href":"https:\/\/legacy.dia.edu.az\/en\/wp-json\/wp\/v2\/types\/post"}],"author":[{"embeddable":true,"href":"https:\/\/legacy.dia.edu.az\/en\/wp-json\/wp\/v2\/users\/2"}],"replies":[{"embeddable":true,"href":"https:\/\/legacy.dia.edu.az\/en\/wp-json\/wp\/v2\/comments?post=12262"}],"version-history":[{"count":0,"href":"https:\/\/legacy.dia.edu.az\/en\/wp-json\/wp\/v2\/posts\/12262\/revisions"}],"wp:featuredmedia":[{"embeddable":true,"href":"https:\/\/legacy.dia.edu.az\/en\/wp-json\/wp\/v2\/media\/12266"}],"wp:attachment":[{"href":"https:\/\/legacy.dia.edu.az\/en\/wp-json\/wp\/v2\/media?parent=12262"}],"wp:term":[{"taxonomy":"category","embeddable":true,"href":"https:\/\/legacy.dia.edu.az\/en\/wp-json\/wp\/v2\/categories?post=12262"},{"taxonomy":"post_tag","embeddable":true,"href":"https:\/\/legacy.dia.edu.az\/en\/wp-json\/wp\/v2\/tags?post=12262"}],"curies":[{"name":"wp","href":"https:\/\/api.w.org\/{rel}","templated":true}]}}