{"id":12257,"date":"2017-07-04T10:52:00","date_gmt":"2017-07-04T07:52:00","guid":{"rendered":"https:\/\/dia.edu.az\/?p=12257"},"modified":"2021-03-15T10:54:00","modified_gmt":"2021-03-15T07:54:00","slug":"dovl%c9%99t-idar%c9%99cilik-akademiyasinda-m%c9%99zun-gunu-qeyd-edilib-2","status":"publish","type":"post","link":"https:\/\/legacy.dia.edu.az\/en\/arxivl\u0259r\/12257","title":{"rendered":"D\u00f6vl\u0259t \u0130dar\u0259\u00e7ilik Akademiyas\u0131nda m\u0259zun g\u00fcn\u00fc qeyd edilib"},"content":{"rendered":"<p><\/p>\n\n\n\n<p><strong>D\u00f6vl\u0259t \u0130dar\u0259\u00e7ilik Akademiyas\u0131nda m\u0259zun g\u00fcn\u00fc qeyd edilib<\/strong><br><em>\u0130yl 04 , 2017 &#8211; 09:42<\/em><\/p>\n\n\n\n<p>\u0130yulun 4-d\u0259 Az\u0259rbaycan Respublikas\u0131n\u0131n Prezidenti yan\u0131nda D\u00f6vl\u0259t \u0130dar\u0259\u00e7ilik Akademiyas\u0131nda (D\u0130A) 2016-2017-ci t\u0259dris ilinin m\u0259zunlar\u0131 il\u0259 g\u00f6r\u00fc\u015f olub.<\/p>\n\n\n\n<p>T\u0259dbird\u0259 D\u0130A-n\u0131n rektoru, akademik Urxan \u018fl\u0259kb\u0259rov \u00fcmummilli lider Heyd\u0259r \u018fliyevin t\u0259hsil\u0259 daim x\u00fcsusi \u00f6n\u0259m verdiyini, dahi r\u0259hb\u0259rin ideyalar\u0131n\u0131n Az\u0259rbaycan Prezidenti \u0130lham \u018fliyev t\u0259r\u0259find\u0259n u\u011furla h\u0259yata ke\u00e7irildiyini vur\u011fulay\u0131b.<\/p>\n\n\n\n<p>Rektor r\u0259hb\u0259rlik etdiyi ali m\u0259kt\u0259bin f\u0259aliyy\u0259ti, qazan\u0131lan nailiyy\u0259tl\u0259rd\u0259n dan\u0131\u015f\u0131b. Bildirilib ki, bu il D\u0130A-n\u0131 381 t\u0259l\u0259b\u0259 bitirir. Onlardan 285-i bakalavriat, 96-s\u0131 is\u0259 magistr pill\u0259sind\u0259 t\u0259hsil al\u0131b.<\/p>\n\n\n\n<p>Akademik U.\u018fl\u0259kb\u0259rov Prezident \u0130lham \u018fliyevin apard\u0131\u011f\u0131 siyas\u0259tin u\u011furlu n\u0259tic\u0259l\u0259rind\u0259n b\u0259hs edib, respublikam\u0131z\u0131n \u00e7ox s\u00fcr\u0259tl\u0259 inki\u015faf etdiyini, d\u00fcnya \u00f6lk\u0259l\u0259ri aras\u0131nda \u00f6z\u00fcn\u0259 layiqli yer tutdu\u011funu diqq\u0259t\u0259 \u00e7atd\u0131r\u0131b.<\/p>\n\n\n\n<p>D\u0130A-n\u0131n siyasi idar\u0259etm\u0259 fak\u00fclt\u0259sinin dekan\u0131, professor Zaur Ba\u011f\u0131rov, inzibati idar\u0259etm\u0259 fak\u00fclt\u0259sinin dekan\u0131, professor \u00c7ingiz \u0130smay\u0131lov v\u0259 dig\u0259r \u00e7\u0131x\u0131\u015f ed\u0259nl\u0259r d\u0259 m\u0259zunlar\u0131 t\u0259brik edib, onlara xo\u015f arzular\u0131n\u0131 bildiribl\u0259r.<\/p>\n\n\n\n<p><\/p>\n\n\n\n<figure class=\"wp-container-2 wp-block-gallery-1 wp-block-gallery columns-3 is-cropped\"><ul class=\"blocks-gallery-grid\"><li class=\"blocks-gallery-item\"><figure><img width=\"640\" height=\"462\" src=\"https:\/\/dia.edu.az\/wp-content\/uploads\/2021\/03\/05.07.jpg\" alt=\"\" data-id=\"12258\" data-full-url=\"https:\/\/dia.edu.az\/wp-content\/uploads\/2021\/03\/05.07.jpg\" data-link=\"https:\/\/dia.edu.az\/?attachment_id=12258\" class=\"wp-image-12258\" srcset=\"https:\/\/legacy.dia.edu.az\/wp-content\/uploads\/2021\/03\/05.07.jpg 640w, https:\/\/legacy.dia.edu.az\/wp-content\/uploads\/2021\/03\/05.07-300x217.jpg 300w, https:\/\/legacy.dia.edu.az\/wp-content\/uploads\/2021\/03\/05.07-16x12.jpg 16w, https:\/\/legacy.dia.edu.az\/wp-content\/uploads\/2021\/03\/05.07-360x260.jpg 360w, https:\/\/legacy.dia.edu.az\/wp-content\/uploads\/2021\/03\/05.07-300x217@2x.jpg 600w\" sizes=\"(max-width: 640px) 100vw, 640px\" \/><\/figure><\/li><li class=\"blocks-gallery-item\"><figure><img width=\"640\" height=\"442\" src=\"https:\/\/dia.edu.az\/wp-content\/uploads\/2021\/03\/0507.jpg\" alt=\"\" data-id=\"12259\" data-full-url=\"https:\/\/dia.edu.az\/wp-content\/uploads\/2021\/03\/0507.jpg\" data-link=\"https:\/\/dia.edu.az\/?attachment_id=12259\" class=\"wp-image-12259\" srcset=\"https:\/\/legacy.dia.edu.az\/wp-content\/uploads\/2021\/03\/0507.jpg 640w, https:\/\/legacy.dia.edu.az\/wp-content\/uploads\/2021\/03\/0507-300x207.jpg 300w, https:\/\/legacy.dia.edu.az\/wp-content\/uploads\/2021\/03\/0507-16x12.jpg 16w, https:\/\/legacy.dia.edu.az\/wp-content\/uploads\/2021\/03\/0507-300x207@2x.jpg 600w\" sizes=\"(max-width: 640px) 100vw, 640px\" \/><\/figure><\/li><li class=\"blocks-gallery-item\"><figure><img width=\"640\" height=\"445\" src=\"https:\/\/dia.edu.az\/wp-content\/uploads\/2021\/03\/050717.jpg\" alt=\"\" data-id=\"12260\" data-full-url=\"https:\/\/dia.edu.az\/wp-content\/uploads\/2021\/03\/050717.jpg\" data-link=\"https:\/\/dia.edu.az\/?attachment_id=12260\" class=\"wp-image-12260\" srcset=\"https:\/\/legacy.dia.edu.az\/wp-content\/uploads\/2021\/03\/050717.jpg 640w, https:\/\/legacy.dia.edu.az\/wp-content\/uploads\/2021\/03\/050717-300x209.jpg 300w, https:\/\/legacy.dia.edu.az\/wp-content\/uploads\/2021\/03\/050717-16x12.jpg 16w, https:\/\/legacy.dia.edu.az\/wp-content\/uploads\/2021\/03\/050717-300x209@2x.jpg 600w\" sizes=\"(max-width: 640px) 100vw, 640px\" \/><\/figure><\/li><\/ul><\/figure>","protected":false},"excerpt":{"rendered":"<p>D\u00f6vl\u0259t \u0130dar\u0259\u00e7ilik Akademiyas\u0131nda m\u0259zun g\u00fcn\u00fc qeyd edilib\u0130yl 04 , 2017 &#8211; 09:42 \u0130yulun 4-d\u0259 Az\u0259rbaycan Respublikas\u0131n\u0131n Prezidenti yan\u0131nda D\u00f6vl\u0259t \u0130dar\u0259\u00e7ilik Akademiyas\u0131nda (D\u0130A) 2016-2017-ci t\u0259dris ilinin m\u0259zunlar\u0131 il\u0259 g\u00f6r\u00fc\u015f olub. T\u0259dbird\u0259 D\u0130A-n\u0131n rektoru, akademik Urxan \u018fl\u0259kb\u0259rov \u00fcmummilli lider Heyd\u0259r \u018fliyevin t\u0259hsil\u0259 daim x\u00fcsusi \u00f6n\u0259m verdiyini, dahi r\u0259hb\u0259rin ideyalar\u0131n\u0131n Az\u0259rbaycan Prezidenti \u0130lham \u018fliyev t\u0259r\u0259find\u0259n u\u011furla h\u0259yata ke\u00e7irildiyini [&hellip;]<\/p>","protected":false},"author":2,"featured_media":12259,"comment_status":"closed","ping_status":"closed","sticky":false,"template":"","format":"standard","meta":[],"categories":[137],"tags":[],"_links":{"self":[{"href":"https:\/\/legacy.dia.edu.az\/en\/wp-json\/wp\/v2\/posts\/12257"}],"collection":[{"href":"https:\/\/legacy.dia.edu.az\/en\/wp-json\/wp\/v2\/posts"}],"about":[{"href":"https:\/\/legacy.dia.edu.az\/en\/wp-json\/wp\/v2\/types\/post"}],"author":[{"embeddable":true,"href":"https:\/\/legacy.dia.edu.az\/en\/wp-json\/wp\/v2\/users\/2"}],"replies":[{"embeddable":true,"href":"https:\/\/legacy.dia.edu.az\/en\/wp-json\/wp\/v2\/comments?post=12257"}],"version-history":[{"count":0,"href":"https:\/\/legacy.dia.edu.az\/en\/wp-json\/wp\/v2\/posts\/12257\/revisions"}],"wp:featuredmedia":[{"embeddable":true,"href":"https:\/\/legacy.dia.edu.az\/en\/wp-json\/wp\/v2\/media\/12259"}],"wp:attachment":[{"href":"https:\/\/legacy.dia.edu.az\/en\/wp-json\/wp\/v2\/media?parent=12257"}],"wp:term":[{"taxonomy":"category","embeddable":true,"href":"https:\/\/legacy.dia.edu.az\/en\/wp-json\/wp\/v2\/categories?post=12257"},{"taxonomy":"post_tag","embeddable":true,"href":"https:\/\/legacy.dia.edu.az\/en\/wp-json\/wp\/v2\/tags?post=12257"}],"curies":[{"name":"wp","href":"https:\/\/api.w.org\/{rel}","templated":true}]}}