{"id":12247,"date":"2017-09-15T10:48:00","date_gmt":"2017-09-15T07:48:00","guid":{"rendered":"https:\/\/dia.edu.az\/?p=12247"},"modified":"2021-03-15T10:49:48","modified_gmt":"2021-03-15T07:49:48","slug":"dovl%c9%99t-idar%c9%99cilik-akademiyasinda-bilik-gunu-qeyd-edilib","status":"publish","type":"post","link":"https:\/\/legacy.dia.edu.az\/en\/arxivl\u0259r\/12247","title":{"rendered":"D\u00f6vl\u0259t \u0130dar\u0259\u00e7ilik Akademiyas\u0131nda Bilik G\u00fcn\u00fc qeyd edilib"},"content":{"rendered":"<p><\/p>\n\n\n\n<p><strong>D\u00f6vl\u0259t \u0130dar\u0259\u00e7ilik Akademiyas\u0131nda Bilik G\u00fcn\u00fc qeyd edilib<\/strong><br><em>Sen 15 , 2017 &#8211; 05:13<\/em><\/p>\n\n\n\n<p>15 sentyabr 2016-c\u0131 ild\u0259 Az\u0259rbaycan Respublikas\u0131n\u0131n Prezidenti yan\u0131nda D\u00f6vl\u0259t \u0130dar\u0259\u00e7ilik Akademiyas\u0131nda \u00abBilik G\u00fcn\u00fc&nbsp;\u00bb m\u00fcnasib\u0259til\u0259 t\u0259dbir ke\u00e7irilib. Rektor, akademik Urxan \u018fl\u0259kb\u0259rov professor-m\u00fc\u0259llim, t\u0259l\u0259b\u0259 v\u0259 magistrl\u0259ri yeni t\u0259dris ili m\u00fcnasib\u0259ti il\u0259 t\u0259brik edib,&nbsp; onlara yeni&nbsp; u\u011furlar arzulay\u0131b.&nbsp;O, m\u00fcst\u0259qil d\u00f6vl\u0259timizin qurucusu Ulu \u00d6nd\u0259r Heyd\u0259r \u018fliyevin elm v\u0259 t\u0259hsilin inki\u015faf\u0131na daim b\u00f6y\u00fck \u00f6n\u0259m verdiyini, \u00dcmummilli Liderin siyas\u0259tini u\u011furla davam etdir\u0259n \u00f6lk\u0259 ba\u015f\u00e7\u0131s\u0131 Prezident \u0130lham \u018fliyevin elm v\u0259 t\u0259hsill\u0259 ba\u011fl\u0131 imzalad\u0131\u011f\u0131 bir \u00e7ox s\u0259n\u0259dl\u0259rin \u0259h\u0259miyy\u0259tini diqq\u0259t\u0259 \u00e7atd\u0131r\u0131b. Qeyd edib ki, m\u00fcasir d\u00f6vrd\u0259 \u00f6lk\u0259nin g\u00fcc\u00fc onun t\u0259bii s\u0259rv\u0259tl\u0259ri il\u0259 yana\u015f\u0131,&nbsp; insan potensial\u0131 il\u0259 d\u0259 m\u00fc\u0259yy\u0259n edilir. X\u00fcsusil\u0259 d\u0259 d\u00f6vl\u0259t idar\u0259\u00e7iliyi \u00fc\u00e7\u00fcn milli kadr potensial\u0131n\u0131n formala\u015fd\u0131r\u0131lmas\u0131n\u0131n m\u00fcasir d\u00f6vl\u0259t quruculu\u011fu prosesinin t\u0259rkib hiss\u0259si oldu\u011funu bildir\u0259n U.\u018fl\u0259kb\u0259rov respublikam\u0131zda d\u00f6vl\u0259t qullu\u011funun t\u0259kmill\u0259\u015fdirilm\u0259si prosesinin u\u011furlu n\u0259tic\u0259l\u0259rind\u0259n dan\u0131\u015f\u0131b. Akademik XXI \u0259srin prioriteti olan davaml\u0131 inki\u015faf\u0131n idar\u0259 olunmas\u0131 sah\u0259sind\u0259 Az\u0259rbaycan\u0131n qazand\u0131\u011f\u0131 nailiyy\u0259tl\u0259rd\u0259n s\u00f6z a\u00e7araq bunun k\u00f6k\u00fcnd\u0259 Prezident \u0130lham \u018fliyevin t\u0259tbiq etdiyi innovativ idar\u0259\u00e7ilik texnologiyalar\u0131n\u0131n durdu\u011funu qeyd edib. &nbsp;Natiq bildirib ki, bu fakt n\u00fcfuzlu beyn\u0259lxalq t\u0259\u015fkilatlar t\u0259r\u0259find\u0259n d\u0259 t\u0259sdiql\u0259nib v\u0259 d\u00f6vl\u0259t qullu\u011fu \u00fc\u00e7\u00fcn kadr potensial\u0131n\u0131n g\u00fccl\u0259ndirilm\u0259si \u00f6lk\u0259d\u0259 inki\u015faf\u0131n planla\u015fd\u0131r\u0131lmas\u0131 v\u0259 idar\u0259 edilm\u0259si prosesl\u0259rini daha da s\u00fcr\u0259tl\u0259ndir\u0259c\u0259kdir. Rektor 2017\/2018-ci t\u0259dris ilind\u0259 D\u00f6vl\u0259t \u0130dar\u0259\u00e7ilik Akademiyas\u0131n\u0131n t\u0259l\u0259b\u0259si ad\u0131n\u0131 qazananlar\u0131n \u0259ks\u0259riyy\u0259tinin y\u00fcks\u0259k bal toplayanlar olmas\u0131n\u0131, \u00f6lk\u0259 \u00fczr\u0259 y\u00fcks\u0259k n\u0259tic\u0259l\u0259r g\u00f6st\u0259r\u0259n g\u0259ncl\u0259rin 333 n\u0259f\u0259rinin m\u0259hz Akademiyan\u0131 se\u00e7m\u0259sini d\u0259 bu bax\u0131mdan \u00f6n\u0259mli fakt kimi d\u0259y\u0259rl\u0259ndirib. O, bununla yana\u015f\u0131 Az\u0259rbaycan Respublikas\u0131n\u0131n Prezidenti \u0130lham \u018fliyevin D\u0130A-n\u0131 d\u00f6vl\u0259t idar\u0259\u00e7iliyi v\u0259 icra hakimiyy\u0259ti orqanlar\u0131 \u00fc\u00e7\u00fcn m\u00fcvafiq ixtisaslar \u00fczr\u0259 m\u00fct\u0259x\u0259ssis haz\u0131rl\u0131\u011f\u0131n\u0131 h\u0259yata ke\u00e7ir\u0259n&nbsp; apar\u0131c\u0131 t\u0259dris, metodik, elm v\u0259 analitik informasiya m\u0259rk\u0259zi kimi m\u00fc\u0259yy\u0259nl\u0259\u015fdir\u0259n F\u0259rmanlar\u0131na \u0259sas\u0259n Az\u0259rbaycan Respublikas\u0131 Prezidenti Administrasiyas\u0131, Nazirl\u0259r Kabineti, Milli M\u0259clis, Nax\u00e7\u0131van Muxtar Respublikas\u0131, m\u0259rk\u0259zi icra hakimiyy\u0259ti orqanlar\u0131, m\u00fcxt\u0259lif nazirlikl\u0259r, \u015f\u0259h\u0259r v\u0259 rayon icra hakimiyy\u0259tl\u0259ri v\u0259 dig\u0259r d\u00f6vl\u0259t orqanlar\u0131nda \u00e7al\u0131\u015fan 75 n\u0259f\u0259r r\u0259hb\u0259r kadr\u0131n D\u00f6vl\u0259t \u0130dar\u0259\u00e7ilik Akademiyas\u0131nda magistr t\u0259hsili alma\u011fa ba\u015flamas\u0131 fakt\u0131n\u0131 diqq\u0259t\u0259 \u00e7atd\u0131r\u0131b v\u0259 bunula ba\u011fl\u0131 kollektivin \u00fcz\u0259rin\u0259 d\u00fc\u015f\u0259n m\u0259suliyy\u0259tli g\u00f6zl\u0259ntinin oldu\u011funu vur\u011fulay\u0131b.<\/p>\n\n\n\n<p>\u00a0\u00a0\u00a0\u00a0 Daha sonra Siyasi idar\u0259etm\u0259 fak\u00fclt\u0259sinin dekan\u0131 professor Zaur Ba\u011f\u0131rov, \u0130nzibati idar\u0259etm\u0259 fak\u00fclt\u0259sinin dekan\u0131 professor \u00c7ingiz \u0130smay\u0131lov v\u0259 dig\u0259r \u00e7\u0131x\u0131\u015f ed\u0259nl\u0259r t\u0259l\u0259b\u0259l\u0259r t\u0259brikl\u0259rini \u00e7atd\u0131r\u0131b, g\u0259l\u0259c\u0259kd\u0259 \u00f6lk\u0259d\u0259 u\u011furlu nailiyy\u0259tl\u0259rin \u0259ld\u0259 edilm\u0259sind\u0259 D\u00f6vl\u0259at \u0130dar\u0259\u00e7ilik Akademiyas\u0131n\u0131n m\u0259zunlar\u0131n\u0131n imzas\u0131n\u0131n daha da \u00e7ox olaca\u011f\u0131na inam ifad\u0259 edibl\u0259r<\/p>\n\n\n\n<p><\/p>\n\n\n\n<figure class=\"wp-container-2 wp-block-gallery-1 wp-block-gallery columns-2 is-cropped\"><ul class=\"blocks-gallery-grid\"><li class=\"blocks-gallery-item\"><figure><img width=\"640\" height=\"465\" src=\"https:\/\/dia.edu.az\/wp-content\/uploads\/2021\/03\/111.jpg\" alt=\"\" data-id=\"12248\" data-full-url=\"https:\/\/dia.edu.az\/wp-content\/uploads\/2021\/03\/111.jpg\" data-link=\"https:\/\/dia.edu.az\/?attachment_id=12248\" class=\"wp-image-12248\" srcset=\"https:\/\/legacy.dia.edu.az\/wp-content\/uploads\/2021\/03\/111.jpg 640w, https:\/\/legacy.dia.edu.az\/wp-content\/uploads\/2021\/03\/111-300x218.jpg 300w, https:\/\/legacy.dia.edu.az\/wp-content\/uploads\/2021\/03\/111-16x12.jpg 16w, https:\/\/legacy.dia.edu.az\/wp-content\/uploads\/2021\/03\/111-300x218@2x.jpg 600w\" sizes=\"(max-width: 640px) 100vw, 640px\" \/><\/figure><\/li><li class=\"blocks-gallery-item\"><figure><img width=\"640\" height=\"433\" src=\"https:\/\/dia.edu.az\/wp-content\/uploads\/2021\/03\/222.jpg\" alt=\"\" data-id=\"12249\" data-full-url=\"https:\/\/dia.edu.az\/wp-content\/uploads\/2021\/03\/222.jpg\" data-link=\"https:\/\/dia.edu.az\/?attachment_id=12249\" class=\"wp-image-12249\" srcset=\"https:\/\/legacy.dia.edu.az\/wp-content\/uploads\/2021\/03\/222.jpg 640w, https:\/\/legacy.dia.edu.az\/wp-content\/uploads\/2021\/03\/222-300x203.jpg 300w, https:\/\/legacy.dia.edu.az\/wp-content\/uploads\/2021\/03\/222-16x12.jpg 16w, https:\/\/legacy.dia.edu.az\/wp-content\/uploads\/2021\/03\/222-150x100.jpg 150w, https:\/\/legacy.dia.edu.az\/wp-content\/uploads\/2021\/03\/222-300x203@2x.jpg 600w\" sizes=\"(max-width: 640px) 100vw, 640px\" \/><\/figure><\/li><\/ul><\/figure>","protected":false},"excerpt":{"rendered":"<p>D\u00f6vl\u0259t \u0130dar\u0259\u00e7ilik Akademiyas\u0131nda Bilik G\u00fcn\u00fc qeyd edilibSen 15 , 2017 &#8211; 05:13 15 sentyabr 2016-c\u0131 ild\u0259 Az\u0259rbaycan Respublikas\u0131n\u0131n Prezidenti yan\u0131nda D\u00f6vl\u0259t \u0130dar\u0259\u00e7ilik Akademiyas\u0131nda \u00abBilik G\u00fcn\u00fc&nbsp;\u00bb m\u00fcnasib\u0259til\u0259 t\u0259dbir ke\u00e7irilib. Rektor, akademik Urxan \u018fl\u0259kb\u0259rov professor-m\u00fc\u0259llim, t\u0259l\u0259b\u0259 v\u0259 magistrl\u0259ri yeni t\u0259dris ili m\u00fcnasib\u0259ti il\u0259 t\u0259brik edib,&nbsp; onlara yeni&nbsp; u\u011furlar arzulay\u0131b.&nbsp;O, m\u00fcst\u0259qil d\u00f6vl\u0259timizin qurucusu Ulu \u00d6nd\u0259r Heyd\u0259r \u018fliyevin elm [&hellip;]<\/p>","protected":false},"author":2,"featured_media":12249,"comment_status":"closed","ping_status":"closed","sticky":false,"template":"","format":"standard","meta":[],"categories":[137],"tags":[],"_links":{"self":[{"href":"https:\/\/legacy.dia.edu.az\/en\/wp-json\/wp\/v2\/posts\/12247"}],"collection":[{"href":"https:\/\/legacy.dia.edu.az\/en\/wp-json\/wp\/v2\/posts"}],"about":[{"href":"https:\/\/legacy.dia.edu.az\/en\/wp-json\/wp\/v2\/types\/post"}],"author":[{"embeddable":true,"href":"https:\/\/legacy.dia.edu.az\/en\/wp-json\/wp\/v2\/users\/2"}],"replies":[{"embeddable":true,"href":"https:\/\/legacy.dia.edu.az\/en\/wp-json\/wp\/v2\/comments?post=12247"}],"version-history":[{"count":0,"href":"https:\/\/legacy.dia.edu.az\/en\/wp-json\/wp\/v2\/posts\/12247\/revisions"}],"wp:featuredmedia":[{"embeddable":true,"href":"https:\/\/legacy.dia.edu.az\/en\/wp-json\/wp\/v2\/media\/12249"}],"wp:attachment":[{"href":"https:\/\/legacy.dia.edu.az\/en\/wp-json\/wp\/v2\/media?parent=12247"}],"wp:term":[{"taxonomy":"category","embeddable":true,"href":"https:\/\/legacy.dia.edu.az\/en\/wp-json\/wp\/v2\/categories?post=12247"},{"taxonomy":"post_tag","embeddable":true,"href":"https:\/\/legacy.dia.edu.az\/en\/wp-json\/wp\/v2\/tags?post=12247"}],"curies":[{"name":"wp","href":"https:\/\/api.w.org\/{rel}","templated":true}]}}