{"id":12242,"date":"2017-09-19T10:45:00","date_gmt":"2017-09-19T07:45:00","guid":{"rendered":"https:\/\/dia.edu.az\/?p=12242"},"modified":"2021-03-15T10:48:12","modified_gmt":"2021-03-15T07:48:12","slug":"dia-da-az%c9%99rbaycan-respublikasinin-dovl%c9%99t-idar%c9%99etm%c9%99-modelin%c9%99-h%c9%99sr-olunmus-muhazir%c9%99-dinl%c9%99nilib","status":"publish","type":"post","link":"https:\/\/legacy.dia.edu.az\/en\/arxivl\u0259r\/12242","title":{"rendered":"D\u0130A-da Az\u0259rbaycan Respublikas\u0131n\u0131n d\u00f6vl\u0259t idar\u0259etm\u0259 modelin\u0259 h\u0259sr olunmu\u015f m\u00fchazir\u0259 dinl\u0259nilib"},"content":{"rendered":"<p><\/p>\n\n\n\n<p><strong>D\u0130A-da Az\u0259rbaycan Respublikas\u0131n\u0131n d\u00f6vl\u0259t idar\u0259etm\u0259 modelin\u0259 h\u0259sr olunmu\u015f m\u00fchazir\u0259 dinl\u0259nilib<\/strong><br><em>Sen 19 , 2017 &#8211; 04:23<\/em><\/p>\n\n\n\n<p>Sentyabr\u0131n 19-da Az\u0259rbaycan Respublikas\u0131n\u0131n Prezidenti yan\u0131nda D\u00f6vl\u0259t \u0130dar\u0259\u00e7ilik Akademiyas\u0131 (D\u0130A) v\u0259 Heyd\u0259r \u018fliyev M\u0259rk\u0259zinin birg\u0259 \u0259m\u0259kda\u015fl\u0131\u011f\u0131 il\u0259 f\u0259aliyy\u0259t g\u00f6st\u0259r\u0259n \u201cHeyd\u0259r \u018fliyev D\u00f6vl\u0259t \u0130dar\u0259\u00e7iliyi M\u0259kt\u0259bi\u201dnd\u0259 D\u0130A-ya 2017- 2018-ci t\u0259dris ilind\u0259 q\u0259bul olunmu\u015f birinci kurs t\u0259l\u0259b\u0259l\u0259ri ilk m\u00fchazir\u0259ni dinl\u0259yibl\u0259r.<\/p>\n\n\n\n<p>T\u0259dbird\u0259 D\u0130A-n\u0131n rektoru, akademik Urxan \u018fl\u0259kb\u0259rov \u201cAz\u0259rbaycan Respublikas\u0131n\u0131n d\u00f6vl\u0259t idar\u0259etm\u0259 modeli: \u00f6lk\u0259nin nailiyy\u0259tl\u0259ri beyn\u0259lxalq t\u0259\u015fkilatlar\u0131n hesabatlar\u0131nda\u201d m\u00f6vzusunda m\u00fchazir\u0259 s\u00f6yl\u0259yib.<\/p>\n\n\n\n<p>M\u00fcasir m\u00fcst\u0259qil d\u00f6vl\u0259timizin memar\u0131 v\u0259 qurucusu, \u00fcmummilli lider Heyd\u0259r \u018fliyevin m\u00fcst\u0259sna tarixi xidm\u0259tl\u0259rind\u0259n, siyas\u0259tinin, z\u0259ngin d\u00f6vl\u0259t\u00e7ilik t\u0259cr\u00fcb\u0259sinin \u0259h\u0259miyy\u0259tind\u0259n dan\u0131\u015fan rektor Ulu \u00d6nd\u0259rin ideyalar\u0131n\u0131n Prezident \u0130lham \u018fliyev t\u0259r\u0259find\u0259n q\u0259tiyy\u0259tl\u0259 h\u0259yata ke\u00e7irildiyini bildirib. Akademik U.\u018fl\u0259kb\u0259rov bu g\u00fcn \u0259ld\u0259 edil\u0259n nailiyy\u0259tl\u0259rin \u0259sas\u0131nda d\u00f6vl\u0259timizin ba\u015f\u00e7\u0131s\u0131n\u0131n h\u0259yata ke\u00e7irdiyi innovativ inki\u015faf strategiyas\u0131n\u0131n dayand\u0131\u011f\u0131n\u0131 diqq\u0259t\u0259 \u00e7atd\u0131r\u0131b. O, \u00f6lk\u0259nin innovativ inki\u015faf strategiyas\u0131n\u0131n realla\u015fd\u0131r\u0131lmas\u0131nda Az\u0259rbaycan Respublikas\u0131n\u0131n Birinci vitse-prezidenti Mehriban xan\u0131m \u018fliyevan\u0131n x\u00fcsusi rolunu vur\u011fulay\u0131b.<\/p>\n\n\n\n<p>Rektor ulu \u00f6nd\u0259r Heyd\u0259r \u018fliyevin m\u00fcvafiq S\u0259r\u0259ncam\u0131 il\u0259 Az\u0259rbaycan Respublikas\u0131n\u0131n Prezidenti yan\u0131nda D\u00f6vl\u0259t \u0130dar\u0259\u00e7ilik Akademiyas\u0131n\u0131n yarad\u0131lmas\u0131n\u0131n m\u0259qs\u0259dinin d\u00f6vl\u0259t idar\u0259etm\u0259 sah\u0259si \u00fc\u00e7\u00fcn m\u00fct\u0259x\u0259ssisl\u0259r haz\u0131rlanmas\u0131 i\u015finin m\u00fcasir t\u0259l\u0259bl\u0259r\u0259 uy\u011fun qurulmas\u0131, onlar\u0131n pe\u015f\u0259karl\u0131q s\u0259viyy\u0259sinin art\u0131r\u0131lmas\u0131, d\u00f6vl\u0259t idar\u0259\u00e7iliyi sah\u0259sind\u0259 elmi-t\u0259dqiqatlar\u0131n t\u0259\u015fkili v\u0259 h\u0259min sah\u0259nin analitik-informasiya t\u0259minat\u0131n\u0131n m\u00f6hk\u0259ml\u0259ndirilm\u0259si oldu\u011funu bildirib.<\/p>\n\n\n\n<p>Az\u0259rbaycanda qazan\u0131lan nailiyy\u0259tl\u0259rd\u0259n b\u0259hs ed\u0259n U.\u018fl\u0259kb\u0259rov \u00f6lk\u0259 iqtisadiyyat\u0131n\u0131n s\u00fcr\u0259tli inki\u015faf\u0131 istiqam\u0259tind\u0259 apar\u0131lan u\u011furlu siyas\u0259tin \u0259sas h\u0259d\u0259fl\u0259rini, el\u0259c\u0259 d\u0259 davaml\u0131 inki\u015fafa t\u0259sir g\u00f6st\u0259r\u0259n amill\u0259ri m\u00fcqayis\u0259li t\u0259hlil edib. Akademik Az\u0259rbaycan\u0131n bir \u00e7ox istiqam\u0259tl\u0259rd\u0259 regional v\u0259 qlobal lider\u0259 \u00e7evrildiyini qeyd edib, respublikam\u0131z\u0131n inki\u015faf g\u00f6st\u0259ricil\u0259rinin beyn\u0259lxalq t\u0259\u015fkilatlar\u0131n, o c\u00fcml\u0259d\u0259n BMT, UNESCO, D\u00fcnya Bank\u0131n\u0131n r\u0259smi s\u0259n\u0259dl\u0259rind\u0259, m\u00fcst\u0259qil ekspertl\u0259r t\u0259r\u0259find\u0259n haz\u0131rlanm\u0131\u015f hesabatlarda t\u0259sdiqini tapd\u0131\u011f\u0131n\u0131 diqq\u0259t\u0259 \u00e7atd\u0131r\u0131b. Rektor qeyd edib ki, 2017-ci ilin mart\u0131nda BMT-nin v\u0259 2017-ci ilin may\u0131nda D\u00fcnya Bank\u0131n\u0131n d\u0259rc etdirdiyi hesabatlarda \u0259ksini tapan innovativ insan potensial\u0131na \u0259saslanan davaml\u0131 inki\u015faf g\u00f6st\u0259ricil\u0259rin\u0259 g\u00f6r\u0259 Az\u0259rbaycan haz\u0131rda d\u00fcnya liderl\u0259ri s\u0131ras\u0131ndad\u0131r. Eyni zamanda, sosial g\u00f6st\u0259ricil\u0259rd\u0259n s\u00f6z a\u00e7an akademik beyn\u0259lxalq t\u0259\u015fkilatlar\u0131n hesabatlar\u0131na \u0259saslanaraq, Az\u0259rbaycan\u0131n bu bax\u0131mdan da s\u00fcr\u0259tl\u0259 inki\u015faf etdiyini v\u0259 bir s\u0131ra inki\u015faf etmi\u015f d\u00f6vl\u0259tl\u0259ri gerid\u0259 qoydu\u011funu bildirib.<\/p>\n\n\n\n<p>\u00d6lk\u0259nin davaml\u0131 inki\u015faf\u0131n\u0131n \u0259sas amilinin insan potensial\u0131 oldu\u011funu vur\u011fulayan akademik U.\u018fl\u0259kb\u0259rov qeyd edib ki, davaml\u0131 inki\u015faf d\u00fcnyan\u0131n \u0259n b\u00f6y\u00fck prioriteti oldu\u011fu \u00fc\u00e7\u00fcn BMT-nin 2015-ci ild\u0259 ke\u00e7irilmi\u015f yubiley sessiyas\u0131 v\u0259 dig\u0259r m\u00fch\u00fcm beyn\u0259lxalq sammitl\u0259r d\u0259 bu m\u00f6vzuya h\u0259sr olunub. 2015-2030-cu ill\u0259r \u00fc\u00e7\u00fcn q\u0259bul edilmi\u015f m\u0259qs\u0259dl\u0259r \u201cDavaml\u0131 inki\u015faf h\u0259d\u0259fl\u0259ri\u201d kimi tarix\u0259 d\u00fc\u015f\u00fcb. Az\u0259rbaycan h\u0259min t\u0259dbirl\u0259rd\u0259n \u00e7ox \u0259vv\u0259l davaml\u0131 inki\u015faf\u0131 d\u00f6vl\u0259t strategiyas\u0131n\u0131n prioritet istiqam\u0259ti kimi q\u0259bul edib. Respublikam\u0131z\u0131n \u201cB\u00f6y\u00fck yeddilik\u201d \u00f6lk\u0259l\u0259ri il\u0259 m\u00fcqayis\u0259d\u0259 n\u0259z\u0259r\u0259\u00e7arpan inki\u015faf g\u00f6st\u0259ricil\u0259rini diqq\u0259t\u0259 \u00e7atd\u0131ran akademik bildirib ki, bu m\u00fch\u00fcm iqtisadi nailiyy\u0259tl\u0259r Erm\u0259nistan-Az\u0259rbaycan, Da\u011fl\u0131q Qaraba\u011f m\u00fcnaqi\u015f\u0259sinin davam etdiyi v\u0259 torpaqlar\u0131m\u0131z\u0131n 20 faizinin d\u00fc\u015fm\u0259nin i\u015f\u011fal\u0131 alt\u0131nda oldu\u011fu haz\u0131rk\u0131 d\u00f6vrd\u0259 qazan\u0131l\u0131b. \u00d6lk\u0259mizin bu probleml\u0259ri olmasayd\u0131, qazan\u0131lan u\u011furlar\u0131n miqyas\u0131 daha b\u00f6y\u00fck olard\u0131.<\/p>\n\n\n\n<p>Sonra akademik U.\u018fl\u0259kb\u0259rov t\u0259l\u0259b\u0259l\u0259rin suallar\u0131n\u0131 cavabland\u0131r\u0131b.<\/p>\n\n\n\n<p><\/p>\n\n\n\n<figure class=\"wp-container-2 wp-block-gallery-1 wp-block-gallery columns-3 is-cropped\"><ul class=\"blocks-gallery-grid\"><li class=\"blocks-gallery-item\"><figure><img width=\"640\" height=\"407\" src=\"https:\/\/dia.edu.az\/wp-content\/uploads\/2021\/03\/19.09.jpg\" alt=\"\" data-id=\"12243\" data-full-url=\"https:\/\/dia.edu.az\/wp-content\/uploads\/2021\/03\/19.09.jpg\" data-link=\"https:\/\/dia.edu.az\/?attachment_id=12243\" class=\"wp-image-12243\" srcset=\"https:\/\/legacy.dia.edu.az\/wp-content\/uploads\/2021\/03\/19.09.jpg 640w, https:\/\/legacy.dia.edu.az\/wp-content\/uploads\/2021\/03\/19.09-300x191.jpg 300w, https:\/\/legacy.dia.edu.az\/wp-content\/uploads\/2021\/03\/19.09-16x10.jpg 16w, https:\/\/legacy.dia.edu.az\/wp-content\/uploads\/2021\/03\/19.09-410x260.jpg 410w, https:\/\/legacy.dia.edu.az\/wp-content\/uploads\/2021\/03\/19.09-300x191@2x.jpg 600w\" sizes=\"(max-width: 640px) 100vw, 640px\" \/><\/figure><\/li><li class=\"blocks-gallery-item\"><figure><img width=\"640\" height=\"424\" src=\"https:\/\/dia.edu.az\/wp-content\/uploads\/2021\/03\/25.09.17.jpg\" alt=\"\" data-id=\"12244\" data-full-url=\"https:\/\/dia.edu.az\/wp-content\/uploads\/2021\/03\/25.09.17.jpg\" data-link=\"https:\/\/dia.edu.az\/?attachment_id=12244\" class=\"wp-image-12244\" srcset=\"https:\/\/legacy.dia.edu.az\/wp-content\/uploads\/2021\/03\/25.09.17.jpg 640w, https:\/\/legacy.dia.edu.az\/wp-content\/uploads\/2021\/03\/25.09.17-300x199.jpg 300w, https:\/\/legacy.dia.edu.az\/wp-content\/uploads\/2021\/03\/25.09.17-16x12.jpg 16w, https:\/\/legacy.dia.edu.az\/wp-content\/uploads\/2021\/03\/25.09.17-150x100.jpg 150w, https:\/\/legacy.dia.edu.az\/wp-content\/uploads\/2021\/03\/25.09.17-300x199@2x.jpg 600w\" sizes=\"(max-width: 640px) 100vw, 640px\" \/><\/figure><\/li><li class=\"blocks-gallery-item\"><figure><img width=\"640\" height=\"424\" src=\"https:\/\/dia.edu.az\/wp-content\/uploads\/2021\/03\/25.09.jpg\" alt=\"\" data-id=\"12245\" data-full-url=\"https:\/\/dia.edu.az\/wp-content\/uploads\/2021\/03\/25.09.jpg\" data-link=\"https:\/\/dia.edu.az\/?attachment_id=12245\" class=\"wp-image-12245\" srcset=\"https:\/\/legacy.dia.edu.az\/wp-content\/uploads\/2021\/03\/25.09.jpg 640w, https:\/\/legacy.dia.edu.az\/wp-content\/uploads\/2021\/03\/25.09-300x199.jpg 300w, https:\/\/legacy.dia.edu.az\/wp-content\/uploads\/2021\/03\/25.09-16x12.jpg 16w, https:\/\/legacy.dia.edu.az\/wp-content\/uploads\/2021\/03\/25.09-150x100.jpg 150w, https:\/\/legacy.dia.edu.az\/wp-content\/uploads\/2021\/03\/25.09-300x199@2x.jpg 600w\" sizes=\"(max-width: 640px) 100vw, 640px\" \/><\/figure><\/li><\/ul><\/figure>","protected":false},"excerpt":{"rendered":"<p>D\u0130A-da Az\u0259rbaycan Respublikas\u0131n\u0131n d\u00f6vl\u0259t idar\u0259etm\u0259 modelin\u0259 h\u0259sr olunmu\u015f m\u00fchazir\u0259 dinl\u0259nilibSen 19 , 2017 &#8211; 04:23 Sentyabr\u0131n 19-da Az\u0259rbaycan Respublikas\u0131n\u0131n Prezidenti yan\u0131nda D\u00f6vl\u0259t \u0130dar\u0259\u00e7ilik Akademiyas\u0131 (D\u0130A) v\u0259 Heyd\u0259r \u018fliyev M\u0259rk\u0259zinin birg\u0259 \u0259m\u0259kda\u015fl\u0131\u011f\u0131 il\u0259 f\u0259aliyy\u0259t g\u00f6st\u0259r\u0259n \u201cHeyd\u0259r \u018fliyev D\u00f6vl\u0259t \u0130dar\u0259\u00e7iliyi M\u0259kt\u0259bi\u201dnd\u0259 D\u0130A-ya 2017- 2018-ci t\u0259dris ilind\u0259 q\u0259bul olunmu\u015f birinci kurs t\u0259l\u0259b\u0259l\u0259ri ilk m\u00fchazir\u0259ni dinl\u0259yibl\u0259r. T\u0259dbird\u0259 D\u0130A-n\u0131n rektoru, [&hellip;]<\/p>","protected":false},"author":2,"featured_media":12245,"comment_status":"closed","ping_status":"closed","sticky":false,"template":"","format":"standard","meta":[],"categories":[137],"tags":[],"_links":{"self":[{"href":"https:\/\/legacy.dia.edu.az\/en\/wp-json\/wp\/v2\/posts\/12242"}],"collection":[{"href":"https:\/\/legacy.dia.edu.az\/en\/wp-json\/wp\/v2\/posts"}],"about":[{"href":"https:\/\/legacy.dia.edu.az\/en\/wp-json\/wp\/v2\/types\/post"}],"author":[{"embeddable":true,"href":"https:\/\/legacy.dia.edu.az\/en\/wp-json\/wp\/v2\/users\/2"}],"replies":[{"embeddable":true,"href":"https:\/\/legacy.dia.edu.az\/en\/wp-json\/wp\/v2\/comments?post=12242"}],"version-history":[{"count":0,"href":"https:\/\/legacy.dia.edu.az\/en\/wp-json\/wp\/v2\/posts\/12242\/revisions"}],"wp:featuredmedia":[{"embeddable":true,"href":"https:\/\/legacy.dia.edu.az\/en\/wp-json\/wp\/v2\/media\/12245"}],"wp:attachment":[{"href":"https:\/\/legacy.dia.edu.az\/en\/wp-json\/wp\/v2\/media?parent=12242"}],"wp:term":[{"taxonomy":"category","embeddable":true,"href":"https:\/\/legacy.dia.edu.az\/en\/wp-json\/wp\/v2\/categories?post=12242"},{"taxonomy":"post_tag","embeddable":true,"href":"https:\/\/legacy.dia.edu.az\/en\/wp-json\/wp\/v2\/tags?post=12242"}],"curies":[{"name":"wp","href":"https:\/\/api.w.org\/{rel}","templated":true}]}}