{"id":12210,"date":"2017-10-13T10:31:00","date_gmt":"2017-10-13T07:31:00","guid":{"rendered":"https:\/\/dia.edu.az\/?p=12210"},"modified":"2021-03-15T10:32:41","modified_gmt":"2021-03-15T07:32:41","slug":"elmi-praktik-konfransin-materiallari-cap-olunub","status":"publish","type":"post","link":"https:\/\/legacy.dia.edu.az\/en\/arxivl\u0259r\/12210","title":{"rendered":"Elmi-praktik konfrans\u0131n materiallar\u0131 \u00e7ap olunub"},"content":{"rendered":"<p><strong>Elmi-praktik konfrans\u0131n materiallar\u0131 \u00e7ap olunub<\/strong><br><em>Okt 13 , 2017 &#8211; 04:59<\/em><\/p>\n\n\n\n<p>Az\u0259rbaycan Respublikas\u0131n\u0131n Prezidenti yan\u0131nda D\u00f6vl\u0259t \u0130dar\u0259\u00e7ilik Akademiyas\u0131nda doktorant v\u0259 dissertantlar\u0131n \u00dcmummilli Lider Heyd\u0259r \u018fliyevin 94-c\u00fc ild\u00f6n\u00fcm\u00fcn\u0259 h\u0259sr edilmi\u015f\u201cHeyd\u0259r \u018fliyev irsi v\u0259 Az\u0259rbaycan Respublikas\u0131n\u0131n innovativ d\u00f6vl\u0259t idar\u0259\u00e7iliyi islahatlar\u0131\u201d m\u00f6vzusunda elmi-praktik konfrans\u0131n materiallar\u0131 \u00e7ap olunub. \u00a0D\u0130A-n\u0131n \u201cElmi-t\u0259\u015fkilat\u201d \u015f\u00f6b\u0259sinin t\u0259\u015fkilat\u00e7\u0131ll\u0131\u011f\u0131 il\u0259 ke\u00e7iril\u0259n elmi-praktik konfrans\u0131n materiallar\u0131 30 m\u0259ruz\u0259ni \u0259hat\u0259 edir.<\/p>\n\n\n\n<p><\/p>\n\n\n\n<figure class=\"wp-container-2 wp-block-gallery-1 wp-block-gallery columns-1 is-cropped\"><ul class=\"blocks-gallery-grid\"><li class=\"blocks-gallery-item\"><figure><img width=\"444\" height=\"640\" src=\"https:\/\/dia.edu.az\/wp-content\/uploads\/2021\/03\/12.10-1.jpg\" alt=\"\" data-id=\"12212\" data-full-url=\"https:\/\/dia.edu.az\/wp-content\/uploads\/2021\/03\/12.10-1.jpg\" data-link=\"https:\/\/dia.edu.az\/?attachment_id=12212\" class=\"wp-image-12212\" srcset=\"https:\/\/legacy.dia.edu.az\/wp-content\/uploads\/2021\/03\/12.10-1.jpg 444w, https:\/\/legacy.dia.edu.az\/wp-content\/uploads\/2021\/03\/12.10-1-208x300.jpg 208w, https:\/\/legacy.dia.edu.az\/wp-content\/uploads\/2021\/03\/12.10-1-8x12.jpg 8w, https:\/\/legacy.dia.edu.az\/wp-content\/uploads\/2021\/03\/12.10-1-208x300@2x.jpg 416w\" sizes=\"(max-width: 444px) 100vw, 444px\" \/><\/figure><\/li><\/ul><\/figure>","protected":false},"excerpt":{"rendered":"<p>Elmi-praktik konfrans\u0131n materiallar\u0131 \u00e7ap olunubOkt 13 , 2017 &#8211; 04:59 Az\u0259rbaycan Respublikas\u0131n\u0131n Prezidenti yan\u0131nda D\u00f6vl\u0259t \u0130dar\u0259\u00e7ilik Akademiyas\u0131nda doktorant v\u0259 dissertantlar\u0131n \u00dcmummilli Lider Heyd\u0259r \u018fliyevin 94-c\u00fc ild\u00f6n\u00fcm\u00fcn\u0259 h\u0259sr edilmi\u015f\u201cHeyd\u0259r \u018fliyev irsi v\u0259 Az\u0259rbaycan Respublikas\u0131n\u0131n innovativ d\u00f6vl\u0259t idar\u0259\u00e7iliyi islahatlar\u0131\u201d m\u00f6vzusunda elmi-praktik konfrans\u0131n materiallar\u0131 \u00e7ap olunub. \u00a0D\u0130A-n\u0131n \u201cElmi-t\u0259\u015fkilat\u201d \u015f\u00f6b\u0259sinin t\u0259\u015fkilat\u00e7\u0131ll\u0131\u011f\u0131 il\u0259 ke\u00e7iril\u0259n elmi-praktik konfrans\u0131n materiallar\u0131 30 m\u0259ruz\u0259ni \u0259hat\u0259 [&hellip;]<\/p>","protected":false},"author":2,"featured_media":12211,"comment_status":"closed","ping_status":"closed","sticky":false,"template":"","format":"standard","meta":[],"categories":[137],"tags":[],"_links":{"self":[{"href":"https:\/\/legacy.dia.edu.az\/en\/wp-json\/wp\/v2\/posts\/12210"}],"collection":[{"href":"https:\/\/legacy.dia.edu.az\/en\/wp-json\/wp\/v2\/posts"}],"about":[{"href":"https:\/\/legacy.dia.edu.az\/en\/wp-json\/wp\/v2\/types\/post"}],"author":[{"embeddable":true,"href":"https:\/\/legacy.dia.edu.az\/en\/wp-json\/wp\/v2\/users\/2"}],"replies":[{"embeddable":true,"href":"https:\/\/legacy.dia.edu.az\/en\/wp-json\/wp\/v2\/comments?post=12210"}],"version-history":[{"count":0,"href":"https:\/\/legacy.dia.edu.az\/en\/wp-json\/wp\/v2\/posts\/12210\/revisions"}],"wp:featuredmedia":[{"embeddable":true,"href":"https:\/\/legacy.dia.edu.az\/en\/wp-json\/wp\/v2\/media\/12211"}],"wp:attachment":[{"href":"https:\/\/legacy.dia.edu.az\/en\/wp-json\/wp\/v2\/media?parent=12210"}],"wp:term":[{"taxonomy":"category","embeddable":true,"href":"https:\/\/legacy.dia.edu.az\/en\/wp-json\/wp\/v2\/categories?post=12210"},{"taxonomy":"post_tag","embeddable":true,"href":"https:\/\/legacy.dia.edu.az\/en\/wp-json\/wp\/v2\/tags?post=12210"}],"curies":[{"name":"wp","href":"https:\/\/api.w.org\/{rel}","templated":true}]}}