{"id":12207,"date":"2017-10-18T10:29:00","date_gmt":"2017-10-18T07:29:00","guid":{"rendered":"https:\/\/dia.edu.az\/?p=12207"},"modified":"2021-03-15T10:31:28","modified_gmt":"2021-03-15T07:31:28","slug":"az%c9%99rbaycanin-must%c9%99qilliyinin-b%c9%99rpasi-xalqimizin-tarixind%c9%99-boyuk-hadis%c9%99dir","status":"publish","type":"post","link":"https:\/\/legacy.dia.edu.az\/en\/arxivl\u0259r\/12207","title":{"rendered":"Az\u0259rbaycan\u0131n m\u00fcst\u0259qilliyinin b\u0259rpas\u0131 xalq\u0131m\u0131z\u0131n tarixind\u0259 b\u00f6y\u00fck hadis\u0259dir"},"content":{"rendered":"<p><strong>Az\u0259rbaycan\u0131n m\u00fcst\u0259qilliyinin b\u0259rpas\u0131 xalq\u0131m\u0131z\u0131n tarixind\u0259 b\u00f6y\u00fck hadis\u0259dir<\/strong><br><em>Okt 18 , 2017 &#8211; 09:27<\/em><\/p>\n\n\n\n<p>Oktyabr\u0131n 17-d\u0259 Az\u0259rbaycan Respublikas\u0131n\u0131n Prezidenti yan\u0131nda D\u00f6vl\u0259t \u0130dar\u0259\u00e7ilik Akademiyas\u0131 bu ali t\u0259hsil oca\u011f\u0131nda f\u0259aliyy\u0259t g\u00f6st\u0259r\u0259n, Heyd\u0259r \u018fliyev M\u0259rk\u0259zinin d\u0259st\u0259yi il\u0259 yarad\u0131lm\u0131\u015f Heyd\u0259r \u018fliyev D\u00f6vl\u0259t \u0130dar\u0259\u00e7iliyi M\u0259kt\u0259bind\u0259 d\u00f6vl\u0259t m\u00fcst\u0259qilliyimizin b\u0259rpas\u0131n\u0131n iyirmi alt\u0131nc\u0131 ild\u00f6n\u00fcm\u00fcn\u0259 h\u0259sr olunan elmi konfrans t\u0259\u015fkil edib.<\/p>\n\n\n\n<p>Heyd\u0259r \u018fliyev M\u0259rk\u0259zinin n\u00fcmay\u0259nd\u0259l\u0259rinin d\u0259 i\u015ftirak etdikl\u0259ri t\u0259dbird\u0259 D\u0130A-n\u0131n rektoru, akademik Urxan \u018fl\u0259kb\u0259rov m\u00fcasir m\u00fcst\u0259qil d\u00f6vl\u0259timizin qurulmas\u0131nda, m\u00f6hk\u0259ml\u0259nm\u0259sind\u0259 v\u0259 d\u00fcnyada tan\u0131nmas\u0131nda \u00fcmummilli lider Heyd\u0259r \u018fliyevin misilsiz tarixi xidm\u0259tl\u0259rind\u0259n dan\u0131\u015f\u0131b.<\/p>\n\n\n\n<p>1988-1992-ci ill\u0259rd\u0259 Az\u0259rbaycan\u0131n da\u011f\u0131lmaq v\u0259 par\u00e7alanmaq t\u0259hl\u00fck\u0259si il\u0259 \u00fczl\u0259\u015fdiyini xat\u0131rladan rektor 1993-c\u00fc ild\u0259 xalq\u0131n t\u0259kidli t\u0259l\u0259bi il\u0259 \u00fcmummilli lider Heyd\u0259r \u018fliyevin yenid\u0259n hakimiyy\u0259t\u0259 qay\u0131d\u0131\u015f\u0131ndan sonra \u00f6lk\u0259mizin bu t\u0259hl\u00fck\u0259d\u0259n xilas oldu\u011funu, b\u00f6y\u00fck inki\u015faf yoluna \u00e7\u0131xd\u0131\u011f\u0131n\u0131 bildirib.<\/p>\n\n\n\n<p>Diqq\u0259t\u0259 \u00e7atd\u0131r\u0131l\u0131b ki, Az\u0259rbaycan\u0131n dinamik inki\u015faf\u0131n\u0131 t\u0259min ed\u0259n u\u011furlu islahatlar\u0131n h\u0259yata ke\u00e7irilm\u0259si \u00dcmummilli Liderin ad\u0131 v\u0259 f\u0259aliyy\u0259ti il\u0259 ba\u011fl\u0131d\u0131r.<\/p>\n\n\n\n<p>M\u00fcst\u0259qil \u00f6lk\u0259mizd\u0259 qazan\u0131lan nailiyy\u0259tl\u0259rin Heyd\u0259r \u018fliyev siyas\u0259tinin b\u0259hr\u0259si oldu\u011funu vur\u011fulayan akademik U.\u018fl\u0259kb\u0259rov Ulu \u00d6nd\u0259rin ideyalar\u0131n\u0131n Prezident \u0130lham \u018fliyev t\u0259r\u0259find\u0259n q\u0259tiyy\u0259tl\u0259 h\u0259yata ke\u00e7irildiyini s\u00f6yl\u0259yib. Qeyd olunub ki, bu g\u00fcn Az\u0259rbaycan d\u00fcnya \u00f6lk\u0259l\u0259ri aras\u0131nda \u00f6z\u00fcn\u0259 layiqli&nbsp; &nbsp; &nbsp; yer tutub.<\/p>\n\n\n\n<p>Konfransda Milli M\u0259clisin deputat\u0131 Ayd\u0131n Mirz\u0259zad\u0259, D\u0130A-n\u0131n siyasi idar\u0259etm\u0259 fak\u00fclt\u0259sinin dekan\u0131, siyasi elml\u0259r doktoru, professor El\u00e7in \u018fhm\u0259dov, inzibati idar\u0259etm\u0259 fak\u00fclt\u0259sinin dekan\u0131, iqtisad elml\u0259ri doktoru, professor Xatir\u0259 H\u00fcseynova v\u0259 dig\u0259r m\u0259ruz\u0259\u00e7il\u0259r d\u0259 26 il \u0259vv\u0259l Az\u0259rbaycan\u0131n d\u00f6vl\u0259t m\u00fcst\u0259qilliyinin b\u0259rpa edilm\u0259sini xalq\u0131m\u0131z\u0131n tarixind\u0259 b\u00f6y\u00fck hadis\u0259 kimi qiym\u0259tl\u0259ndirib,\u00a0Heyd\u0259r \u018fliyev ideyalar\u0131n\u0131n, z\u0259ngin d\u00f6vl\u0259t\u00e7ilik t\u0259cr\u00fcb\u0259sinin \u0259h\u0259miyy\u0259tind\u0259n dan\u0131\u015f\u0131blar.\u00a0\u00a0<\/p>\n\n\n\n<p><\/p>\n\n\n\n<figure class=\"wp-container-2 wp-block-gallery-1 wp-block-gallery columns-1 is-cropped\"><ul class=\"blocks-gallery-grid\"><li class=\"blocks-gallery-item\"><figure><img width=\"640\" height=\"423\" src=\"https:\/\/dia.edu.az\/wp-content\/uploads\/2021\/03\/18.101508304795.jpg\" alt=\"\" data-id=\"12208\" data-full-url=\"https:\/\/dia.edu.az\/wp-content\/uploads\/2021\/03\/18.101508304795.jpg\" data-link=\"https:\/\/dia.edu.az\/?attachment_id=12208\" class=\"wp-image-12208\" srcset=\"https:\/\/legacy.dia.edu.az\/wp-content\/uploads\/2021\/03\/18.101508304795.jpg 640w, https:\/\/legacy.dia.edu.az\/wp-content\/uploads\/2021\/03\/18.101508304795-300x198.jpg 300w, https:\/\/legacy.dia.edu.az\/wp-content\/uploads\/2021\/03\/18.101508304795-16x12.jpg 16w, https:\/\/legacy.dia.edu.az\/wp-content\/uploads\/2021\/03\/18.101508304795-150x100.jpg 150w, https:\/\/legacy.dia.edu.az\/wp-content\/uploads\/2021\/03\/18.101508304795-300x198@2x.jpg 600w\" sizes=\"(max-width: 640px) 100vw, 640px\" \/><\/figure><\/li><\/ul><\/figure>","protected":false},"excerpt":{"rendered":"<p>Az\u0259rbaycan\u0131n m\u00fcst\u0259qilliyinin b\u0259rpas\u0131 xalq\u0131m\u0131z\u0131n tarixind\u0259 b\u00f6y\u00fck hadis\u0259dirOkt 18 , 2017 &#8211; 09:27 Oktyabr\u0131n 17-d\u0259 Az\u0259rbaycan Respublikas\u0131n\u0131n Prezidenti yan\u0131nda D\u00f6vl\u0259t \u0130dar\u0259\u00e7ilik Akademiyas\u0131 bu ali t\u0259hsil oca\u011f\u0131nda f\u0259aliyy\u0259t g\u00f6st\u0259r\u0259n, Heyd\u0259r \u018fliyev M\u0259rk\u0259zinin d\u0259st\u0259yi il\u0259 yarad\u0131lm\u0131\u015f Heyd\u0259r \u018fliyev D\u00f6vl\u0259t \u0130dar\u0259\u00e7iliyi M\u0259kt\u0259bind\u0259 d\u00f6vl\u0259t m\u00fcst\u0259qilliyimizin b\u0259rpas\u0131n\u0131n iyirmi alt\u0131nc\u0131 ild\u00f6n\u00fcm\u00fcn\u0259 h\u0259sr olunan elmi konfrans t\u0259\u015fkil edib. Heyd\u0259r \u018fliyev M\u0259rk\u0259zinin n\u00fcmay\u0259nd\u0259l\u0259rinin d\u0259 [&hellip;]<\/p>","protected":false},"author":2,"featured_media":12208,"comment_status":"closed","ping_status":"closed","sticky":false,"template":"","format":"standard","meta":[],"categories":[137],"tags":[],"_links":{"self":[{"href":"https:\/\/legacy.dia.edu.az\/en\/wp-json\/wp\/v2\/posts\/12207"}],"collection":[{"href":"https:\/\/legacy.dia.edu.az\/en\/wp-json\/wp\/v2\/posts"}],"about":[{"href":"https:\/\/legacy.dia.edu.az\/en\/wp-json\/wp\/v2\/types\/post"}],"author":[{"embeddable":true,"href":"https:\/\/legacy.dia.edu.az\/en\/wp-json\/wp\/v2\/users\/2"}],"replies":[{"embeddable":true,"href":"https:\/\/legacy.dia.edu.az\/en\/wp-json\/wp\/v2\/comments?post=12207"}],"version-history":[{"count":0,"href":"https:\/\/legacy.dia.edu.az\/en\/wp-json\/wp\/v2\/posts\/12207\/revisions"}],"wp:featuredmedia":[{"embeddable":true,"href":"https:\/\/legacy.dia.edu.az\/en\/wp-json\/wp\/v2\/media\/12208"}],"wp:attachment":[{"href":"https:\/\/legacy.dia.edu.az\/en\/wp-json\/wp\/v2\/media?parent=12207"}],"wp:term":[{"taxonomy":"category","embeddable":true,"href":"https:\/\/legacy.dia.edu.az\/en\/wp-json\/wp\/v2\/categories?post=12207"},{"taxonomy":"post_tag","embeddable":true,"href":"https:\/\/legacy.dia.edu.az\/en\/wp-json\/wp\/v2\/tags?post=12207"}],"curies":[{"name":"wp","href":"https:\/\/api.w.org\/{rel}","templated":true}]}}