{"id":12184,"date":"2017-10-30T10:22:00","date_gmt":"2017-10-30T07:22:00","guid":{"rendered":"https:\/\/dia.edu.az\/?p=12184"},"modified":"2021-03-15T10:23:57","modified_gmt":"2021-03-15T07:23:57","slug":"dovl%c9%99t-idar%c9%99cilik-akademiyasinda-turkiy%c9%99nin-yuks%c9%99k-v%c9%99zif%c9%99li-dovl%c9%99t-qulluqculari-ucun-t%c9%99lim-seminar-kecirilib","status":"publish","type":"post","link":"https:\/\/legacy.dia.edu.az\/en\/arxivl\u0259r\/12184","title":{"rendered":"D\u00f6vl\u0259t \u0130dar\u0259\u00e7ilik Akademiyas\u0131nda Turkiy\u0259nin y\u00fcks\u0259k v\u0259zif\u0259li d\u00f6vl\u0259t qulluq\u00e7ular\u0131 \u00fc\u00e7\u00fcn t\u0259lim-seminar ke\u00e7irilib"},"content":{"rendered":"<p><strong>D\u00f6vl\u0259t \u0130dar\u0259\u00e7ilik Akademiyas\u0131nda Turkiy\u0259nin y\u00fcks\u0259k v\u0259zif\u0259li d\u00f6vl\u0259t qulluq\u00e7ular\u0131 \u00fc\u00e7\u00fcn t\u0259lim-seminar ke\u00e7irilib<\/strong><br><em>Okt 30 , 2017 &#8211; 12:36<\/em><\/p>\n\n\n\n<p>Az\u0259rbaycan Respublikas\u0131n\u0131n Prezidenti yan\u0131nda D\u00f6vl\u0259t \u0130dar\u0259\u00e7ilik Akademiyas\u0131 (D\u0130A) il\u0259 T\u00fcrkiy\u0259 v\u0259 Orta \u015e\u0259rq D\u00f6vl\u0259t \u0130dar\u0259etm\u0259 \u0130nstitutu (TODA\u0130E) aras\u0131nda imzalanm\u0131\u015f Anla\u015fma Protokolu \u00e7\u0259r\u00e7iv\u0259sind\u0259 birg<\/p>\n\n\n\n<p>\u0259 yarad\u0131lan \u201cQafqaz D\u00f6vl\u0259t \u0130dar\u0259\u00e7iliyi Ara\u015fd\u0131rma v\u0259 T\u0259dris M\u0259rk\u0259zi\u201dnd\u0259 Turkiy\u0259nin y\u00fcks\u0259k v\u0259zif\u0259li d\u00f6vl\u0259t qulluq\u00e7ular\u0131 \u00fc\u00e7\u00fcn t\u0259lim-seminar ke\u00e7irilib.<\/p>\n\n\n\n<p>T\u0259lim-seminarda T\u00fcrkiy\u0259nin Nazirl\u0259r Kabineti, M\u00fcdafi\u0259, \u018fdliyy\u0259, Daxili \u0130\u015fl\u0259r, Maliyy\u0259, T\u0259hsil, \u018fm\u0259k v\u0259 sosial m\u00fcdafi\u0259, Me\u015f\u0259 v\u0259 su t\u0259s\u0259rr\u00fcfat\u0131, M\u0259d\u0259niyy\u0259t v\u0259 Turizm, Elm, S\u0259naye v\u0259 Texnologiyalar, K\u0259nd T\u0259s\u0259rr\u00fcfat\u0131, Ail\u0259 v\u0259 sosial siyas\u0259t, \u018ftraf m\u00fchit v\u0259 \u015f\u0259h\u0259rsalma nazirlikl\u0259rinin, Milli T\u0259hl\u00fck\u0259sizlik Qurumu, Hakim v\u0259 prokurorlar qurumu, Radio v\u0259 Televiziya Qurumu, Miqrasiya, M\u0259\u015f\u011fulluq idar\u0259l\u0259ri v\u0259 dig\u0259r m\u0259rk\u0259zi qurumlar\u0131n y\u00fcks\u0259k v\u0259zif\u0259li d\u00f6vl\u0259t qulluq\u00e7ular\u0131ndan ibar\u0259t hey\u0259t i\u015ftirak edib.<\/p>\n\n\n\n<p>Az\u0259rbaycan Respublikas\u0131n\u0131n Prezidenti yan\u0131nda D\u00f6vl\u0259t \u0130dar\u0259\u00e7ilik Akademiyas\u0131n\u0131n rektoru, akademik Urxan \u018fl\u0259kb\u0259rov t\u0259dbiri a\u00e7araq qonaqlar\u0131 salamlad\u0131, t\u0259lim-seminar\u0131n i\u015fin\u0259 u\u011furlar arzulad\u0131. Akademik Urxan \u018fl\u0259kb\u0259rov \u201cDavaml\u0131 inki\u015faf namin\u0259 innovativ id\u0259r\u0259\u00e7ilik texnologiyalar\u0131: Az\u0259rbaycan t\u0259cr\u00fcb\u0259si\u201d m\u00f6vzusunda ilk m\u0259ruz\u0259 il\u0259 \u00e7\u0131x\u0131\u015f edib. Rektor \u00fcmummilli lider, g\u00f6rk\u0259mli siyasi v\u0259 d\u00f6vl\u0259t xadimi Heyd\u0259r \u018fliyevin misilsiz tarixi xidm\u0259tl\u0259rind\u0259n b\u0259hs edib, ulu \u00f6nd\u0259rin siyasi x\u0259ttinin Az\u0259rbaycan Prezidenti \u0130lham \u018fliyev t\u0259r\u0259find\u0259n \u0259zml\u0259 davam etdirildiyini diqq\u0259t\u0259 \u00e7atd\u0131r\u0131b, bu g\u00fcn \u0259ld\u0259 edilmi\u015f nailiyy\u0259tl\u0259rin \u0259sas\u0131nda Prezident \u0130lham \u018fliyevin h\u0259yata ke\u00e7irdiyi innovativ inki\u015faf strategiyas\u0131n\u0131n dayand\u0131\u011f\u0131n\u0131 bildirib. U. \u018fl\u0259kb\u0259rov innovativ inki\u015faf strategiyas\u0131n\u0131n realla\u015fd\u0131r\u0131lmas\u0131nda \u00f6lk\u0259nin birinci vitse-prezidenti Mehriban xan\u0131m \u018fliyevan\u0131n x\u00fcsusi rolunu qeyd edib v\u0259 bu sah\u0259d\u0259 d\u00f6vl\u0259t qurumlar\u0131 il\u0259 yana\u015f\u0131, v\u0259t\u0259nda\u015f c\u0259miyy\u0259tinin, x\u00fcsus\u0259n d\u0259 Heyd\u0259r \u018fliyev Fondunun \u00f6n\u0259mli f\u0259aliyy\u0259tin\u0259 diqq\u0259t \u00e7\u0259kib.<\/p>\n\n\n\n<p>M\u00fchazir\u0259d\u0259 \u00f6lk\u0259 iqtisadiyyat\u0131n\u0131n s\u00fcr\u0259tli inki\u015faf\u0131 istiqam\u0259tind\u0259 apar\u0131lan u\u011furlu siyas\u0259tin \u0259sas h\u0259d\u0259fl\u0259ri, el\u0259c\u0259 d\u0259 davaml\u0131 inki\u015fafa t\u0259sir ed\u0259n amill\u0259r m\u00fcqayis\u0259li \u015f\u0259kild\u0259 t\u0259hlili edib. Az\u0259rbaycan\u0131n bir \u00e7ox istiqam\u0259tl\u0259rd\u0259 regional v\u0259 qlobal lider\u0259 \u00e7evrildiyini qeyd ed\u0259n rektor \u00e7\u0131x\u0131\u015f\u0131nda \u00f6lk\u0259mizin inki\u015faf g\u00f6st\u0259ricil\u0259rinin bir \u00e7ox beyn\u0259lxalq t\u0259\u015fkilatlar, o c\u00fcml\u0259d\u0259n BMT, D\u00fcnya Bank\u0131 v\u0259 dig\u0259r n\u00fcfuzlu qurumlar\u0131n r\u0259smi s\u0259n\u0259dl\u0259rind\u0259, m\u00fcst\u0259qil ekspertl\u0259r t\u0259r\u0259find\u0259n haz\u0131rlanm\u0131\u015f hesabatlarda \u00f6z t\u0259sdiqini tapd\u0131\u011f\u0131n\u0131 vur\u011fulay\u0131b.<\/p>\n\n\n\n<p>Rektor vur\u011fulay\u0131b ki, \u00f6lk\u0259nin q\u0131sa m\u00fcdd\u0259td\u0259 iqtisadi v\u0259 sosial sah\u0259d\u0259 qazand\u0131\u011f\u0131 y\u00fcks\u0259k nailiyy\u0259tl\u0259ri, XXI \u0259srin \u00e7a\u011f\u0131r\u0131\u015flar\u0131n\u0131n h\u0259llin\u0259 y\u00f6n\u0259lmi\u015f d\u00fcnya \u0259h\u0259miyy\u0259tli t\u0259\u015f\u0259bb\u00fcsl\u0259ri, ild\u0259n-il\u0259 artan beyn\u0259lxalq n\u00fcfuzu Az\u0259rbaycan\u0131 bir \u00e7ox istiqam\u0259tl\u0259rd\u0259 regional v\u0259 qlobal lider\u0259 \u00e7evirib. Eyni zamanda, m\u0259lumat verilib ki, Az\u0259rbaycan son ill\u0259rd\u0259 bir \u00e7ox davaml\u0131 inki\u015faf g\u00f6st\u0259ricil\u0259ri v\u0259 sosial indikatorlara g\u00f6r\u0259, \u201cB\u00f6y\u00fck \u0130yirmilik\u201d v\u0259 \u201cB\u00f6y\u00fck Yeddilik\u201d \u00f6lk\u0259l\u0259rinin \u0259ks\u0259riyy\u0259tini \u00fcst\u0259l\u0259yir.<\/p>\n\n\n\n<p>T\u0259lim-seminarda Az\u0259rbaycan Respublikas\u0131n\u0131n Prezidenti yan\u0131nda D\u00f6vl\u0259t \u0130dar\u0259\u00e7ilik Akademiyas\u0131 \u201cSiyasi ara\u015fd\u0131rmalar institutu\u201dnun direktoru Milli M\u0259clisin deputat\u0131, professor Elman N\u0259sirov \u201cAz\u0259rbaycan T\u00fcrkiy\u0259 m\u00fcnasib\u0259tl\u0259ri\u201d, Az\u0259rbaycan Respublikas\u0131 Xarici \u0130\u015fl\u0259r Nazirliyinin M\u0259tbuat Xidm\u0259tinin r\u0259hb\u0259ri Hikm\u0259t Hac\u0131yev is\u0259 \u201c\u0130ctimai diplomatiya\u201d m\u00f6vzusunda \u00e7\u0131x\u0131\u015f etmi\u015fl\u0259r. \u00c7\u0131x\u0131\u015f\u00e7\u0131lar Az\u0259rbaycan v\u0259 T\u00fcrkiy\u0259nin regionun g\u00fcc m\u0259rk\u0259zl\u0259ri olmaqla yana\u015f\u0131 eyni zamanda elm, bilik m\u0259rk\u0259zi kimi formala\u015fmas\u0131 bax\u0131m\u0131\u0131ndan \u0259h\u0259miyy\u0259tini qeyd edib, h\u0259r iki \u00f6lk\u0259nin d\u00f6vl\u0259t qulluq\u00e7ular\u0131n\u0131n t\u0259cr\u00fcb\u0259 m\u00fcbadil\u0259sinin olmas\u0131n\u0131, kadr potensial\u0131n\u0131n t\u0259kmill\u0259\u015fdirilm\u0259si sah\u0259sind\u0259 h\u0259yata ke\u00e7iril\u0259n t\u0259\u015f\u0259bb\u00fcsl\u0259rin \u0259h\u0259miyy\u0259tini diqq\u0259t\u0259 \u00e7atd\u0131r\u0131blar. M\u0259ruz\u0259\u00e7il\u0259r iki \u00f6lk\u0259 aras\u0131nda olan strateji \u0259m\u0259kda\u015fl\u0131\u011f\u0131n g\u00fccl\u0259ndirilm\u0259sin\u0259 veril\u0259n t\u00f6hf\u0259l\u0259r, bu \u0259m\u0259kda\u015fl\u0131\u011f\u0131n perspektivl\u0259r\u0131 kimi m\u00fcxt\u0259lif m\u0259s\u0259l\u0259l\u0259r bar\u0259d\u0259 fikirl\u0259rini b\u00f6l\u00fc\u015f\u00fcbl\u0259r.<\/p>\n\n\n\n<p>Daha sonra t\u0259lim-seminar i\u015ftirak\u00e7\u0131lar\u0131n\u0131n suallar\u0131 cavabland\u0131r\u0131l\u0131b.<\/p>\n\n\n\n<p><\/p>\n\n\n\n<figure class=\"wp-container-2 wp-block-gallery-1 wp-block-gallery columns-3 is-cropped\"><ul class=\"blocks-gallery-grid\"><li class=\"blocks-gallery-item\"><figure><img width=\"640\" height=\"416\" src=\"https:\/\/dia.edu.az\/wp-content\/uploads\/2021\/03\/30.10.17.jpg\" alt=\"\" data-id=\"12185\" data-full-url=\"https:\/\/dia.edu.az\/wp-content\/uploads\/2021\/03\/30.10.17.jpg\" data-link=\"https:\/\/dia.edu.az\/?attachment_id=12185\" class=\"wp-image-12185\" srcset=\"https:\/\/legacy.dia.edu.az\/wp-content\/uploads\/2021\/03\/30.10.17.jpg 640w, https:\/\/legacy.dia.edu.az\/wp-content\/uploads\/2021\/03\/30.10.17-300x195.jpg 300w, https:\/\/legacy.dia.edu.az\/wp-content\/uploads\/2021\/03\/30.10.17-16x10.jpg 16w, https:\/\/legacy.dia.edu.az\/wp-content\/uploads\/2021\/03\/30.10.17-300x195@2x.jpg 600w\" sizes=\"(max-width: 640px) 100vw, 640px\" \/><\/figure><\/li><li class=\"blocks-gallery-item\"><figure><img width=\"640\" height=\"424\" src=\"https:\/\/dia.edu.az\/wp-content\/uploads\/2021\/03\/30.10.jpg\" alt=\"\" data-id=\"12186\" data-full-url=\"https:\/\/dia.edu.az\/wp-content\/uploads\/2021\/03\/30.10.jpg\" data-link=\"https:\/\/dia.edu.az\/?attachment_id=12186\" class=\"wp-image-12186\" srcset=\"https:\/\/legacy.dia.edu.az\/wp-content\/uploads\/2021\/03\/30.10.jpg 640w, https:\/\/legacy.dia.edu.az\/wp-content\/uploads\/2021\/03\/30.10-300x199.jpg 300w, https:\/\/legacy.dia.edu.az\/wp-content\/uploads\/2021\/03\/30.10-16x12.jpg 16w, https:\/\/legacy.dia.edu.az\/wp-content\/uploads\/2021\/03\/30.10-150x100.jpg 150w, https:\/\/legacy.dia.edu.az\/wp-content\/uploads\/2021\/03\/30.10-300x199@2x.jpg 600w\" sizes=\"(max-width: 640px) 100vw, 640px\" \/><\/figure><\/li><li class=\"blocks-gallery-item\"><figure><img width=\"640\" height=\"424\" src=\"https:\/\/dia.edu.az\/wp-content\/uploads\/2021\/03\/3010-1.jpg\" alt=\"\" data-id=\"12187\" data-full-url=\"https:\/\/dia.edu.az\/wp-content\/uploads\/2021\/03\/3010-1.jpg\" data-link=\"https:\/\/dia.edu.az\/?attachment_id=12187\" class=\"wp-image-12187\" srcset=\"https:\/\/legacy.dia.edu.az\/wp-content\/uploads\/2021\/03\/3010-1.jpg 640w, https:\/\/legacy.dia.edu.az\/wp-content\/uploads\/2021\/03\/3010-1-300x199.jpg 300w, https:\/\/legacy.dia.edu.az\/wp-content\/uploads\/2021\/03\/3010-1-16x12.jpg 16w, https:\/\/legacy.dia.edu.az\/wp-content\/uploads\/2021\/03\/3010-1-150x100.jpg 150w, https:\/\/legacy.dia.edu.az\/wp-content\/uploads\/2021\/03\/3010-1-300x199@2x.jpg 600w\" sizes=\"(max-width: 640px) 100vw, 640px\" \/><\/figure><\/li><li class=\"blocks-gallery-item\"><figure><img width=\"640\" height=\"384\" src=\"https:\/\/dia.edu.az\/wp-content\/uploads\/2021\/03\/301017.jpg\" alt=\"\" data-id=\"12188\" data-full-url=\"https:\/\/dia.edu.az\/wp-content\/uploads\/2021\/03\/301017.jpg\" data-link=\"https:\/\/dia.edu.az\/?attachment_id=12188\" class=\"wp-image-12188\" srcset=\"https:\/\/legacy.dia.edu.az\/wp-content\/uploads\/2021\/03\/301017.jpg 640w, https:\/\/legacy.dia.edu.az\/wp-content\/uploads\/2021\/03\/301017-300x180.jpg 300w, https:\/\/legacy.dia.edu.az\/wp-content\/uploads\/2021\/03\/301017-16x10.jpg 16w, https:\/\/legacy.dia.edu.az\/wp-content\/uploads\/2021\/03\/301017-300x180@2x.jpg 600w\" sizes=\"(max-width: 640px) 100vw, 640px\" \/><\/figure><\/li><\/ul><\/figure>","protected":false},"excerpt":{"rendered":"<p>D\u00f6vl\u0259t \u0130dar\u0259\u00e7ilik Akademiyas\u0131nda Turkiy\u0259nin y\u00fcks\u0259k v\u0259zif\u0259li d\u00f6vl\u0259t qulluq\u00e7ular\u0131 \u00fc\u00e7\u00fcn t\u0259lim-seminar ke\u00e7irilibOkt 30 , 2017 &#8211; 12:36 Az\u0259rbaycan Respublikas\u0131n\u0131n Prezidenti yan\u0131nda D\u00f6vl\u0259t \u0130dar\u0259\u00e7ilik Akademiyas\u0131 (D\u0130A) il\u0259 T\u00fcrkiy\u0259 v\u0259 Orta \u015e\u0259rq D\u00f6vl\u0259t \u0130dar\u0259etm\u0259 \u0130nstitutu (TODA\u0130E) aras\u0131nda imzalanm\u0131\u015f Anla\u015fma Protokolu \u00e7\u0259r\u00e7iv\u0259sind\u0259 birg \u0259 yarad\u0131lan \u201cQafqaz D\u00f6vl\u0259t \u0130dar\u0259\u00e7iliyi Ara\u015fd\u0131rma v\u0259 T\u0259dris M\u0259rk\u0259zi\u201dnd\u0259 Turkiy\u0259nin y\u00fcks\u0259k v\u0259zif\u0259li d\u00f6vl\u0259t qulluq\u00e7ular\u0131 \u00fc\u00e7\u00fcn t\u0259lim-seminar [&hellip;]<\/p>","protected":false},"author":2,"featured_media":12186,"comment_status":"closed","ping_status":"closed","sticky":false,"template":"","format":"standard","meta":[],"categories":[137],"tags":[],"_links":{"self":[{"href":"https:\/\/legacy.dia.edu.az\/en\/wp-json\/wp\/v2\/posts\/12184"}],"collection":[{"href":"https:\/\/legacy.dia.edu.az\/en\/wp-json\/wp\/v2\/posts"}],"about":[{"href":"https:\/\/legacy.dia.edu.az\/en\/wp-json\/wp\/v2\/types\/post"}],"author":[{"embeddable":true,"href":"https:\/\/legacy.dia.edu.az\/en\/wp-json\/wp\/v2\/users\/2"}],"replies":[{"embeddable":true,"href":"https:\/\/legacy.dia.edu.az\/en\/wp-json\/wp\/v2\/comments?post=12184"}],"version-history":[{"count":0,"href":"https:\/\/legacy.dia.edu.az\/en\/wp-json\/wp\/v2\/posts\/12184\/revisions"}],"wp:featuredmedia":[{"embeddable":true,"href":"https:\/\/legacy.dia.edu.az\/en\/wp-json\/wp\/v2\/media\/12186"}],"wp:attachment":[{"href":"https:\/\/legacy.dia.edu.az\/en\/wp-json\/wp\/v2\/media?parent=12184"}],"wp:term":[{"taxonomy":"category","embeddable":true,"href":"https:\/\/legacy.dia.edu.az\/en\/wp-json\/wp\/v2\/categories?post=12184"},{"taxonomy":"post_tag","embeddable":true,"href":"https:\/\/legacy.dia.edu.az\/en\/wp-json\/wp\/v2\/tags?post=12184"}],"curies":[{"name":"wp","href":"https:\/\/api.w.org\/{rel}","templated":true}]}}