{"id":12159,"date":"2017-11-27T10:09:00","date_gmt":"2017-11-27T07:09:00","guid":{"rendered":"https:\/\/dia.edu.az\/?p=12159"},"modified":"2021-03-15T10:10:35","modified_gmt":"2021-03-15T07:10:35","slug":"dovl%c9%99t-qadin-siyas%c9%99tinin-h%c9%99yata-kecirilm%c9%99sind%c9%99-gender-m%c9%99s%c9%99l%c9%99l%c9%99ri-uzr%c9%99-m%c9%99sul-s%c9%99xsl%c9%99r-ucun-t%c9%99lim-kecirilmisdir","status":"publish","type":"post","link":"https:\/\/legacy.dia.edu.az\/en\/arxivl\u0259r\/12159","title":{"rendered":"\u201cD\u00f6vl\u0259t qad\u0131n siyas\u0259ti\u201dnin h\u0259yata ke\u00e7irilm\u0259sind\u0259 gender m\u0259s\u0259l\u0259l\u0259ri \u00fczr\u0259 m\u0259sul \u015f\u0259xsl\u0259r \u00fc\u00e7\u00fcn t\u0259lim ke\u00e7irilmi\u015fdir"},"content":{"rendered":"<p><strong>\u201cD\u00f6vl\u0259t qad\u0131n siyas\u0259ti\u201dnin h\u0259yata ke\u00e7irilm\u0259sind\u0259 gender m\u0259s\u0259l\u0259l\u0259ri \u00fczr\u0259 m\u0259sul \u015f\u0259xsl\u0259r \u00fc\u00e7\u00fcn t\u0259lim ke\u00e7irilmi\u015fdir<\/strong><br><em>Noy 27 , 2017 &#8211; 03:23<\/em><\/p>\n\n\n\n<p>21-23 noyabr 2017-ci il tarixl\u0259rind\u0259 Az\u0259rbaycan Respublikas\u0131n\u0131n Prezidenti yan\u0131nda D\u00f6vl\u0259t \u0130dar\u0259\u00e7ilik Akademiyas\u0131nda \u201cD\u00f6vl\u0259t qad\u0131n siyas\u0259ti\u201dnin h\u0259yata ke\u00e7irilm\u0259sind\u0259 gender m\u0259s\u0259l\u0259l\u0259ri \u00fczr\u0259 m\u0259sul \u015f\u0259xsl\u0259r \u00fc\u00e7\u00fcn t\u0259lim ke\u00e7irilmi\u015fdir. T\u0259lim\u0259 d\u00f6vl\u0259t orqanlar\u0131nda \u00e7al\u0131\u015fan m\u00fcvafiq d\u00f6vl\u0259t qulluq\u00e7ular\u0131 c\u0259lb olunmu\u015flar.<\/p>\n\n\n\n<p>&nbsp;&nbsp;&nbsp;&nbsp; &nbsp;&nbsp;&nbsp;&nbsp;&nbsp;&nbsp; T\u0259limin \u0259sas m\u0259qs\u0259di Gender haqq\u0131nda \u00fcmumi m\u0259lumat, Az\u0259rbaycan Respublikas\u0131n\u0131n gender siyas\u0259ti v\u0259 beyn\u0259lxalq \u00f6hd\u0259likl\u0259r, cinsi m\u0259nsubiyy\u0259t\u0259 g\u00f6r\u0259 ayr\u0131-se\u00e7kilik n\u0259dir, \u201cGender b\u0259rab\u0259rliyinin (ki\u015fi v\u0259 qad\u0131n) t\u0259minatlar\u0131 haqq\u0131nda\u201d Az\u0259rbaycan Respublikas\u0131n\u0131n Qanununun izah\u0131, gender m\u0259s\u0259l\u0259l\u0259ri \u00fczr\u0259 m\u0259sul \u015f\u0259xsl\u0259rl\u0259 ba\u011fl\u0131 \u00fcmumi m\u0259lumat, onlar\u0131n gender siyas\u0259tinin h\u0259yata ke\u00e7irilm\u0259sind\u0259 rolu, beyn\u0259lxalq t\u0259cr\u00fcb\u0259d\u0259 gender m\u0259s\u0259l\u0259l\u0259rin\u0259 m\u0259sul \u015f\u0259xsl\u0259rin funksiyalar\u0131 v\u0259 f\u0259aliyy\u0259ti \u00fcsullar\u0131 v\u0259 s. probleml\u0259rl\u0259 ba\u011fl\u0131 bilikl\u0259rin dinl\u0259yicil\u0259r\u0259 \u00e7atd\u0131r\u0131lmas\u0131 v\u0259 onlar il\u0259 fikir m\u00fcbadil\u0259sinin apar\u0131lmas\u0131 idi.<\/p>\n\n\n\n<p>&nbsp; &nbsp;&nbsp;&nbsp;&nbsp;&nbsp;&nbsp;&nbsp;&nbsp;&nbsp; &nbsp;T\u0259lim \u0259rzind\u0259 Ail\u0259, Qad\u0131n v\u0259 U\u015faq Probleml\u0259ri \u00fczr\u0259 D\u00f6vl\u0259t Komit\u0259sinin s\u0259dr m\u00fcavinl\u0259ri S\u0259daq\u0259t Q\u0259hr\u0259manova, Aynur Sofiyeva, \u015f\u00f6b\u0259 m\u00fcdirl\u0259ri Taliy\u0259 \u0130brahimova, Elg\u00fcn S\u0259f\u0259rov, ba\u015f m\u0259sl\u0259h\u0259t\u00e7i Aynur Veys\u0259lova, AMEA-n\u0131n F\u0259ls\u0259f\u0259 \u0130nstitutunun professoru R\u0259na Mirz\u0259zad\u0259, Prezident yan\u0131nda Strateji Ara\u015fd\u0131rmalar M\u0259rk\u0259zinin direktor m\u00fcavini G\u00fcl\u015f\u0259n Pa\u015fayeva, BMT-nin \u018fhali Fondu Az\u0259rbaycan N\u00fcmay\u0259nd\u0259liyinin gender \u00fczr\u0259 proqram m\u00fc\u015faviri B\u0259hic\u0259 \u018fliyeva, D\u00f6vl\u0259t Statistika Komit\u0259sinin \u018fhali Statistika \u015f\u00f6b\u0259sinin gender statistikas\u0131 sektorunun m\u00fcdiri Z\u0259bih\u0259 \u018fsg\u0259r, \u018fm\u0259k v\u0259 \u018fhalinin Sosial M\u00fcdafi\u0259si Nazirliyi sektor m\u00fcdiri Xan\u0131m \u0130sg\u0259nd\u0259rova m\u00fcxt\u0259lif m\u00f6vzularda m\u00fchazir\u0259l\u0259rl\u0259 \u00e7\u0131x\u0131\u015f etmi\u015fl\u0259r.&nbsp;<\/p>\n\n\n\n<p>\u00a0\u00a0\u00a0\u00a0 \u00a0\u00a0\u00a0\u00a0\u00a0\u00a0 T\u0259limin sonunda Akademiyan\u0131n rektoru akademik Urxan \u018fl\u0259kb\u0259rov, Akademiyan\u0131n I (t\u0259dris i\u015fl\u0259ri \u00fczr\u0259) prorektoru professor \u018flikram Abdullayev v\u0259 Ail\u0259, Qad\u0131n v\u0259 U\u015faq Probleml\u0259ri \u00fczr\u0259 D\u00f6vl\u0259t Komit\u0259sinin s\u0259dr m\u00fcavinl\u0259ri S\u0259daq\u0259t Q\u0259hr\u0259manova, Aynur Sofiyeva dinl\u0259yicil\u0259r qar\u015f\u0131s\u0131nda \u00e7\u0131x\u0131\u015f etmi\u015f v\u0259 onlara t\u0259limi m\u00fcv\u0259ff\u0259qiyy\u0259tl\u0259 bitirdikl\u0259rin\u0259 g\u00f6r\u0259 sertifikatlar t\u0259qdim ed\u0259r\u0259k\u00a0\u00a0 g\u0259l\u0259c\u0259k i\u015fl\u0259rind\u0259 u\u011furlar arzu etmi\u015fl\u0259r.<\/p>\n\n\n\n<p><\/p>\n\n\n\n<figure class=\"wp-container-2 wp-block-gallery-1 wp-block-gallery columns-2 is-cropped\"><ul class=\"blocks-gallery-grid\"><li class=\"blocks-gallery-item\"><figure><img width=\"640\" height=\"424\" src=\"https:\/\/dia.edu.az\/wp-content\/uploads\/2021\/03\/27.11-1.jpg\" alt=\"\" data-id=\"12160\" data-full-url=\"https:\/\/dia.edu.az\/wp-content\/uploads\/2021\/03\/27.11-1.jpg\" data-link=\"https:\/\/dia.edu.az\/?attachment_id=12160\" class=\"wp-image-12160\" srcset=\"https:\/\/legacy.dia.edu.az\/wp-content\/uploads\/2021\/03\/27.11-1.jpg 640w, https:\/\/legacy.dia.edu.az\/wp-content\/uploads\/2021\/03\/27.11-1-300x199.jpg 300w, https:\/\/legacy.dia.edu.az\/wp-content\/uploads\/2021\/03\/27.11-1-16x12.jpg 16w, https:\/\/legacy.dia.edu.az\/wp-content\/uploads\/2021\/03\/27.11-1-150x100.jpg 150w, https:\/\/legacy.dia.edu.az\/wp-content\/uploads\/2021\/03\/27.11-1-300x199@2x.jpg 600w\" sizes=\"(max-width: 640px) 100vw, 640px\" \/><\/figure><\/li><li class=\"blocks-gallery-item\"><figure><img width=\"640\" height=\"424\" src=\"https:\/\/dia.edu.az\/wp-content\/uploads\/2021\/03\/2711-1.jpg\" alt=\"\" data-id=\"12161\" data-full-url=\"https:\/\/dia.edu.az\/wp-content\/uploads\/2021\/03\/2711-1.jpg\" data-link=\"https:\/\/dia.edu.az\/?attachment_id=12161\" class=\"wp-image-12161\" srcset=\"https:\/\/legacy.dia.edu.az\/wp-content\/uploads\/2021\/03\/2711-1.jpg 640w, https:\/\/legacy.dia.edu.az\/wp-content\/uploads\/2021\/03\/2711-1-300x199.jpg 300w, https:\/\/legacy.dia.edu.az\/wp-content\/uploads\/2021\/03\/2711-1-16x12.jpg 16w, https:\/\/legacy.dia.edu.az\/wp-content\/uploads\/2021\/03\/2711-1-150x100.jpg 150w, https:\/\/legacy.dia.edu.az\/wp-content\/uploads\/2021\/03\/2711-1-300x199@2x.jpg 600w\" sizes=\"(max-width: 640px) 100vw, 640px\" \/><\/figure><\/li><\/ul><\/figure>","protected":false},"excerpt":{"rendered":"<p>\u201cD\u00f6vl\u0259t qad\u0131n siyas\u0259ti\u201dnin h\u0259yata ke\u00e7irilm\u0259sind\u0259 gender m\u0259s\u0259l\u0259l\u0259ri \u00fczr\u0259 m\u0259sul \u015f\u0259xsl\u0259r \u00fc\u00e7\u00fcn t\u0259lim ke\u00e7irilmi\u015fdirNoy 27 , 2017 &#8211; 03:23 21-23 noyabr 2017-ci il tarixl\u0259rind\u0259 Az\u0259rbaycan Respublikas\u0131n\u0131n Prezidenti yan\u0131nda D\u00f6vl\u0259t \u0130dar\u0259\u00e7ilik Akademiyas\u0131nda \u201cD\u00f6vl\u0259t qad\u0131n siyas\u0259ti\u201dnin h\u0259yata ke\u00e7irilm\u0259sind\u0259 gender m\u0259s\u0259l\u0259l\u0259ri \u00fczr\u0259 m\u0259sul \u015f\u0259xsl\u0259r \u00fc\u00e7\u00fcn t\u0259lim ke\u00e7irilmi\u015fdir. T\u0259lim\u0259 d\u00f6vl\u0259t orqanlar\u0131nda \u00e7al\u0131\u015fan m\u00fcvafiq d\u00f6vl\u0259t qulluq\u00e7ular\u0131 c\u0259lb olunmu\u015flar. &nbsp;&nbsp;&nbsp;&nbsp; &nbsp;&nbsp;&nbsp;&nbsp;&nbsp;&nbsp; T\u0259limin [&hellip;]<\/p>","protected":false},"author":2,"featured_media":12161,"comment_status":"closed","ping_status":"closed","sticky":false,"template":"","format":"standard","meta":[],"categories":[137],"tags":[],"_links":{"self":[{"href":"https:\/\/legacy.dia.edu.az\/en\/wp-json\/wp\/v2\/posts\/12159"}],"collection":[{"href":"https:\/\/legacy.dia.edu.az\/en\/wp-json\/wp\/v2\/posts"}],"about":[{"href":"https:\/\/legacy.dia.edu.az\/en\/wp-json\/wp\/v2\/types\/post"}],"author":[{"embeddable":true,"href":"https:\/\/legacy.dia.edu.az\/en\/wp-json\/wp\/v2\/users\/2"}],"replies":[{"embeddable":true,"href":"https:\/\/legacy.dia.edu.az\/en\/wp-json\/wp\/v2\/comments?post=12159"}],"version-history":[{"count":0,"href":"https:\/\/legacy.dia.edu.az\/en\/wp-json\/wp\/v2\/posts\/12159\/revisions"}],"wp:featuredmedia":[{"embeddable":true,"href":"https:\/\/legacy.dia.edu.az\/en\/wp-json\/wp\/v2\/media\/12161"}],"wp:attachment":[{"href":"https:\/\/legacy.dia.edu.az\/en\/wp-json\/wp\/v2\/media?parent=12159"}],"wp:term":[{"taxonomy":"category","embeddable":true,"href":"https:\/\/legacy.dia.edu.az\/en\/wp-json\/wp\/v2\/categories?post=12159"},{"taxonomy":"post_tag","embeddable":true,"href":"https:\/\/legacy.dia.edu.az\/en\/wp-json\/wp\/v2\/tags?post=12159"}],"curies":[{"name":"wp","href":"https:\/\/api.w.org\/{rel}","templated":true}]}}