{"id":12139,"date":"2017-12-11T01:02:00","date_gmt":"2017-12-10T22:02:00","guid":{"rendered":"https:\/\/dia.edu.az\/?p=12139"},"modified":"2021-03-15T01:04:41","modified_gmt":"2021-03-14T22:04:41","slug":"dovl%c9%99t-idar%c9%99cilik-akademiyasinda-umummilli-lider-heyd%c9%99r-%c9%99liyevin-xatir%c9%99si-anilib-4","status":"publish","type":"post","link":"https:\/\/legacy.dia.edu.az\/en\/arxivl\u0259r\/12139","title":{"rendered":"D\u00f6vl\u0259t \u0130dar\u0259\u00e7ilik Akademiyas\u0131nda \u00fcmummilli lider Heyd\u0259r \u018fliyevin xatir\u0259si an\u0131l\u0131b"},"content":{"rendered":"<p><\/p>\n\n\n\n<p><strong>D\u00f6vl\u0259t \u0130dar\u0259\u00e7ilik Akademiyas\u0131nda \u00fcmummilli lider Heyd\u0259r \u018fliyevin xatir\u0259si an\u0131l\u0131b<\/strong><br><em>Dek 11 , 2017 &#8211; 06:16<\/em><\/p>\n\n\n\n<p>Dekabr\u0131n 11-da \u00fcmummilli lider Heyd\u0259r \u018fliyevin an\u0131m g\u00fcn\u00fc il\u0259 \u0259laq\u0259dar Heyd\u0259r \u018fliyev M\u0259rk\u0259zi v\u0259 Az\u0259rbaycan Respublikas\u0131n\u0131n Prezidenti yan\u0131nda D\u00f6vl\u0259t \u0130dar\u0259\u00e7ilik Akademiyas\u0131n\u0131n birg\u0259 t\u0259\u015fkilat\u00e7\u0131l\u0131\u011f\u0131 il\u0259 t\u0259dbir ke\u00e7irilib. T\u0259dbird\u0259n \u00f6nc\u0259 ulu \u00f6nd\u0259rin Akademiyadak\u0131 b\u00fcst\u00fc \u00f6n\u00fcn\u0259 \u0259klil qoyulub, xatir\u0259si bir d\u0259qiq\u0259lik s\u00fckutla yad edilib. Daha sonra an\u0131m m\u0259rasimi Heyd\u0259r \u018fliyev M\u0259rk\u0259zinin d\u0259st\u0259yi il\u0259 f\u0259aliyy\u0259t g\u00f6st\u0259r\u0259n \u201cHeyd\u0259r \u018fliyev D\u00f6vl\u0259t \u0130dar\u0259\u00e7ilik M\u0259kt\u0259bi\u201dnd\u0259 davam etdirilib.<\/p>\n\n\n\n<p>An\u0131m t\u0259dbirind\u0259 \u00e7\u0131x\u0131\u015f ed\u0259n D\u0130A-n\u0131n rektor, akademik Urxan \u018fl\u0259kb\u0259rov \u00fcmummilli lider, d\u00fcnya \u015f\u00f6hr\u0259tli siyasi xadim Heyd\u0259r \u018fliyevin xalq\u0131m\u0131z qar\u015f\u0131s\u0131ndak\u0131 misilsiz xidm\u0259tl\u0259rini xat\u0131rlatd\u0131b. Qeyd edib ki, Az\u0259rbaycan\u0131n m\u00fcasir tarixind\u0259 Heyd\u0259r \u018fliyevin m\u00fcst\u0259sna xidm\u0259tl\u0259rinin ictimai-siyas\u0131 mahiyy\u0259ti h\u0259l\u0259 uzun ill\u0259r t\u0259dqiqat\u00e7\u0131lar\u0131n diqq\u0259t m\u0259rk\u0259zind\u0259 olacaq, m\u00fcasir Az\u0259rbaycan d\u00f6vl\u0259tinin memar\u0131 v\u0259 qurucusu Heyd\u0259r \u018fliyevin xatir\u0259si Az\u0259rbaycan ad\u0131 ya\u015fad\u0131qca, o da daim xalq\u0131m\u0131z\u0131n yadda\u015f\u0131nda, \u00fcr\u0259kl\u0259rd\u0259 ya\u015fayacaqd\u0131r. Rektor, Heyd\u0259r \u018fliyevin \u00f6lk\u0259mizin inki\u015faf\u0131 sah\u0259sind\u0259 ba\u015flad\u0131\u011f\u0131 n\u0259h\u0259ng i\u015fl\u0259r, m\u00f6ht\u0259\u015f\u0259m layih\u0259l\u0259rin bu g\u00fcn onun layiqli davam\u00e7\u0131s\u0131 m\u00f6ht\u0259r\u0259m Prezidentimiz c\u0259nab \u0130lham \u018fliyev t\u0259r\u0259find\u0259n u\u011furla v\u0259 yarad\u0131c\u0131l\u0131qla davam etdirildiyini diqq\u0259t\u0259 \u00e7atd\u0131r\u0131b.&nbsp; &nbsp;<\/p>\n\n\n\n<p>&nbsp;&nbsp;&nbsp;&nbsp;&nbsp;&nbsp;&nbsp;&nbsp; T\u0259dbird\u0259 \u00e7\u0131x\u0131\u015f ed\u0259n Milli M\u0259clisin deputat\u0131 Ayd\u0131n Mirz\u0259zad\u0259, D\u00f6vl\u0259t \u0130dar\u0259\u00e7ilik Akademiyas\u0131 \u201cTarix\u201d kafedras\u0131n\u0131n professoru Musa Quliyev, \u201c\u0130qtisadiyyat\u0131n d\u00f6vl\u0259t t\u0259nziml\u0259nm\u0259si\u201d kafedras\u0131n\u0131n dosenti Roza \u018fliyeva v\u0259 \u00e7\u0131x\u0131\u015f ed\u0259n dig\u0259r natiql\u0259r d\u00fcnya \u015f\u00f6hr\u0259tli siyasi xadim Heyd\u0259r \u018fliyevin z\u0259ngin h\u0259yat v\u0259 f\u0259aliyy\u0259tind\u0259n, demokratik, h\u00fcquqi d\u00f6vl\u0259t quruculu\u011fu istiqam\u0259tind\u0259 h\u0259yata ke\u00e7irdiyi u\u011furlu islahatlardan dan\u0131\u015fm\u0131\u015f, onun parlaq z\u0259kas\u0131, d\u00f6vl\u0259t\u00e7ilik t\u0259cr\u00fcb\u0259si, yenilm\u0259zliyi v\u0259 c\u0259sar\u0259ti il\u0259 m\u00fcst\u0259qil Az\u0259rbaycan d\u00f6vl\u0259tini m\u0259hvolma t\u0259hl\u00fck\u0259sind\u0259n qoruyub saxlamas\u0131n\u0131, \u00fcmummilli lider Heyd\u0259r \u018fliyevin v\u0259t\u0259n v\u0259 xalq qar\u015f\u0131s\u0131nda xidm\u0259tl\u0259ri xat\u0131rlanm\u0131\u015fd\u0131r.<\/p>\n\n\n\n<p>T\u0259dbird\u0259 \u00fcmummilli lider\u0259 h\u0259sr olunmu\u015f s\u0259n\u0259dli film n\u00fcmayi\u015f etdirilib.<\/p>\n\n\n\n<p><\/p>\n\n\n\n<figure class=\"wp-container-2 wp-block-gallery-1 wp-block-gallery columns-2 is-cropped\"><ul class=\"blocks-gallery-grid\"><li class=\"blocks-gallery-item\"><figure><img width=\"448\" height=\"309\" src=\"https:\/\/dia.edu.az\/wp-content\/uploads\/2021\/03\/11.12.jpg\" alt=\"\" data-id=\"12140\" data-full-url=\"https:\/\/dia.edu.az\/wp-content\/uploads\/2021\/03\/11.12.jpg\" data-link=\"https:\/\/dia.edu.az\/?attachment_id=12140\" class=\"wp-image-12140\" srcset=\"https:\/\/legacy.dia.edu.az\/wp-content\/uploads\/2021\/03\/11.12.jpg 448w, https:\/\/legacy.dia.edu.az\/wp-content\/uploads\/2021\/03\/11.12-300x207.jpg 300w, https:\/\/legacy.dia.edu.az\/wp-content\/uploads\/2021\/03\/11.12-16x12.jpg 16w\" sizes=\"(max-width: 448px) 100vw, 448px\" \/><\/figure><\/li><li class=\"blocks-gallery-item\"><figure><img width=\"448\" height=\"312\" src=\"https:\/\/dia.edu.az\/wp-content\/uploads\/2021\/03\/1112-1.jpg\" alt=\"\" data-id=\"12141\" data-full-url=\"https:\/\/dia.edu.az\/wp-content\/uploads\/2021\/03\/1112-1.jpg\" data-link=\"https:\/\/dia.edu.az\/?attachment_id=12141\" class=\"wp-image-12141\" srcset=\"https:\/\/legacy.dia.edu.az\/wp-content\/uploads\/2021\/03\/1112-1.jpg 448w, https:\/\/legacy.dia.edu.az\/wp-content\/uploads\/2021\/03\/1112-1-300x209.jpg 300w, https:\/\/legacy.dia.edu.az\/wp-content\/uploads\/2021\/03\/1112-1-16x12.jpg 16w\" sizes=\"(max-width: 448px) 100vw, 448px\" \/><\/figure><\/li><li class=\"blocks-gallery-item\"><figure><img width=\"444\" height=\"336\" src=\"https:\/\/dia.edu.az\/wp-content\/uploads\/2021\/03\/1212-1.jpg\" alt=\"\" data-id=\"12142\" data-full-url=\"https:\/\/dia.edu.az\/wp-content\/uploads\/2021\/03\/1212-1.jpg\" data-link=\"https:\/\/dia.edu.az\/?attachment_id=12142\" class=\"wp-image-12142\" srcset=\"https:\/\/legacy.dia.edu.az\/wp-content\/uploads\/2021\/03\/1212-1.jpg 444w, https:\/\/legacy.dia.edu.az\/wp-content\/uploads\/2021\/03\/1212-1-300x227.jpg 300w, https:\/\/legacy.dia.edu.az\/wp-content\/uploads\/2021\/03\/1212-1-16x12.jpg 16w, https:\/\/legacy.dia.edu.az\/wp-content\/uploads\/2021\/03\/1212-1-80x62.jpg 80w\" sizes=\"(max-width: 444px) 100vw, 444px\" \/><\/figure><\/li><li class=\"blocks-gallery-item\"><figure><img width=\"448\" height=\"315\" src=\"https:\/\/dia.edu.az\/wp-content\/uploads\/2021\/03\/111217.jpg\" alt=\"\" data-id=\"12143\" data-full-url=\"https:\/\/dia.edu.az\/wp-content\/uploads\/2021\/03\/111217.jpg\" data-link=\"https:\/\/dia.edu.az\/?attachment_id=12143\" class=\"wp-image-12143\" srcset=\"https:\/\/legacy.dia.edu.az\/wp-content\/uploads\/2021\/03\/111217.jpg 448w, https:\/\/legacy.dia.edu.az\/wp-content\/uploads\/2021\/03\/111217-300x211.jpg 300w, https:\/\/legacy.dia.edu.az\/wp-content\/uploads\/2021\/03\/111217-16x12.jpg 16w\" sizes=\"(max-width: 448px) 100vw, 448px\" \/><\/figure><\/li><\/ul><\/figure>","protected":false},"excerpt":{"rendered":"<p>D\u00f6vl\u0259t \u0130dar\u0259\u00e7ilik Akademiyas\u0131nda \u00fcmummilli lider Heyd\u0259r \u018fliyevin xatir\u0259si an\u0131l\u0131bDek 11 , 2017 &#8211; 06:16 Dekabr\u0131n 11-da \u00fcmummilli lider Heyd\u0259r \u018fliyevin an\u0131m g\u00fcn\u00fc il\u0259 \u0259laq\u0259dar Heyd\u0259r \u018fliyev M\u0259rk\u0259zi v\u0259 Az\u0259rbaycan Respublikas\u0131n\u0131n Prezidenti yan\u0131nda D\u00f6vl\u0259t \u0130dar\u0259\u00e7ilik Akademiyas\u0131n\u0131n birg\u0259 t\u0259\u015fkilat\u00e7\u0131l\u0131\u011f\u0131 il\u0259 t\u0259dbir ke\u00e7irilib. T\u0259dbird\u0259n \u00f6nc\u0259 ulu \u00f6nd\u0259rin Akademiyadak\u0131 b\u00fcst\u00fc \u00f6n\u00fcn\u0259 \u0259klil qoyulub, xatir\u0259si bir d\u0259qiq\u0259lik s\u00fckutla yad edilib. [&hellip;]<\/p>","protected":false},"author":2,"featured_media":12144,"comment_status":"closed","ping_status":"closed","sticky":false,"template":"","format":"standard","meta":[],"categories":[137],"tags":[],"_links":{"self":[{"href":"https:\/\/legacy.dia.edu.az\/en\/wp-json\/wp\/v2\/posts\/12139"}],"collection":[{"href":"https:\/\/legacy.dia.edu.az\/en\/wp-json\/wp\/v2\/posts"}],"about":[{"href":"https:\/\/legacy.dia.edu.az\/en\/wp-json\/wp\/v2\/types\/post"}],"author":[{"embeddable":true,"href":"https:\/\/legacy.dia.edu.az\/en\/wp-json\/wp\/v2\/users\/2"}],"replies":[{"embeddable":true,"href":"https:\/\/legacy.dia.edu.az\/en\/wp-json\/wp\/v2\/comments?post=12139"}],"version-history":[{"count":0,"href":"https:\/\/legacy.dia.edu.az\/en\/wp-json\/wp\/v2\/posts\/12139\/revisions"}],"wp:featuredmedia":[{"embeddable":true,"href":"https:\/\/legacy.dia.edu.az\/en\/wp-json\/wp\/v2\/media\/12144"}],"wp:attachment":[{"href":"https:\/\/legacy.dia.edu.az\/en\/wp-json\/wp\/v2\/media?parent=12139"}],"wp:term":[{"taxonomy":"category","embeddable":true,"href":"https:\/\/legacy.dia.edu.az\/en\/wp-json\/wp\/v2\/categories?post=12139"},{"taxonomy":"post_tag","embeddable":true,"href":"https:\/\/legacy.dia.edu.az\/en\/wp-json\/wp\/v2\/tags?post=12139"}],"curies":[{"name":"wp","href":"https:\/\/api.w.org\/{rel}","templated":true}]}}