{"id":12127,"date":"2017-12-22T00:59:00","date_gmt":"2017-12-21T21:59:00","guid":{"rendered":"https:\/\/dia.edu.az\/?p=12127"},"modified":"2021-03-15T01:00:29","modified_gmt":"2021-03-14T22:00:29","slug":"dovl%c9%99t-idar%c9%99cilik-akademiyasinda-miqrasiya-prosesl%c9%99rinin-dovl%c9%99t-t%c9%99nziml%c9%99nm%c9%99si-istiqam%c9%99ti-uzr%c9%99-ixtisasartirma-kursu-kecirilmisdir","status":"publish","type":"post","link":"https:\/\/legacy.dia.edu.az\/en\/arxivl\u0259r\/12127","title":{"rendered":"D\u00f6vl\u0259t \u0130dar\u0259\u00e7ilik Akademiyas\u0131nda \u00abMiqrasiya prosesl\u0259rinin d\u00f6vl\u0259t t\u0259nziml\u0259nm\u0259si\u00bb istiqam\u0259ti \u00fczr\u0259 ixtisasart\u0131rma kursu ke\u00e7irilmi\u015fdir"},"content":{"rendered":"<p><\/p>\n\n\n\n<p><strong>D\u00f6vl\u0259t \u0130dar\u0259\u00e7ilik Akademiyas\u0131nda \u00abMiqrasiya prosesl\u0259rinin d\u00f6vl\u0259t t\u0259nziml\u0259nm\u0259si\u00bb istiqam\u0259ti \u00fczr\u0259 ixtisasart\u0131rma kursu ke\u00e7irilmi\u015fdir<\/strong><br><em>Dek 22 , 2017 &#8211; 01:24<\/em><\/p>\n\n\n\n<p>Az\u0259rbaycan Respublikas\u0131n\u0131n Prezidenti yan\u0131nda D\u00f6vl\u0259t \u0130dar\u0259\u00e7ilik Akademiyas\u0131nda \u00abMiqrasiya prosesl\u0259rinin d\u00f6vl\u0259t t\u0259nziml\u0259nm\u0259si\u00bb istiqam\u0259ti \u00fczr\u0259q\u0131sam\u00fcdd\u0259tli&nbsp; ixtisasart\u0131rma kursu ke\u00e7irilmi\u015fdir. Kursa d\u00f6vl\u0259t orqanlar\u0131nda \u00e7al\u0131\u015fan m\u00fcvafiq d\u00f6vl\u0259t qulluq\u00e7ular\u0131 c\u0259lb olunmu\u015flar.<\/p>\n\n\n\n<p>&nbsp;&nbsp;&nbsp;&nbsp; &nbsp;&nbsp;&nbsp;&nbsp;&nbsp;&nbsp; \u00abMiqrasiya prosesl\u0259rinin d\u00f6vl\u0259t t\u0259nziml\u0259nm\u0259si\u00bb istiqam\u0259tind\u0259 kursun \u0259sas m\u0259qs\u0259di \u00abAz\u0259rbaycan Respublikas\u0131n\u0131n u\u011furlu sosial-iqtisadi inki\u015faf\u0131 v\u0259 miqrasiya prosesl\u0259ri\u00bb, \u00abAz\u0259rbaycan Respublikas\u0131nda miqrasiya prosesl\u0259ri v\u0259 bu prosesl\u0259r\u0259 d\u00f6vl\u0259t n\u0259zar\u0259ti\u00bb, \u00abMiqrasiya sosial-f\u0259ls\u0259fi fenomen kimi\u00bb m\u00f6vzularla v\u0259 s. probleml\u0259rl\u0259&nbsp; ba\u011fl\u0131 bilikl\u0259rin dinl\u0259yicil\u0259r\u0259 \u00e7atd\u0131r\u0131lmas\u0131 v\u0259 onlar il\u0259 fikir m\u00fcbadil\u0259sinin apar\u0131lmas\u0131 idi.<\/p>\n\n\n\n<p>&nbsp;&nbsp;&nbsp; &nbsp;&nbsp;&nbsp;&nbsp;&nbsp;&nbsp;&nbsp; &nbsp;Kurs \u0259rzind\u0259 \u00abMiqrasiya prosesl\u0259rinin d\u00f6vl\u0259t t\u0259nziml\u0259nm\u0259si\u00bb istiqam\u0259ti \u00fczr\u0259 &#8211; D\u00f6vl\u0259t \u0130dar\u0259\u00e7ilik Akademiyas\u0131n\u0131n rektoru, akademik Urxan \u018fl\u0259kb\u0259rov, D\u00f6vl\u0259t \u0130dar\u0259\u00e7ilik Akademiyas\u0131n\u0131n&nbsp; &nbsp; &nbsp; I (T\u0259dris i\u015fl\u0259ri \u00fczr\u0259 prorektoru) professor \u018flikram Abdullayev, D\u00f6vl\u0259t Miqrasiya Xidm\u0259tinin \u0259m\u0259kda\u015flar\u0131- Miqrasiya Siyas\u0259ti v\u0259 H\u00fcquqi T\u0259minat Ba\u015f \u0130dar\u0259sinin r\u0259isi Vahid Q\u0259hr\u0259manov, Miqrasiya Prosesl\u0259rinin T\u0259nziml\u0259m\u0259 Ba\u015f \u0130dar\u0259sinin r\u0259isi \u0130smay\u0131l Abdullayev, T\u0259\u015fkilat-N\u0259zar\u0259t Ba\u015f \u0130dar\u0259sinin r\u0259isi v\u0259zif\u0259l\u0259rini m\u00fcv\u0259qq\u0259ti icra ed\u0259n Siyas\u0259t Al\u0131yev, Qa\u00e7q\u0131n Statusunun M\u00fc\u0259yy\u0259nl\u0259\u015fdirilm\u0259si \u0130dar\u0259sinin r\u0259is m\u00fcavini Namik C\u0259f\u0259rov,&nbsp; Miqrasiya Prosesl\u0259rinin T\u0259hlili \u0130dar\u0259sinin r\u0259is m\u00fcavini Z\u0259f\u0259r \u015eamilov, Daxili \u0130\u015fl\u0259r Nazirliyi \u0130nsan Alverin\u0259 Qar\u015f\u0131 M\u00fcbariz\u0259 Ba\u015f \u0130dar\u0259sinin \u015f\u00f6b\u0259 r\u0259isi \u0130lkin Qurbanov, \u018fdliyy\u0259 Nazirliyi \u0130ctimaiyy\u0259tl\u0259 \u018flaq\u0259l\u0259r v\u0259 \u0130nsan H\u00fcquqlar\u0131 \u0130dar\u0259sinin b\u00f6y\u00fck m\u0259sl\u0259h\u0259t\u00e7isi S\u0259yyad M\u0259cidov, Ail\u0259, Qad\u0131n v\u0259 U\u015faq Probleml\u0259ri \u00fczr\u0259 D\u00f6vl\u0259t Komit\u0259sinin H\u00fcquq T\u0259minat\u0131 \u015f\u00f6b\u0259sinin m\u00fcdiri Taliy\u0259 \u0130brahimova, D\u00f6vl\u0259t S\u0259rh\u0259d Xidm\u0259ti S\u0259rh\u0259d N\u0259zar\u0259tinin r\u0259is m\u00fcavini Azad Qas\u0131mov, D\u00f6vl\u0259t T\u0259hl\u00fck\u0259sizliyi Xidm\u0259ti Akademiyas\u0131n\u0131n \u0259m\u0259kda\u015f\u0131 R\u00f6v\u015f\u0259n \u018fzizov, \u0130nsan H\u00fcquqlar\u0131 \u00fczr\u0259 M\u00fcv\u0259kkili (OMBUDSMAN) Aparat\u0131n\u0131n H\u00fcquqi Maarifl\u0259ndirm\u0259 Elmi Analitik \u0130nformasiya v\u0259 Beyn\u0259lxalq \u018flaq\u0259l\u0259r \u015f\u00f6b\u0259sinin m\u00fcdiri Faiq A\u011fayev, D\u00f6vl\u0259t \u0130dar\u0259\u00e7ilik Akademiyas\u0131n\u0131n professoru Fuad M\u0259mm\u0259dov, D\u00f6vl\u0259t \u0130dar\u0259\u00e7ilik Akademiyas\u0131 \u00abH\u00fcquq-I\u00bb kafedras\u0131n\u0131n m\u00fcdiri, dosent F\u0259xr\u0259ddin Na\u011f\u0131yev m\u00fcxt\u0259lif m\u00f6vzularda m\u00fchazir\u0259l\u0259rl\u0259 \u00e7\u0131x\u0131\u015f etmi\u015fl\u0259r.<\/p>\n\n\n\n<p>\u00a0\u00a0\u00a0\u00a0 \u00a0\u00a0\u00a0\u00a0\u00a0\u00a0 Kursun sonunda Akademiyan\u0131n rektoru akademik Urxan \u018fl\u0259kb\u0259rov v\u0259 Akademiyan\u0131n I T\u0259dris i\u015fl\u0259ri \u00fczr\u0259 prorektoru professor \u018flikram Abdullayev\u00a0 dinl\u0259yicil\u0259r qar\u015f\u0131s\u0131nda \u00e7\u0131x\u0131\u015f etmi\u015f v\u0259 onlara kursu m\u00fcv\u0259ff\u0259qiyy\u0259tl\u0259 bitirdikl\u0259rin\u0259 g\u00f6r\u0259 sertifikatlar t\u0259qdim ed\u0259r\u0259k g\u0259l\u0259c\u0259k i\u015fl\u0259rind\u0259 u\u011furlar arzu etmi\u015fl\u0259r.<\/p>\n\n\n\n<p><\/p>\n\n\n\n<figure class=\"wp-container-2 wp-block-gallery-1 wp-block-gallery columns-3 is-cropped\"><ul class=\"blocks-gallery-grid\"><li class=\"blocks-gallery-item\"><figure><img width=\"448\" height=\"297\" src=\"https:\/\/dia.edu.az\/wp-content\/uploads\/2021\/03\/22.12.jpg\" alt=\"\" data-id=\"12128\" data-full-url=\"https:\/\/dia.edu.az\/wp-content\/uploads\/2021\/03\/22.12.jpg\" data-link=\"https:\/\/dia.edu.az\/?attachment_id=12128\" class=\"wp-image-12128\" srcset=\"https:\/\/legacy.dia.edu.az\/wp-content\/uploads\/2021\/03\/22.12.jpg 448w, https:\/\/legacy.dia.edu.az\/wp-content\/uploads\/2021\/03\/22.12-300x199.jpg 300w, https:\/\/legacy.dia.edu.az\/wp-content\/uploads\/2021\/03\/22.12-16x12.jpg 16w, https:\/\/legacy.dia.edu.az\/wp-content\/uploads\/2021\/03\/22.12-150x100.jpg 150w\" sizes=\"(max-width: 448px) 100vw, 448px\" \/><\/figure><\/li><li class=\"blocks-gallery-item\"><figure><img width=\"448\" height=\"297\" src=\"https:\/\/dia.edu.az\/wp-content\/uploads\/2021\/03\/2212.17.jpg\" alt=\"\" data-id=\"12129\" data-full-url=\"https:\/\/dia.edu.az\/wp-content\/uploads\/2021\/03\/2212.17.jpg\" data-link=\"https:\/\/dia.edu.az\/?attachment_id=12129\" class=\"wp-image-12129\" srcset=\"https:\/\/legacy.dia.edu.az\/wp-content\/uploads\/2021\/03\/2212.17.jpg 448w, https:\/\/legacy.dia.edu.az\/wp-content\/uploads\/2021\/03\/2212.17-300x199.jpg 300w, https:\/\/legacy.dia.edu.az\/wp-content\/uploads\/2021\/03\/2212.17-16x12.jpg 16w, https:\/\/legacy.dia.edu.az\/wp-content\/uploads\/2021\/03\/2212.17-150x100.jpg 150w\" sizes=\"(max-width: 448px) 100vw, 448px\" \/><\/figure><\/li><li class=\"blocks-gallery-item\"><figure><img width=\"448\" height=\"297\" src=\"https:\/\/dia.edu.az\/wp-content\/uploads\/2021\/03\/2212.jpg\" alt=\"\" data-id=\"12130\" data-full-url=\"https:\/\/dia.edu.az\/wp-content\/uploads\/2021\/03\/2212.jpg\" data-link=\"https:\/\/dia.edu.az\/?attachment_id=12130\" class=\"wp-image-12130\" srcset=\"https:\/\/legacy.dia.edu.az\/wp-content\/uploads\/2021\/03\/2212.jpg 448w, https:\/\/legacy.dia.edu.az\/wp-content\/uploads\/2021\/03\/2212-300x199.jpg 300w, https:\/\/legacy.dia.edu.az\/wp-content\/uploads\/2021\/03\/2212-16x12.jpg 16w, https:\/\/legacy.dia.edu.az\/wp-content\/uploads\/2021\/03\/2212-150x100.jpg 150w\" sizes=\"(max-width: 448px) 100vw, 448px\" \/><\/figure><\/li><li class=\"blocks-gallery-item\"><figure><img width=\"448\" height=\"297\" src=\"https:\/\/dia.edu.az\/wp-content\/uploads\/2021\/03\/221217.jpg\" alt=\"\" data-id=\"12131\" data-full-url=\"https:\/\/dia.edu.az\/wp-content\/uploads\/2021\/03\/221217.jpg\" data-link=\"https:\/\/dia.edu.az\/?attachment_id=12131\" class=\"wp-image-12131\" srcset=\"https:\/\/legacy.dia.edu.az\/wp-content\/uploads\/2021\/03\/221217.jpg 448w, https:\/\/legacy.dia.edu.az\/wp-content\/uploads\/2021\/03\/221217-300x199.jpg 300w, https:\/\/legacy.dia.edu.az\/wp-content\/uploads\/2021\/03\/221217-16x12.jpg 16w, https:\/\/legacy.dia.edu.az\/wp-content\/uploads\/2021\/03\/221217-150x100.jpg 150w\" sizes=\"(max-width: 448px) 100vw, 448px\" \/><\/figure><\/li><\/ul><\/figure>","protected":false},"excerpt":{"rendered":"<p>D\u00f6vl\u0259t \u0130dar\u0259\u00e7ilik Akademiyas\u0131nda \u00abMiqrasiya prosesl\u0259rinin d\u00f6vl\u0259t t\u0259nziml\u0259nm\u0259si\u00bb istiqam\u0259ti \u00fczr\u0259 ixtisasart\u0131rma kursu ke\u00e7irilmi\u015fdirDek 22 , 2017 &#8211; 01:24 Az\u0259rbaycan Respublikas\u0131n\u0131n Prezidenti yan\u0131nda D\u00f6vl\u0259t \u0130dar\u0259\u00e7ilik Akademiyas\u0131nda \u00abMiqrasiya prosesl\u0259rinin d\u00f6vl\u0259t t\u0259nziml\u0259nm\u0259si\u00bb istiqam\u0259ti \u00fczr\u0259q\u0131sam\u00fcdd\u0259tli&nbsp; ixtisasart\u0131rma kursu ke\u00e7irilmi\u015fdir. Kursa d\u00f6vl\u0259t orqanlar\u0131nda \u00e7al\u0131\u015fan m\u00fcvafiq d\u00f6vl\u0259t qulluq\u00e7ular\u0131 c\u0259lb olunmu\u015flar. &nbsp;&nbsp;&nbsp;&nbsp; &nbsp;&nbsp;&nbsp;&nbsp;&nbsp;&nbsp; \u00abMiqrasiya prosesl\u0259rinin d\u00f6vl\u0259t t\u0259nziml\u0259nm\u0259si\u00bb istiqam\u0259tind\u0259 kursun \u0259sas m\u0259qs\u0259di \u00abAz\u0259rbaycan Respublikas\u0131n\u0131n u\u011furlu [&hellip;]<\/p>","protected":false},"author":2,"featured_media":12129,"comment_status":"closed","ping_status":"closed","sticky":false,"template":"","format":"standard","meta":[],"categories":[137],"tags":[],"_links":{"self":[{"href":"https:\/\/legacy.dia.edu.az\/en\/wp-json\/wp\/v2\/posts\/12127"}],"collection":[{"href":"https:\/\/legacy.dia.edu.az\/en\/wp-json\/wp\/v2\/posts"}],"about":[{"href":"https:\/\/legacy.dia.edu.az\/en\/wp-json\/wp\/v2\/types\/post"}],"author":[{"embeddable":true,"href":"https:\/\/legacy.dia.edu.az\/en\/wp-json\/wp\/v2\/users\/2"}],"replies":[{"embeddable":true,"href":"https:\/\/legacy.dia.edu.az\/en\/wp-json\/wp\/v2\/comments?post=12127"}],"version-history":[{"count":0,"href":"https:\/\/legacy.dia.edu.az\/en\/wp-json\/wp\/v2\/posts\/12127\/revisions"}],"wp:featuredmedia":[{"embeddable":true,"href":"https:\/\/legacy.dia.edu.az\/en\/wp-json\/wp\/v2\/media\/12129"}],"wp:attachment":[{"href":"https:\/\/legacy.dia.edu.az\/en\/wp-json\/wp\/v2\/media?parent=12127"}],"wp:term":[{"taxonomy":"category","embeddable":true,"href":"https:\/\/legacy.dia.edu.az\/en\/wp-json\/wp\/v2\/categories?post=12127"},{"taxonomy":"post_tag","embeddable":true,"href":"https:\/\/legacy.dia.edu.az\/en\/wp-json\/wp\/v2\/tags?post=12127"}],"curies":[{"name":"wp","href":"https:\/\/api.w.org\/{rel}","templated":true}]}}