{"id":12115,"date":"2017-12-26T00:55:00","date_gmt":"2017-12-25T21:55:00","guid":{"rendered":"https:\/\/dia.edu.az\/?p=12115"},"modified":"2021-03-15T00:56:22","modified_gmt":"2021-03-14T21:56:22","slug":"dovl%c9%99t-idar%c9%99cilik-akademiyasida-31-dekabr-dunya-az%c9%99rbaycanlilarinin-h%c9%99mr%c9%99ylik-gunu-v%c9%99-yeni-il-qeyd-edilib","status":"publish","type":"post","link":"https:\/\/legacy.dia.edu.az\/en\/arxivl\u0259r\/12115","title":{"rendered":"D\u00f6vl\u0259t \u0130dar\u0259\u00e7ilik Akademiyas\u0131da 31 dekabr D\u00fcnya Az\u0259rbaycanl\u0131lar\u0131n\u0131n H\u0259mr\u0259ylik G\u00fcn\u00fc v\u0259 Yeni il qeyd edilib"},"content":{"rendered":"<p><\/p>\n\n\n\n<p><strong>D\u00f6vl\u0259t \u0130dar\u0259\u00e7ilik Akademiyas\u0131da 31 dekabr D\u00fcnya Az\u0259rbaycanl\u0131lar\u0131n\u0131n H\u0259mr\u0259ylik G\u00fcn\u00fc v\u0259 Yeni il qeyd edilib<\/strong><br><em>Dek 26 , 2017 &#8211; 09:54<\/em><\/p>\n\n\n\n<p>&nbsp; &nbsp; &nbsp;Dekabr\u0131n 26-da Az\u0259rbaycan Respublikas\u0131n\u0131n Prezidenti yan\u0131nda D\u00f6vl\u0259t \u0130dar\u0259\u00e7ilik Akademiyas\u0131 v\u0259 Az\u0259rbaycan Milli Konservatoriyas\u0131n\u0131n birg\u0259 t\u0259\u015fkilat\u00e7\u0131l\u0131\u011f\u0131 il\u0259 31 dekabr &#8211; D\u00fcnya Az\u0259rbaycanl\u0131lar\u0131n\u0131n H\u0259mr\u0259ylik G\u00fcn\u00fc v\u0259 Yeni il\u0259 h\u0259sr edilmi\u015f t\u0259dbir ke\u00e7irilib.<\/p>\n\n\n\n<p>&nbsp; &nbsp; &nbsp;T\u0259dbird\u0259 akademiyan\u0131n rektoru, akademik Urxan \u018fl\u0259kb\u0259rov&nbsp;D\u00fcnya Az\u0259rbaycanl\u0131lar\u0131n\u0131n H\u0259mr\u0259ylik G\u00fcn\u00fc, Yeni 2018-ci il m\u00fcnasib\u0259ti il\u0259 kollektiv \u00fczvl\u0259rini t\u0259brik etmi\u015f,&nbsp; f\u0259aliyy\u0259til\u0259rind\u0259 yeni u\u011furlar arzulam\u0131\u015fd\u0131r. Az\u0259rbaycan\u00e7\u0131l\u0131q ideyas\u0131n\u0131n milli ideya v\u0259 d\u00f6vl\u0259t ideologiyas\u0131 kimi yay\u0131lmas\u0131na, h\u0259mv\u0259t\u0259nl\u0259rimiz aras\u0131nda milli h\u0259mr\u0259ylik v\u0259 birliyin m\u00f6hk\u0259ml\u0259nm\u0259sin\u0259, xalq\u0131m\u0131z\u0131n m\u0259n\u0259vi b\u00fct\u00f6vl\u00fcy\u00fcn\u00fc t\u0259min etm\u0259y\u0259 xidm\u0259t ed\u0259n \u201c31 dekabr-D\u00fcnya Az\u0259rbaycanl\u0131lar\u0131n\u0131n H\u0259mr\u0259ylik G\u00fcn\u00fc\u201dn\u00fcn qeyd olunmas\u0131ni \u00fcmummilli lider Heyd\u0259r \u018fliyev d\u00fchas\u0131n\u0131n xalq\u0131m\u0131za, d\u00fcnya az\u0259rbaycanl\u0131lar\u0131na, milli m\u0259n\u0259viyyat tariximiz\u0259 verdiyi misilsiz t\u00f6hf\u0259 oldu\u011funu bildirmi\u015fdir.<\/p>\n\n\n\n<p>&nbsp; &nbsp; &nbsp;Rektor \u00f6lk\u0259 prezidenti c\u0259nab \u0130lham \u018fliyevin apard\u0131\u011f\u0131 siyas\u0259t n\u0259tic\u0259sind\u0259 d\u00f6vl\u0259t\u00e7iliyimizin daha da m\u00f6hk\u0259ml\u0259ndirilm\u0259si, innovativ strateji idar\u0259etm\u0259nin u\u011furlu n\u0259tic\u0259l\u0259ri, c\u0259miyy\u0259t h\u0259yat\u0131n\u0131n demokratikl\u0259\u015fm\u0259si, d\u00f6vl\u0259t xidm\u0259tl\u0259rinin asanla\u015fd\u0131r\u0131lmas\u0131, milli proqramlar\u0131n q\u0259bulu n\u0259tic\u0259sind\u0259 xalq\u0131n rufah hal\u0131n\u0131n yax\u015f\u0131la\u015fmas\u0131 kimi pozitiv ir\u0259lil\u0259yi\u015fl\u0259r, \u00f6lk\u0259mizin regionda lider v\u0259 d\u00fcnyada s\u00f6z sahibi olan d\u00f6vl\u0259t\u0259 \u00e7evrilm\u0259si, z\u0259ngin t\u0259bii resurslar\u0131m\u0131z\u0131n milli intellektal potensiala \u00e7evrilm\u0259si, c\u0259miyy\u0259timizin stabillikd\u0259n modernl\u0259\u015fm\u0259 m\u0259rh\u0259l\u0259sin\u0259 q\u0259d\u0259m qoymas\u0131 kimi tarixi xidm\u0259tl\u0259ri qeyt etmi\u015fdir.&nbsp;&nbsp;<\/p>\n\n\n\n<p>&nbsp; &nbsp; &nbsp; Sonra Az\u0259rbaycan Milli Konservatoriyas\u0131n\u0131n rektoru, professor Siyavu\u015f K\u0259riminin v\u0259 xalq artisti<\/p>\n\n\n\n<p>Az\u0259r Zeynalovun i\u015ftirak\u0131 il\u0259 unudunmaz b\u0259st\u0259kar Tofiq Quliyevin mahn\u0131lar\u0131 g\u0259nc ifa\u00e7\u0131lar t\u0259r\u0259find\u0259n s\u0259sl\u0259nmi\u015fdir.<\/p>\n\n\n\n<p><\/p>\n\n\n\n<figure class=\"wp-container-2 wp-block-gallery-1 wp-block-gallery columns-3 is-cropped\"><ul class=\"blocks-gallery-grid\"><li class=\"blocks-gallery-item\"><figure><img width=\"448\" height=\"297\" src=\"https:\/\/dia.edu.az\/wp-content\/uploads\/2021\/03\/26.12.jpg\" alt=\"\" data-id=\"12116\" data-full-url=\"https:\/\/dia.edu.az\/wp-content\/uploads\/2021\/03\/26.12.jpg\" data-link=\"https:\/\/dia.edu.az\/?attachment_id=12116\" class=\"wp-image-12116\" srcset=\"https:\/\/legacy.dia.edu.az\/wp-content\/uploads\/2021\/03\/26.12.jpg 448w, https:\/\/legacy.dia.edu.az\/wp-content\/uploads\/2021\/03\/26.12-300x199.jpg 300w, https:\/\/legacy.dia.edu.az\/wp-content\/uploads\/2021\/03\/26.12-16x12.jpg 16w, https:\/\/legacy.dia.edu.az\/wp-content\/uploads\/2021\/03\/26.12-150x100.jpg 150w\" sizes=\"(max-width: 448px) 100vw, 448px\" \/><\/figure><\/li><li class=\"blocks-gallery-item\"><figure><img width=\"448\" height=\"297\" src=\"https:\/\/dia.edu.az\/wp-content\/uploads\/2021\/03\/26.1217.jpg\" alt=\"\" data-id=\"12117\" data-full-url=\"https:\/\/dia.edu.az\/wp-content\/uploads\/2021\/03\/26.1217.jpg\" data-link=\"https:\/\/dia.edu.az\/?attachment_id=12117\" class=\"wp-image-12117\" srcset=\"https:\/\/legacy.dia.edu.az\/wp-content\/uploads\/2021\/03\/26.1217.jpg 448w, https:\/\/legacy.dia.edu.az\/wp-content\/uploads\/2021\/03\/26.1217-300x199.jpg 300w, https:\/\/legacy.dia.edu.az\/wp-content\/uploads\/2021\/03\/26.1217-16x12.jpg 16w, https:\/\/legacy.dia.edu.az\/wp-content\/uploads\/2021\/03\/26.1217-150x100.jpg 150w\" sizes=\"(max-width: 448px) 100vw, 448px\" \/><\/figure><\/li><li class=\"blocks-gallery-item\"><figure><img width=\"448\" height=\"297\" src=\"https:\/\/dia.edu.az\/wp-content\/uploads\/2021\/03\/2612.jpg\" alt=\"\" data-id=\"12118\" data-full-url=\"https:\/\/dia.edu.az\/wp-content\/uploads\/2021\/03\/2612.jpg\" data-link=\"https:\/\/dia.edu.az\/?attachment_id=12118\" class=\"wp-image-12118\" srcset=\"https:\/\/legacy.dia.edu.az\/wp-content\/uploads\/2021\/03\/2612.jpg 448w, https:\/\/legacy.dia.edu.az\/wp-content\/uploads\/2021\/03\/2612-300x199.jpg 300w, https:\/\/legacy.dia.edu.az\/wp-content\/uploads\/2021\/03\/2612-16x12.jpg 16w, https:\/\/legacy.dia.edu.az\/wp-content\/uploads\/2021\/03\/2612-150x100.jpg 150w\" sizes=\"(max-width: 448px) 100vw, 448px\" \/><\/figure><\/li><li class=\"blocks-gallery-item\"><figure><img width=\"448\" height=\"297\" src=\"https:\/\/dia.edu.az\/wp-content\/uploads\/2021\/03\/231217.jpg\" alt=\"\" data-id=\"12119\" data-full-url=\"https:\/\/dia.edu.az\/wp-content\/uploads\/2021\/03\/231217.jpg\" data-link=\"https:\/\/dia.edu.az\/?attachment_id=12119\" class=\"wp-image-12119\" srcset=\"https:\/\/legacy.dia.edu.az\/wp-content\/uploads\/2021\/03\/231217.jpg 448w, https:\/\/legacy.dia.edu.az\/wp-content\/uploads\/2021\/03\/231217-300x199.jpg 300w, https:\/\/legacy.dia.edu.az\/wp-content\/uploads\/2021\/03\/231217-16x12.jpg 16w, https:\/\/legacy.dia.edu.az\/wp-content\/uploads\/2021\/03\/231217-150x100.jpg 150w\" sizes=\"(max-width: 448px) 100vw, 448px\" \/><\/figure><\/li><\/ul><\/figure>","protected":false},"excerpt":{"rendered":"<p>D\u00f6vl\u0259t \u0130dar\u0259\u00e7ilik Akademiyas\u0131da 31 dekabr D\u00fcnya Az\u0259rbaycanl\u0131lar\u0131n\u0131n H\u0259mr\u0259ylik G\u00fcn\u00fc v\u0259 Yeni il qeyd edilibDek 26 , 2017 &#8211; 09:54 &nbsp; &nbsp; &nbsp;Dekabr\u0131n 26-da Az\u0259rbaycan Respublikas\u0131n\u0131n Prezidenti yan\u0131nda D\u00f6vl\u0259t \u0130dar\u0259\u00e7ilik Akademiyas\u0131 v\u0259 Az\u0259rbaycan Milli Konservatoriyas\u0131n\u0131n birg\u0259 t\u0259\u015fkilat\u00e7\u0131l\u0131\u011f\u0131 il\u0259 31 dekabr &#8211; D\u00fcnya Az\u0259rbaycanl\u0131lar\u0131n\u0131n H\u0259mr\u0259ylik G\u00fcn\u00fc v\u0259 Yeni il\u0259 h\u0259sr edilmi\u015f t\u0259dbir ke\u00e7irilib. &nbsp; &nbsp; &nbsp;T\u0259dbird\u0259 akademiyan\u0131n [&hellip;]<\/p>","protected":false},"author":2,"featured_media":12118,"comment_status":"closed","ping_status":"closed","sticky":false,"template":"","format":"standard","meta":[],"categories":[137],"tags":[],"_links":{"self":[{"href":"https:\/\/legacy.dia.edu.az\/en\/wp-json\/wp\/v2\/posts\/12115"}],"collection":[{"href":"https:\/\/legacy.dia.edu.az\/en\/wp-json\/wp\/v2\/posts"}],"about":[{"href":"https:\/\/legacy.dia.edu.az\/en\/wp-json\/wp\/v2\/types\/post"}],"author":[{"embeddable":true,"href":"https:\/\/legacy.dia.edu.az\/en\/wp-json\/wp\/v2\/users\/2"}],"replies":[{"embeddable":true,"href":"https:\/\/legacy.dia.edu.az\/en\/wp-json\/wp\/v2\/comments?post=12115"}],"version-history":[{"count":0,"href":"https:\/\/legacy.dia.edu.az\/en\/wp-json\/wp\/v2\/posts\/12115\/revisions"}],"wp:featuredmedia":[{"embeddable":true,"href":"https:\/\/legacy.dia.edu.az\/en\/wp-json\/wp\/v2\/media\/12118"}],"wp:attachment":[{"href":"https:\/\/legacy.dia.edu.az\/en\/wp-json\/wp\/v2\/media?parent=12115"}],"wp:term":[{"taxonomy":"category","embeddable":true,"href":"https:\/\/legacy.dia.edu.az\/en\/wp-json\/wp\/v2\/categories?post=12115"},{"taxonomy":"post_tag","embeddable":true,"href":"https:\/\/legacy.dia.edu.az\/en\/wp-json\/wp\/v2\/tags?post=12115"}],"curies":[{"name":"wp","href":"https:\/\/api.w.org\/{rel}","templated":true}]}}