{"id":12092,"date":"2018-01-30T00:46:00","date_gmt":"2018-01-29T21:46:00","guid":{"rendered":"https:\/\/dia.edu.az\/?p=12092"},"modified":"2021-03-15T00:47:42","modified_gmt":"2021-03-14T21:47:42","slug":"az%c9%99rbaycan-xalq-cumhuriyy%c9%99tinin-100-illiyin%c9%99-h%c9%99sr-edilmis-kitab-dia-da-muzakir%c9%99-olunub","status":"publish","type":"post","link":"https:\/\/legacy.dia.edu.az\/en\/arxivl\u0259r\/12092","title":{"rendered":"Az\u0259rbaycan Xalq C\u00fcmhuriyy\u0259tinin 100 illiyin\u0259 h\u0259sr edilmi\u015f kitab D\u0130A-da m\u00fczakir\u0259 olunub"},"content":{"rendered":"<p><\/p>\n\n\n\n<p><strong>Az\u0259rbaycan Xalq C\u00fcmhuriyy\u0259tinin 100 illiyin\u0259 h\u0259sr edilmi\u015f kitab D\u0130A-da m\u00fczakir\u0259 olunub<\/strong><br><em>Yan 30 , 2018 &#8211; 03:06<\/em><\/p>\n\n\n\n<p>Az\u0259rbaycan Respublikas\u0131n\u0131n Prezidenti yan\u0131nda D\u00f6vl\u0259t \u0130dar\u0259\u00e7ilik Akademiyas\u0131nda (D\u0130A) Az\u0259rbaycan Xalq C\u00fcmhuriyy\u0259tinin 100 illiyin\u0259 h\u0259sr edilmi\u015f \u201cADR &#8211; \u0130ran diplomatik m\u00fcnasib\u0259tl\u0259ri Qafqaz F\u00f6vq\u0259lad\u0259 Komissiyas\u0131n\u0131n s\u0259n\u0259dl\u0259ri i\u015f\u0131\u011f\u0131nda (1919-1920-ci ill\u0259r)\u201d kitab m\u00fczakir\u0259 olunub. Kitab\u0131n ideya v\u0259 \u201c\u00d6n s\u00f6z\u201d\u00fcn\u00fcn m\u00fc\u0259llifi, elmi redaktoru Az\u0259rbaycan Respublikas\u0131 Prezidenti Administrasiyas\u0131n\u0131n r\u0259hb\u0259ri, akademik Ramiz Mehdiyevdir.<\/p>\n\n\n\n<p>T\u0259dbird\u0259 \u00e7\u0131x\u0131\u015f ed\u0259n D\u0130A-n\u0131n rektoru, akademik Urxan \u018fl\u0259kb\u0259rov Prezident \u0130lham \u018fliyevin Az\u0259rbaycan Xalq C\u00fcmhuriyy\u0259tinin 100 illiyi il\u0259 ba\u011fl\u0131 S\u0259r\u0259ncam\u0131na \u0259sas\u0259n haz\u0131rlanm\u0131\u015f kitab\u0131 \u0259lam\u0259tdar yubiley\u0259 d\u0259y\u0259rli t\u00f6hf\u0259 adland\u0131r\u0131b. Diqq\u0259t\u0259 \u00e7atd\u0131r\u0131l\u0131b ki, ilk d\u0259f\u0259 ana dilimizd\u0259 n\u0259\u015fr edil\u0259n diplomatik yaz\u0131\u015fmalar toplusu 1919-1920-ci ill\u0259rd\u0259 C\u00fcmhuriyy\u0259tin \u0130ranla siyasi \u0259laq\u0259l\u0259rin\u0259 dair m\u00fch\u00fcm tarixi m\u0259nb\u0259l\u0259rd\u0259n biridir. Rektor n\u0259\u015frin Az\u0259rbaycan Xalq C\u00fcmhuriyy\u0259tinin siyasi tarixinin bir s\u0131ra qaranl\u0131q s\u0259hif\u0259l\u0259rin\u0259 i\u015f\u0131q salmas\u0131 bax\u0131m\u0131ndan \u0259h\u0259miyy\u0259tini vur\u011fulay\u0131b. Qeyd edib ki, bu \u0259s\u0259r m\u00fcasir idar\u0259\u00e7ilik sah\u0259sind\u0259 kadrlar\u0131n haz\u0131rlanmas\u0131 prosesind\u0259 d\u0259 g\u0259r\u0259kli m\u0259nb\u0259dir.<\/p>\n\n\n\n<p>D\u0130A-n\u0131n birinci prorektoru, professor \u018flikram Abdullayev, Milli M\u0259clisin deputat\u0131, bu ali t\u0259hsil oca\u011f\u0131n\u0131n Siyasi Ara\u015fd\u0131rmalar \u0130nstitutunun m\u00fcdiri, siyasi elml\u0259r doktoru, professor Elman N\u0259sirov, humanitar v\u0259 sosial m\u0259s\u0259l\u0259l\u0259r \u00fczr\u0259 prorektoru, h\u00fcquq elml\u0259r doktoru, dosent Mehdi Abdullayev, siyasi idar\u0259etm\u0259 fak\u00fclt\u0259sinin dekan\u0131, siyasi elml\u0259r doktoru, professor El\u00e7in \u018fhm\u0259dov, tarix kafedras\u0131n\u0131n m\u00fcdiri, dosent Firdovsiyy\u0259 \u018fhm\u0259dova v\u0259 h\u0259min kafedran\u0131n professoru Musa Quliyev kitabla ba\u011fl\u0131 fikirl\u0259rini b\u00f6l\u00fc\u015f\u00fcbl\u0259r. Vur\u011fulan\u0131b ki, 98 s\u0259n\u0259din yer ald\u0131\u011f\u0131 bu toplu C\u0259nubi Qafqaz regionunda c\u0259r\u0259yan ed\u0259n siyasi prosesl\u0259rin t\u0259dqiqi bax\u0131m\u0131ndan da b\u00f6y\u00fck \u0259h\u0259miyy\u0259t\u0259 malikdir.<\/p>\n\n\n\n<p><\/p>\n\n\n\n<figure class=\"wp-container-2 wp-block-gallery-1 wp-block-gallery columns-1 is-cropped\"><ul class=\"blocks-gallery-grid\"><li class=\"blocks-gallery-item\"><figure><img width=\"1024\" height=\"678\" src=\"https:\/\/dia.edu.az\/wp-content\/uploads\/2021\/03\/30011517310724-1024x678.jpg\" alt=\"\" data-id=\"12093\" data-full-url=\"https:\/\/dia.edu.az\/wp-content\/uploads\/2021\/03\/30011517310724-scaled.jpg\" data-link=\"https:\/\/dia.edu.az\/?attachment_id=12093\" class=\"wp-image-12093\" srcset=\"https:\/\/legacy.dia.edu.az\/wp-content\/uploads\/2021\/03\/30011517310724-1024x678.jpg 1024w, https:\/\/legacy.dia.edu.az\/wp-content\/uploads\/2021\/03\/30011517310724-300x199.jpg 300w, https:\/\/legacy.dia.edu.az\/wp-content\/uploads\/2021\/03\/30011517310724-1536x1017.jpg 1536w, https:\/\/legacy.dia.edu.az\/wp-content\/uploads\/2021\/03\/30011517310724-2048x1356.jpg 2048w, https:\/\/legacy.dia.edu.az\/wp-content\/uploads\/2021\/03\/30011517310724-16x12.jpg 16w, https:\/\/legacy.dia.edu.az\/wp-content\/uploads\/2021\/03\/30011517310724-150x100.jpg 150w, https:\/\/legacy.dia.edu.az\/wp-content\/uploads\/2021\/03\/30011517310724-300x199@2x.jpg 600w\" sizes=\"(max-width: 1024px) 100vw, 1024px\" \/><\/figure><\/li><\/ul><\/figure>","protected":false},"excerpt":{"rendered":"<p>Az\u0259rbaycan Xalq C\u00fcmhuriyy\u0259tinin 100 illiyin\u0259 h\u0259sr edilmi\u015f kitab D\u0130A-da m\u00fczakir\u0259 olunubYan 30 , 2018 &#8211; 03:06 Az\u0259rbaycan Respublikas\u0131n\u0131n Prezidenti yan\u0131nda D\u00f6vl\u0259t \u0130dar\u0259\u00e7ilik Akademiyas\u0131nda (D\u0130A) Az\u0259rbaycan Xalq C\u00fcmhuriyy\u0259tinin 100 illiyin\u0259 h\u0259sr edilmi\u015f \u201cADR &#8211; \u0130ran diplomatik m\u00fcnasib\u0259tl\u0259ri Qafqaz F\u00f6vq\u0259lad\u0259 Komissiyas\u0131n\u0131n s\u0259n\u0259dl\u0259ri i\u015f\u0131\u011f\u0131nda (1919-1920-ci ill\u0259r)\u201d kitab m\u00fczakir\u0259 olunub. Kitab\u0131n ideya v\u0259 \u201c\u00d6n s\u00f6z\u201d\u00fcn\u00fcn m\u00fc\u0259llifi, elmi redaktoru Az\u0259rbaycan [&hellip;]<\/p>","protected":false},"author":2,"featured_media":12093,"comment_status":"closed","ping_status":"closed","sticky":false,"template":"","format":"standard","meta":[],"categories":[137],"tags":[],"_links":{"self":[{"href":"https:\/\/legacy.dia.edu.az\/en\/wp-json\/wp\/v2\/posts\/12092"}],"collection":[{"href":"https:\/\/legacy.dia.edu.az\/en\/wp-json\/wp\/v2\/posts"}],"about":[{"href":"https:\/\/legacy.dia.edu.az\/en\/wp-json\/wp\/v2\/types\/post"}],"author":[{"embeddable":true,"href":"https:\/\/legacy.dia.edu.az\/en\/wp-json\/wp\/v2\/users\/2"}],"replies":[{"embeddable":true,"href":"https:\/\/legacy.dia.edu.az\/en\/wp-json\/wp\/v2\/comments?post=12092"}],"version-history":[{"count":0,"href":"https:\/\/legacy.dia.edu.az\/en\/wp-json\/wp\/v2\/posts\/12092\/revisions"}],"wp:featuredmedia":[{"embeddable":true,"href":"https:\/\/legacy.dia.edu.az\/en\/wp-json\/wp\/v2\/media\/12093"}],"wp:attachment":[{"href":"https:\/\/legacy.dia.edu.az\/en\/wp-json\/wp\/v2\/media?parent=12092"}],"wp:term":[{"taxonomy":"category","embeddable":true,"href":"https:\/\/legacy.dia.edu.az\/en\/wp-json\/wp\/v2\/categories?post=12092"},{"taxonomy":"post_tag","embeddable":true,"href":"https:\/\/legacy.dia.edu.az\/en\/wp-json\/wp\/v2\/tags?post=12092"}],"curies":[{"name":"wp","href":"https:\/\/api.w.org\/{rel}","templated":true}]}}