{"id":12056,"date":"2018-04-05T00:37:00","date_gmt":"2018-04-04T21:37:00","guid":{"rendered":"https:\/\/dia.edu.az\/?p=12056"},"modified":"2021-03-15T00:38:06","modified_gmt":"2021-03-14T21:38:06","slug":"dia-da-seminar-heyd%c9%99r-%c9%99liyev-v%c9%99-az%c9%99rbaycan-respublikasinin-muasir-gomruk-siyas%c9%99ti","status":"publish","type":"post","link":"https:\/\/legacy.dia.edu.az\/en\/arxivl\u0259r\/12056","title":{"rendered":"D\u0130A-da seminar: \u201cHeyd\u0259r \u018fliyev v\u0259 Az\u0259rbaycan Respublikas\u0131n\u0131n m\u00fcasir g\u00f6mr\u00fck siyas\u0259ti\u201d"},"content":{"rendered":"<p><\/p>\n\n\n\n<p><strong>D\u0130A-da seminar: \u201cHeyd\u0259r \u018fliyev v\u0259 Az\u0259rbaycan Respublikas\u0131n\u0131n m\u00fcasir g\u00f6mr\u00fck siyas\u0259ti\u201d<\/strong><br><em>Apr 05 , 2018 &#8211; 07:49<\/em><\/p>\n\n\n\n<p>Aprelin 5-d\u0259 Az\u0259rbaycan Respublikas\u0131n\u0131n Prezidenti yan\u0131nda D\u00f6vl\u0259t \u0130dar\u0259\u00e7ilik Akademiyas\u0131n\u0131n (D\u0130A) n\u0259zdind\u0259 f\u0259aliyy\u0259t g\u00f6st\u0259r\u0259n \u201cHeyd\u0259r \u018fliyev D\u00f6vl\u0259t \u0130dar\u0259\u00e7iliyi M\u0259kt\u0259bi\u201dnd\u0259 \u201cHeyd\u0259r \u018fliyev v\u0259 Az\u0259rbaycan Respublikas\u0131n\u0131n m\u00fcasir g\u00f6mr\u00fck siyas\u0259ti\u201d m\u00f6vzusunda seminar-m\u0259\u015f\u011f\u0259l\u0259 ke\u00e7irilib.<\/p>\n\n\n\n<p>T\u0259dbird\u0259 D\u0130A-n\u0131n rektoru, akademik Urxan \u018fl\u0259kb\u0259rov Heyd\u0259r \u018fliyev siyas\u0259tinin u\u011furlu n\u0259tic\u0259l\u0259rind\u0259n dan\u0131\u015f\u0131b, Ulu \u00d6nd\u0259rin ideyalar\u0131n\u0131n Prezident \u0130lham \u018fliyev t\u0259r\u0259find\u0259n q\u0259tiyy\u0259tl\u0259 h\u0259yata ke\u00e7irildiyini bildirib.<\/p>\n\n\n\n<p>Rektor Az\u0259rbaycan\u0131n iqtisadiyyat\u0131n\u0131n s\u00fcr\u0259tl\u0259 inki\u015faf etdiyini konkret faktlarla diqq\u0259t\u0259 \u00e7atd\u0131r\u0131b. Qeyd olunub ki, dahi r\u0259hb\u0259r Heyd\u0259r \u018fliyev t\u0259r\u0259find\u0259n \u0259sas\u0131 qoyulmu\u015f v\u0259 Prezident \u0130lham \u018fliyevin u\u011furla inki\u015faf etdirdiyi innovativ idar\u0259etm\u0259 texnologiyalar\u0131n\u0131n n\u0259z\u0259ri \u0259saslar\u0131n\u0131n i\u015fl\u0259nilm\u0259si, onlar\u0131n t\u0259cr\u00fcb\u0259d\u0259 t\u0259tbiqi n\u0259tic\u0259sind\u0259 bir s\u0131ra iqtisadi v\u0259 sosial g\u00f6st\u0259ricil\u0259rin\u0259 g\u00f6r\u0259 m\u00fcasir Az\u0259rbaycan Respublikas\u0131 haz\u0131rda y\u00fczillik tarixi olan v\u0259 d\u00fcnya liderl\u0259ri say\u0131lan \u00f6lk\u0259l\u0259rl\u0259 r\u0259qab\u0259t aparmaq durumundad\u0131r. D\u00f6vl\u0259timizin ba\u015f\u00e7\u0131s\u0131n\u0131n t\u0259tbiq etdiyi v\u0259 d\u00fcnya miqyas\u0131nda ilk d\u0259f\u0259 i\u015fl\u0259nilmi\u015f sinergetik, kompensator idar\u0259\u00e7ilik texnologiyalar\u0131 say\u0259sind\u0259 2018-ci ilin yanvar\u0131nda ke\u00e7iril\u0259n Davos forumunun hesabat\u0131nda Az\u0259rbaycan\u0131n inkl\u00fcziv inki\u015faf indeksi Latviya, Pol\u015fa, Rum\u0131niya, Bolqar\u0131stan, Xorvatiya, \u0130taliya, \u0130spaniya, Portuqaliya, Yunan\u0131stan kimi Avropa \u0130ttifaq\u0131na \u00fczv olan d\u00f6vl\u0259tl\u0259rin g\u00f6st\u0259ricil\u0259rind\u0259n y\u00fcks\u0259kdir.<\/p>\n\n\n\n<p>Akademik U.\u018fl\u0259kb\u0259rov \u00f6lk\u0259nin beyn\u0259lxalq iqtisadi v\u0259 ticar\u0259t \u0259laq\u0259l\u0259rinin geni\u015f\u0259ndirilm\u0259sind\u0259 m\u00fcst\u0259sna \u0259h\u0259miyy\u0259t\u0259 malik g\u00f6mr\u00fck sisteminin Az\u0259rbaycan\u0131n m\u00fcasir t\u0259r\u0259qqisind\u0259 m\u00fch\u00fcm rolunu vur\u011fulay\u0131b.<\/p>\n\n\n\n<p>D\u00f6vl\u0259t G\u00f6mr\u00fck Komit\u0259sinin (DGK) s\u0259dri, Beyn\u0259lxalq G\u00f6mr\u00fck Universitetl\u0259ri \u015e\u0259b\u0259k\u0259sinin (\u0130NCU) f\u0259xri \u00fczv\u00fc, g\u00f6mr\u00fck xidm\u0259ti general-polkovniki Ayd\u0131n \u018fliyev Az\u0259rbaycan Respublikas\u0131n\u0131n g\u00f6mr\u00fck sisteminin \u00fcmummilli lider Heyd\u0259r \u018fliyev t\u0259r\u0259find\u0259n m\u00fc\u0259yy\u0259nl\u0259\u015fdiril\u0259n siyas\u0259t\u0259 uy\u011fun formala\u015fd\u0131\u011f\u0131n\u0131, Prezident \u0130lham \u018fliyevin d\u0259st\u0259yi v\u0259 qay\u011f\u0131s\u0131 say\u0259sind\u0259 inki\u015faf ed\u0259r\u0259k d\u00f6vl\u0259t m\u00fcst\u0259qilliyinin \u0259sas atributlar\u0131ndan biri olan \u00e7oxfunksiyal\u0131 kompleks\u0259 \u00e7evrildiyini bildirib.<\/p>\n\n\n\n<p>\u00d6lk\u0259mizd\u0259 g\u00f6mr\u00fck xidm\u0259tinin inki\u015faf m\u0259rh\u0259l\u0259l\u0259ri, g\u00f6mr\u00fck siyas\u0259ti, g\u00f6mr\u00fck orqanlar\u0131n\u0131n f\u0259aliyy\u0259t mexanizmi bar\u0259d\u0259 m\u0259lumat ver\u0259n A.\u018fliyev diqq\u0259t\u0259 \u00e7atd\u0131r\u0131b ki, h\u0259yata ke\u00e7iril\u0259n islahatlar n\u0259tic\u0259sind\u0259 Az\u0259rbaycan g\u00f6mr\u00fcy\u00fc keyfiyy\u0259tc\u0259 yeni inki\u015faf m\u0259rh\u0259l\u0259sin\u0259 daxil olub v\u0259 d\u00f6vl\u0259t b\u00fcdc\u0259sinin formala\u015fmas\u0131nda DGK-n\u0131n rolu art\u0131b.<\/p>\n\n\n\n<p>Komit\u0259 s\u0259dri \u00f6lk\u0259d\u0259 g\u00f6mr\u00fck sisteminin t\u0259kmill\u0259\u015fdirilm\u0259si istiqam\u0259tind\u0259 d\u00f6vl\u0259t ba\u015f\u00e7\u0131s\u0131n\u0131n r\u0259hb\u0259rliyi alt\u0131nda realla\u015fd\u0131r\u0131lan t\u0259dbirl\u0259rin \u0259h\u0259miyy\u0259tind\u0259n b\u0259hs edib. A.\u018fliyev vur\u011fulay\u0131b ki, Az\u0259rbaycanda g\u00f6mr\u00fck sistemi u\u011furla f\u0259aliyy\u0259t g\u00f6st\u0259rir v\u0259 bu g\u00fcn Heyd\u0259r \u018fliyev siyasi x\u0259ttini \u0259zml\u0259 davam etdir\u0259n Prezident \u0130lham \u018fliyev Az\u0259rbaycan g\u00f6mr\u00fcy\u00fcn\u00fcn daha da t\u0259kmill\u0259\u015fdirilm\u0259sin\u0259 x\u00fcsusi \u00f6n\u0259m verir.<\/p>\n\n\n\n<p>Sonda t\u0259l\u0259b\u0259l\u0259rin suallar\u0131 cavabland\u0131r\u0131l\u0131b.<\/p>\n\n\n\n<p><\/p>\n\n\n\n<figure class=\"wp-container-2 wp-block-gallery-1 wp-block-gallery columns-3 is-cropped\"><ul class=\"blocks-gallery-grid\"><li class=\"blocks-gallery-item\"><figure><img width=\"640\" height=\"433\" src=\"https:\/\/dia.edu.az\/wp-content\/uploads\/2021\/03\/05.04.18.jpg\" alt=\"\" data-id=\"12057\" data-full-url=\"https:\/\/dia.edu.az\/wp-content\/uploads\/2021\/03\/05.04.18.jpg\" data-link=\"https:\/\/dia.edu.az\/?attachment_id=12057\" class=\"wp-image-12057\" srcset=\"https:\/\/legacy.dia.edu.az\/wp-content\/uploads\/2021\/03\/05.04.18.jpg 640w, https:\/\/legacy.dia.edu.az\/wp-content\/uploads\/2021\/03\/05.04.18-300x203.jpg 300w, https:\/\/legacy.dia.edu.az\/wp-content\/uploads\/2021\/03\/05.04.18-16x12.jpg 16w, https:\/\/legacy.dia.edu.az\/wp-content\/uploads\/2021\/03\/05.04.18-150x100.jpg 150w, https:\/\/legacy.dia.edu.az\/wp-content\/uploads\/2021\/03\/05.04.18-300x203@2x.jpg 600w\" sizes=\"(max-width: 640px) 100vw, 640px\" \/><\/figure><\/li><li class=\"blocks-gallery-item\"><figure><img width=\"640\" height=\"424\" src=\"https:\/\/dia.edu.az\/wp-content\/uploads\/2021\/03\/05.04.jpg\" alt=\"\" data-id=\"12058\" data-full-url=\"https:\/\/dia.edu.az\/wp-content\/uploads\/2021\/03\/05.04.jpg\" data-link=\"https:\/\/dia.edu.az\/?attachment_id=12058\" class=\"wp-image-12058\" srcset=\"https:\/\/legacy.dia.edu.az\/wp-content\/uploads\/2021\/03\/05.04.jpg 640w, https:\/\/legacy.dia.edu.az\/wp-content\/uploads\/2021\/03\/05.04-300x199.jpg 300w, https:\/\/legacy.dia.edu.az\/wp-content\/uploads\/2021\/03\/05.04-16x12.jpg 16w, https:\/\/legacy.dia.edu.az\/wp-content\/uploads\/2021\/03\/05.04-150x100.jpg 150w, https:\/\/legacy.dia.edu.az\/wp-content\/uploads\/2021\/03\/05.04-300x199@2x.jpg 600w\" sizes=\"(max-width: 640px) 100vw, 640px\" \/><\/figure><\/li><li class=\"blocks-gallery-item\"><figure><img width=\"640\" height=\"426\" src=\"https:\/\/dia.edu.az\/wp-content\/uploads\/2021\/03\/0504.jpg\" alt=\"\" data-id=\"12059\" data-full-url=\"https:\/\/dia.edu.az\/wp-content\/uploads\/2021\/03\/0504.jpg\" data-link=\"https:\/\/dia.edu.az\/?attachment_id=12059\" class=\"wp-image-12059\" srcset=\"https:\/\/legacy.dia.edu.az\/wp-content\/uploads\/2021\/03\/0504.jpg 640w, https:\/\/legacy.dia.edu.az\/wp-content\/uploads\/2021\/03\/0504-300x200.jpg 300w, https:\/\/legacy.dia.edu.az\/wp-content\/uploads\/2021\/03\/0504-16x12.jpg 16w, https:\/\/legacy.dia.edu.az\/wp-content\/uploads\/2021\/03\/0504-150x100.jpg 150w, https:\/\/legacy.dia.edu.az\/wp-content\/uploads\/2021\/03\/0504-300x200@2x.jpg 600w\" sizes=\"(max-width: 640px) 100vw, 640px\" \/><\/figure><\/li><li class=\"blocks-gallery-item\"><figure><img width=\"640\" height=\"424\" src=\"https:\/\/dia.edu.az\/wp-content\/uploads\/2021\/03\/050418.jpg\" alt=\"\" data-id=\"12060\" data-full-url=\"https:\/\/dia.edu.az\/wp-content\/uploads\/2021\/03\/050418.jpg\" data-link=\"https:\/\/dia.edu.az\/?attachment_id=12060\" class=\"wp-image-12060\" srcset=\"https:\/\/legacy.dia.edu.az\/wp-content\/uploads\/2021\/03\/050418.jpg 640w, https:\/\/legacy.dia.edu.az\/wp-content\/uploads\/2021\/03\/050418-300x199.jpg 300w, https:\/\/legacy.dia.edu.az\/wp-content\/uploads\/2021\/03\/050418-16x12.jpg 16w, https:\/\/legacy.dia.edu.az\/wp-content\/uploads\/2021\/03\/050418-150x100.jpg 150w, https:\/\/legacy.dia.edu.az\/wp-content\/uploads\/2021\/03\/050418-300x199@2x.jpg 600w\" sizes=\"(max-width: 640px) 100vw, 640px\" \/><\/figure><\/li><\/ul><\/figure>","protected":false},"excerpt":{"rendered":"<p>D\u0130A-da seminar: \u201cHeyd\u0259r \u018fliyev v\u0259 Az\u0259rbaycan Respublikas\u0131n\u0131n m\u00fcasir g\u00f6mr\u00fck siyas\u0259ti\u201dApr 05 , 2018 &#8211; 07:49 Aprelin 5-d\u0259 Az\u0259rbaycan Respublikas\u0131n\u0131n Prezidenti yan\u0131nda D\u00f6vl\u0259t \u0130dar\u0259\u00e7ilik Akademiyas\u0131n\u0131n (D\u0130A) n\u0259zdind\u0259 f\u0259aliyy\u0259t g\u00f6st\u0259r\u0259n \u201cHeyd\u0259r \u018fliyev D\u00f6vl\u0259t \u0130dar\u0259\u00e7iliyi M\u0259kt\u0259bi\u201dnd\u0259 \u201cHeyd\u0259r \u018fliyev v\u0259 Az\u0259rbaycan Respublikas\u0131n\u0131n m\u00fcasir g\u00f6mr\u00fck siyas\u0259ti\u201d m\u00f6vzusunda seminar-m\u0259\u015f\u011f\u0259l\u0259 ke\u00e7irilib. T\u0259dbird\u0259 D\u0130A-n\u0131n rektoru, akademik Urxan \u018fl\u0259kb\u0259rov Heyd\u0259r \u018fliyev siyas\u0259tinin u\u011furlu n\u0259tic\u0259l\u0259rind\u0259n [&hellip;]<\/p>","protected":false},"author":2,"featured_media":12060,"comment_status":"closed","ping_status":"closed","sticky":false,"template":"","format":"standard","meta":[],"categories":[137],"tags":[],"_links":{"self":[{"href":"https:\/\/legacy.dia.edu.az\/en\/wp-json\/wp\/v2\/posts\/12056"}],"collection":[{"href":"https:\/\/legacy.dia.edu.az\/en\/wp-json\/wp\/v2\/posts"}],"about":[{"href":"https:\/\/legacy.dia.edu.az\/en\/wp-json\/wp\/v2\/types\/post"}],"author":[{"embeddable":true,"href":"https:\/\/legacy.dia.edu.az\/en\/wp-json\/wp\/v2\/users\/2"}],"replies":[{"embeddable":true,"href":"https:\/\/legacy.dia.edu.az\/en\/wp-json\/wp\/v2\/comments?post=12056"}],"version-history":[{"count":0,"href":"https:\/\/legacy.dia.edu.az\/en\/wp-json\/wp\/v2\/posts\/12056\/revisions"}],"wp:featuredmedia":[{"embeddable":true,"href":"https:\/\/legacy.dia.edu.az\/en\/wp-json\/wp\/v2\/media\/12060"}],"wp:attachment":[{"href":"https:\/\/legacy.dia.edu.az\/en\/wp-json\/wp\/v2\/media?parent=12056"}],"wp:term":[{"taxonomy":"category","embeddable":true,"href":"https:\/\/legacy.dia.edu.az\/en\/wp-json\/wp\/v2\/categories?post=12056"},{"taxonomy":"post_tag","embeddable":true,"href":"https:\/\/legacy.dia.edu.az\/en\/wp-json\/wp\/v2\/tags?post=12056"}],"curies":[{"name":"wp","href":"https:\/\/api.w.org\/{rel}","templated":true}]}}