{"id":12033,"date":"2018-04-25T00:27:00","date_gmt":"2018-04-24T21:27:00","guid":{"rendered":"https:\/\/dia.edu.az\/?p=12033"},"modified":"2021-03-15T00:28:42","modified_gmt":"2021-03-14T21:28:42","slug":"dia-da-heyd%c9%99r-%c9%99liyev-hakimiyy%c9%99t-v%c9%99-s%c9%99xsiyy%c9%99t-movzusunda-telekonfrans-kecirilib","status":"publish","type":"post","link":"https:\/\/legacy.dia.edu.az\/en\/arxivl\u0259r\/12033","title":{"rendered":"D\u0130A-da \u201cHeyd\u0259r \u018fliyev: hakimiyy\u0259t v\u0259 \u015f\u0259xsiyy\u0259t\u201d m\u00f6vzusunda telekonfrans ke\u00e7irilib"},"content":{"rendered":"<p><\/p>\n\n\n\n<p><strong>D\u0130A-da \u201cHeyd\u0259r \u018fliyev: hakimiyy\u0259t v\u0259 \u015f\u0259xsiyy\u0259t\u201d m\u00f6vzusunda telekonfrans ke\u00e7irilib<\/strong><br><em>Apr 25 , 2018 &#8211; 01:21<\/em><\/p>\n\n\n\n<p>Aprelin 25-d\u0259 Az\u0259rbaycan\u0131n Q\u0131r\u011f\u0131z\u0131standak\u0131 s\u0259firliyi, Az\u0259rbaycan Respublikas\u0131n\u0131n Prezidenti yan\u0131nda D\u00f6vl\u0259t \u0130dar\u0259\u00e7ilik Akademiyas\u0131 (D\u0130A) v\u0259 Q\u0131r\u011f\u0131z\u0131stan Respublikas\u0131n\u0131n Prezidenti yan\u0131nda D\u00f6vl\u0259t \u0130dar\u0259\u00e7ilik Akademiyas\u0131n\u0131n birg\u0259 t\u0259\u015fkilat\u00e7\u0131l\u0131\u011f\u0131 il\u0259 \u00fcmummilli lider Heyd\u0259r \u018fliyevin anadan olmas\u0131n\u0131n 95 illiyin\u0259 h\u0259sr edilmi\u015f online \u201cd\u0259yirmi masa\u201d ke\u00e7irilib.<\/p>\n\n\n\n<p>Rektor, akademik Urxan \u018fl\u0259kb\u0259rov bu ali m\u0259kt\u0259bin n\u0259zdind\u0259 f\u0259aliyy\u0259t g\u00f6st\u0259r\u0259n \u201cHeyd\u0259r \u018fliyev D\u00f6vl\u0259t \u0130dar\u0259\u00e7iliyi M\u0259kt\u0259bi\u201dnd\u0259n telek\u00f6rp\u00fc vasit\u0259sil\u0259 Q\u0131r\u011f\u0131z\u0131stan Respublikas\u0131n\u0131n Prezidenti yan\u0131nda D\u00f6vl\u0259t \u0130dar\u0259\u00e7ilik Akademiyas\u0131nda \u201cHeyd\u0259r \u018fliyev: hakimiyy\u0259t v\u0259 \u015f\u0259xsiyy\u0259t\u201d m\u00f6vzusunda ke\u00e7iril\u0259n \u201cd\u0259yirmi masa\u201dn\u0131n i\u015fin\u0259 qat\u0131l\u0131b. \u201cD\u0259yirmi masa\u201dda Az\u0259rbaycan\u0131n Q\u0131r\u011f\u0131z\u0131standak\u0131 s\u0259firi Hiday\u0259t Orucov, Q\u0131r\u011f\u0131z\u0131stan\u0131n D\u00f6vl\u0259t \u0130dar\u0259\u00e7ilik Akademiyas\u0131n\u0131n rektoru Almaz Nas\u0131rov, Q\u0131r\u011f\u0131z\u0131standa f\u0259aliyy\u0259t g\u00f6st\u0259r\u0259n ali t\u0259hsil m\u00fc\u0259ssis\u0259l\u0259rinin r\u0259hb\u0259rl\u0259ri, Q\u0131r\u011f\u0131z\u0131standa akkredit\u0259 olunmu\u015f xarici \u00f6lk\u0259l\u0259rin s\u0259firl\u0259ri, tan\u0131nm\u0131\u015f ziyal\u0131lar, g\u00f6rk\u0259mli elm xadiml\u0259ri, ictimaiyy\u0259tin n\u00fcmay\u0259nd\u0259l\u0259ri, diplomatlar i\u015ftirak edibl\u0259r.<\/p>\n\n\n\n<p>T\u0259dbird\u0259 \u00e7\u0131x\u0131\u015f ed\u0259n akademik U.\u018fl\u0259kb\u0259rov \u00fcmummilli liderin xalq\u0131m\u0131z qar\u015f\u0131s\u0131ndak\u0131 xidm\u0259tl\u0259rind\u0259n dan\u0131\u015f\u0131b. Ulu \u00d6nd\u0259rin m\u00fcst\u0259sna xidm\u0259tl\u0259rinin h\u0259l\u0259 uzun ill\u0259r t\u0259dqiqat\u00e7\u0131lar\u0131n diqq\u0259t m\u0259rk\u0259zind\u0259 olaca\u011f\u0131n\u0131 qeyd ed\u0259n rektor m\u00fcasir Az\u0259rbaycan d\u00f6vl\u0259tinin memar\u0131 v\u0259 qurucusu Heyd\u0259r \u018fliyevin xatir\u0259sinin Az\u0259rbaycan ya\u015fad\u0131qca daim xalq\u0131m\u0131z\u0131n yadda\u015f\u0131nda, \u00fcr\u0259yind\u0259 ya\u015fayaca\u011f\u0131n\u0131 vur\u011fulay\u0131b. U.\u018fl\u0259kb\u0259rov \u00dcmummilli Liderin \u00f6lk\u0259mizin davaml\u0131 inki\u015faf\u0131 sah\u0259sind\u0259 ba\u015flad\u0131\u011f\u0131 n\u0259h\u0259ng i\u015fl\u0259rin, m\u00f6ht\u0259\u015f\u0259m layih\u0259l\u0259rin bu g\u00fcn onun layiqli varisi Prezident \u0130lham \u018fliyev t\u0259r\u0259find\u0259n u\u011furla davam etdirildiyini diqq\u0259t\u0259 \u00e7atd\u0131r\u0131b. Akademik vur\u011fulay\u0131b ki, Az\u0259rbaycan\u0131n bug\u00fcnk\u00fc inki\u015faf yolunun \u0259sas istiqam\u0259tl\u0259rind\u0259n dan\u0131\u015fark\u0259n bu inki\u015faf\u0131n, ilk n\u00f6vb\u0259d\u0259, xalq\u0131m\u0131z\u0131n \u00fcmummilli lideri Heyd\u0259r \u018fliyevin siyasi, sosial prioritetl\u0259ri zaman\u0131nda d\u00fczg\u00fcn m\u00fc\u0259yy\u0259nl\u0259\u015fdirm\u0259sinin, h\u0259m\u00e7inin onun siyasi x\u0259ttinin ard\u0131c\u0131l davam etdirilm\u0259sinin n\u0259tic\u0259si oldu\u011funu birm\u0259nal\u0131 qeyd etm\u0259k laz\u0131md\u0131r. Rektor davaml\u0131 inki\u015faf v\u0259 insan potensial\u0131n\u0131n inki\u015faf\u0131n\u0131n b\u0259\u015f\u0259riyy\u0259tin XXI \u0259srd\u0259 \u0259sas prioriteti oldu\u011funu v\u0259 vaxtil\u0259 el\u0259 bu ger\u00e7\u0259klikl\u0259r\u0259 dayanan ulu \u00f6nd\u0259rin insan inki\u015faf\u0131 konsepsiyas\u0131n\u0131 m\u00fc\u0259yy\u0259nl\u0259\u015fdirdiyini diqq\u0259t\u0259 \u00e7atd\u0131r\u0131b. Bildirilib ki, Ulu \u00d6nd\u0259r t\u0259r\u0259find\u0259n t\u0259sdiq edilmi\u015f t\u0259hsil strategiyas\u0131na g\u00f6r\u0259, Az\u0259rbaycan Respublikas\u0131nda davaml\u0131 insan inki\u015faf\u0131 f\u0259nninin orta \u00fcmumt\u0259hsil m\u0259kt\u0259bl\u0259rinin proqramlar\u0131na daxil edilm\u0259si prosesin\u0259 2001-ci ild\u0259, qlobal miqyasda is\u0259 bu proses\u0259 d\u00f6rd il sonra &#8211; 2005-ci il mart\u0131n 1-d\u0259 BMT-nin ba\u015f katibi Kofi Annan v\u0259 UNESCO-nun ba\u015f direktoru Koi\u015firo Matsuura aras\u0131nda imzalanan s\u0259n\u0259dl\u0259 t\u0259kan verilib. U.\u018fl\u0259kb\u0259rov m\u0259hz m\u00fcdrik siyas\u0259t\u00e7i Heyd\u0259r \u018fliyev t\u0259r\u0259find\u0259n m\u00fc\u0259yy\u0259nl\u0259\u015fdiril\u0259n v\u0259 Prezident \u0130lham \u018fliyevin yarad\u0131c\u0131l\u0131qla realla\u015fd\u0131rd\u0131\u011f\u0131 innovativ inki\u015faf strategiyas\u0131 say\u0259sind\u0259 2015-2030-cu ill\u0259r \u00fc\u00e7\u00fcn BMT t\u0259r\u0259find\u0259n qlobal prioritet kimi planla\u015fd\u0131r\u0131lan h\u0259d\u0259fl\u0259r\u0259 \u00f6lk\u0259mizin y\u00fcks\u0259k s\u0259viyy\u0259d\u0259 haz\u0131rl\u0131ql\u0131 oldu\u011funu vur\u011fulay\u0131b. Akademik U.\u018fl\u0259kb\u0259rov qeyd edib ki, davaml\u0131 inki\u015faf prosesl\u0259rinin planla\u015fd\u0131r\u0131lmas\u0131 v\u0259 idar\u0259 edilm\u0259si sah\u0259sind\u0259 qazan\u0131lan y\u00fcks\u0259k u\u011furlar d\u00f6vl\u0259t idar\u0259\u00e7iliyind\u0259 innovativ texnologiyalar\u0131n geni\u015f istifad\u0259sinin n\u0259tic\u0259sidir. Rektorun s\u00f6zl\u0259rin\u0259 g\u00f6r\u0259, Prezident \u0130lham \u018fliyevin 2003-c\u00fc ild\u0259 D\u00fcnya Sammitind\u0259ki v\u0259 2016-c\u0131 ild\u0259 Bak\u0131 Beyn\u0259lxalq Humanitar Forumundak\u0131 \u00e7\u0131x\u0131\u015flar\u0131nda innovativ inki\u015faf strategiyas\u0131n\u0131n \u0259sas m\u0259qamlar\u0131 i\u015f\u0131qland\u0131r\u0131l\u0131b.<\/p>\n\n\n\n<p>U.\u018fl\u0259kb\u0259rov \u00f6lk\u0259mizin innovativ t\u0259r\u0259qqisi il\u0259 ba\u011fl\u0131 BMT, D\u00fcnya Bank\u0131 v\u0259 dig\u0259r n\u00fcfuzlu beyn\u0259lxalq qurumlar\u0131n qiym\u0259tl\u0259ndirm\u0259l\u0259rin\u0259 \u0259saslanan t\u0259hlill\u0259ri d\u0259 i\u015ftirak\u00e7\u0131lar\u0131n diqq\u0259tin\u0259 \u00e7atd\u0131r\u0131b. Rektor vur\u011fulay\u0131b ki, \u00f6lk\u0259nin q\u0131sa m\u00fcdd\u0259td\u0259 iqtisadi v\u0259 sosial sah\u0259d\u0259 qazand\u0131\u011f\u0131 y\u00fcks\u0259k nailiyy\u0259tl\u0259ri, XXI \u0259srin \u00e7a\u011f\u0131r\u0131\u015flar\u0131n\u0131n h\u0259llin\u0259 y\u00f6n\u0259lmi\u015f d\u00fcnya \u0259h\u0259miyy\u0259tli t\u0259\u015f\u0259bb\u00fcsl\u0259ri, ild\u0259n-il\u0259 artan beyn\u0259lxalq n\u00fcfuzu Az\u0259rbaycan\u0131 bir \u00e7ox istiqam\u0259tl\u0259rd\u0259 regional v\u0259 qlobal lider\u0259 \u00e7evirib. Qeyd edilib ki, son 15 ild\u0259 \u00f6lk\u0259mizd\u0259 davaml\u0131 inki\u015faf \u00fc\u00e7\u00fcn iqtisadi baza yarad\u0131l\u0131b. Eyni zamanda, m\u0259lumat verilib ki, Az\u0259rbaycan son ill\u0259rd\u0259 bir \u00e7ox davaml\u0131 inki\u015faf g\u00f6st\u0259ricil\u0259ri v\u0259 sosial indikatorlara g\u00f6r\u0259, \u201cB\u00f6y\u00fck \u0130yirmilik\u201d v\u0259 \u201cB\u00f6y\u00fck Yeddilik\u201d \u00f6lk\u0259l\u0259rinin \u0259ks\u0259riyy\u0259tini \u00fcst\u0259l\u0259yir. U.\u018fl\u0259kb\u0259rov vur\u011fulay\u0131b ki, bu u\u011furlar\u0131n k\u00f6k\u00fcnd\u0259 yaln\u0131z yax\u015f\u0131 idar\u0259\u00e7ilik, Prezident \u0130lham \u018fliyevin t\u0259tbiq etdiyi orijinal idar\u0259etm\u0259 texnologiyalar\u0131 v\u0259 d\u00f6vl\u0259t institutlar\u0131n\u0131n, v\u0259t\u0259nda\u015f c\u0259miyy\u0259tinin, \u00f6z\u0259l sektorun f\u0259aliyy\u0259tinin kombinasiyas\u0131 dayan\u0131r. Bildirilib ki, d\u00f6vl\u0259t ba\u015f\u00e7\u0131s\u0131n\u0131n t\u0259tbiq etdiyi idar\u0259\u00e7ilik texnologiyalar\u0131 say\u0259sind\u0259 2018-ci ilin yanvar\u0131nda ke\u00e7iril\u0259n Davos forumunun hesabat\u0131nda inkl\u00fcziv inki\u015faf indeksin\u0259 g\u00f6r\u0259, Az\u0259rbaycan d\u00fcnyada \u00fc\u00e7\u00fcnc\u00fc yerd\u0259 q\u0259rarla\u015faraq iqtisadi g\u00f6st\u0259ricil\u0259ri daha y\u00fcks\u0259k olan \u00f6lk\u0259l\u0259ri bel\u0259, gerid\u0259 qoyub. H\u0259min \u00f6lk\u0259l\u0259r s\u0131ras\u0131nda inki\u015faf etmi\u015f Avropa \u0130ttifaq\u0131 d\u00f6vl\u0259tl\u0259ri d\u0259 var. U.\u018fl\u0259kb\u0259rov bu v\u0259 b\u0259nz\u0259r t\u0259qdir\u0259layiq n\u0259tic\u0259l\u0259rin \u00f6lk\u0259nin s\u0259m\u0259r\u0259li idar\u0259 olunmas\u0131 v\u0259 iqtisadi imkanlardan maksimum istifad\u0259 edilm\u0259sind\u0259n x\u0259b\u0259r verdiyini x\u00fcsusi vur\u011fulay\u0131b.<\/p>\n\n\n\n<p><\/p>\n\n\n\n<figure class=\"wp-container-2 wp-block-gallery-1 wp-block-gallery columns-2 is-cropped\"><ul class=\"blocks-gallery-grid\"><li class=\"blocks-gallery-item\"><figure><img width=\"640\" height=\"424\" src=\"https:\/\/dia.edu.az\/wp-content\/uploads\/2021\/03\/25.04-1.jpg\" alt=\"\" data-id=\"12034\" data-full-url=\"https:\/\/dia.edu.az\/wp-content\/uploads\/2021\/03\/25.04-1.jpg\" data-link=\"https:\/\/dia.edu.az\/?attachment_id=12034\" class=\"wp-image-12034\" srcset=\"https:\/\/legacy.dia.edu.az\/wp-content\/uploads\/2021\/03\/25.04-1.jpg 640w, https:\/\/legacy.dia.edu.az\/wp-content\/uploads\/2021\/03\/25.04-1-300x199.jpg 300w, https:\/\/legacy.dia.edu.az\/wp-content\/uploads\/2021\/03\/25.04-1-16x12.jpg 16w, https:\/\/legacy.dia.edu.az\/wp-content\/uploads\/2021\/03\/25.04-1-150x100.jpg 150w, https:\/\/legacy.dia.edu.az\/wp-content\/uploads\/2021\/03\/25.04-1-300x199@2x.jpg 600w\" sizes=\"(max-width: 640px) 100vw, 640px\" \/><\/figure><\/li><li class=\"blocks-gallery-item\"><figure><img width=\"640\" height=\"424\" src=\"https:\/\/dia.edu.az\/wp-content\/uploads\/2021\/03\/2504-1.jpg\" alt=\"\" data-id=\"12035\" data-full-url=\"https:\/\/dia.edu.az\/wp-content\/uploads\/2021\/03\/2504-1.jpg\" data-link=\"https:\/\/dia.edu.az\/?attachment_id=12035\" class=\"wp-image-12035\" srcset=\"https:\/\/legacy.dia.edu.az\/wp-content\/uploads\/2021\/03\/2504-1.jpg 640w, https:\/\/legacy.dia.edu.az\/wp-content\/uploads\/2021\/03\/2504-1-300x199.jpg 300w, https:\/\/legacy.dia.edu.az\/wp-content\/uploads\/2021\/03\/2504-1-16x12.jpg 16w, https:\/\/legacy.dia.edu.az\/wp-content\/uploads\/2021\/03\/2504-1-150x100.jpg 150w, https:\/\/legacy.dia.edu.az\/wp-content\/uploads\/2021\/03\/2504-1-300x199@2x.jpg 600w\" sizes=\"(max-width: 640px) 100vw, 640px\" \/><\/figure><\/li><\/ul><\/figure>","protected":false},"excerpt":{"rendered":"<p>D\u0130A-da \u201cHeyd\u0259r \u018fliyev: hakimiyy\u0259t v\u0259 \u015f\u0259xsiyy\u0259t\u201d m\u00f6vzusunda telekonfrans ke\u00e7irilibApr 25 , 2018 &#8211; 01:21 Aprelin 25-d\u0259 Az\u0259rbaycan\u0131n Q\u0131r\u011f\u0131z\u0131standak\u0131 s\u0259firliyi, Az\u0259rbaycan Respublikas\u0131n\u0131n Prezidenti yan\u0131nda D\u00f6vl\u0259t \u0130dar\u0259\u00e7ilik Akademiyas\u0131 (D\u0130A) v\u0259 Q\u0131r\u011f\u0131z\u0131stan Respublikas\u0131n\u0131n Prezidenti yan\u0131nda D\u00f6vl\u0259t \u0130dar\u0259\u00e7ilik Akademiyas\u0131n\u0131n birg\u0259 t\u0259\u015fkilat\u00e7\u0131l\u0131\u011f\u0131 il\u0259 \u00fcmummilli lider Heyd\u0259r \u018fliyevin anadan olmas\u0131n\u0131n 95 illiyin\u0259 h\u0259sr edilmi\u015f online \u201cd\u0259yirmi masa\u201d ke\u00e7irilib. Rektor, akademik Urxan [&hellip;]<\/p>","protected":false},"author":2,"featured_media":12035,"comment_status":"closed","ping_status":"closed","sticky":false,"template":"","format":"standard","meta":[],"categories":[137],"tags":[],"_links":{"self":[{"href":"https:\/\/legacy.dia.edu.az\/en\/wp-json\/wp\/v2\/posts\/12033"}],"collection":[{"href":"https:\/\/legacy.dia.edu.az\/en\/wp-json\/wp\/v2\/posts"}],"about":[{"href":"https:\/\/legacy.dia.edu.az\/en\/wp-json\/wp\/v2\/types\/post"}],"author":[{"embeddable":true,"href":"https:\/\/legacy.dia.edu.az\/en\/wp-json\/wp\/v2\/users\/2"}],"replies":[{"embeddable":true,"href":"https:\/\/legacy.dia.edu.az\/en\/wp-json\/wp\/v2\/comments?post=12033"}],"version-history":[{"count":0,"href":"https:\/\/legacy.dia.edu.az\/en\/wp-json\/wp\/v2\/posts\/12033\/revisions"}],"wp:featuredmedia":[{"embeddable":true,"href":"https:\/\/legacy.dia.edu.az\/en\/wp-json\/wp\/v2\/media\/12035"}],"wp:attachment":[{"href":"https:\/\/legacy.dia.edu.az\/en\/wp-json\/wp\/v2\/media?parent=12033"}],"wp:term":[{"taxonomy":"category","embeddable":true,"href":"https:\/\/legacy.dia.edu.az\/en\/wp-json\/wp\/v2\/categories?post=12033"},{"taxonomy":"post_tag","embeddable":true,"href":"https:\/\/legacy.dia.edu.az\/en\/wp-json\/wp\/v2\/tags?post=12033"}],"curies":[{"name":"wp","href":"https:\/\/api.w.org\/{rel}","templated":true}]}}