{"id":12023,"date":"2018-05-07T00:21:00","date_gmt":"2018-05-06T21:21:00","guid":{"rendered":"https:\/\/dia.edu.az\/?p=12023"},"modified":"2021-03-15T00:22:07","modified_gmt":"2021-03-14T21:22:07","slug":"az%c9%99rbaycanciliq-v%c9%99-multikulturalizm-movzusunda-respublika-elmi-konfrans-kecirilib","status":"publish","type":"post","link":"https:\/\/legacy.dia.edu.az\/en\/arxivl\u0259r\/12023","title":{"rendered":"\u201cAz\u0259rbaycan\u00e7\u0131l\u0131q v\u0259 multikulturalizm\u201d m\u00f6vzusunda respublika elmi konfrans ke\u00e7irilib"},"content":{"rendered":"<p><\/p>\n\n\n\n<p><strong>\u201cAz\u0259rbaycan\u00e7\u0131l\u0131q v\u0259 multikulturalizm\u201d m\u00f6vzusunda respublika elmi konfrans ke\u00e7irilib<\/strong><br><em>May 07 , 2018 &#8211; 11:00<\/em><\/p>\n\n\n\n<p>Az\u0259rbaycan Respublikas\u0131n\u0131n Prezidenti yan\u0131nda D\u00f6vl\u0259t \u0130dar\u0259\u00e7ilik Akademiyas\u0131nda Az\u0259rbaycan xalq\u0131n\u0131n \u00dcmummilli lideri Heyd\u0259r \u018fliyevin anadan olmas\u0131n\u0131n 95-ci ild\u00f6n\u00fcm\u00fcn\u0259 h\u0259sr olunmu\u015f&nbsp;<strong>\u201cAz\u0259rbaycan\u00e7\u0131l\u0131q v\u0259 multikulturalizm\u201d<\/strong>&nbsp;m\u00f6vzusunda Respublika elmi konfrans ke\u00e7irilmi\u015fdir.<\/p>\n\n\n\n<p>Konfrans\u0131 giri\u015f s\u00f6z\u00fc il\u0259 Az\u0259rbaycan Respublikas\u0131n\u0131n Prezidenti yan\u0131nda D\u00f6vl\u0259t \u0130dar\u0259\u00e7ilik Akademiyas\u0131n\u0131n rektoru, akademik Urxan \u018fl\u0259kb\u0259rov a\u00e7\u0131b. Az\u0259rbaycan Pespublikas\u0131 Prezidentinin Administrasiyas\u0131n\u0131n Mill\u0259tl\u0259raras\u0131 m\u00fcnasib\u0259tl\u0259r, multikulturalizm v\u0259 dini m\u0259s\u0259l\u0259l\u0259r \u015f\u00f6b\u0259sininin m\u00fcdiri, Az\u0259rbaycan Respublikas\u0131n\u0131n Prezidenti yan\u0131nda D\u00f6vl\u0259t \u0130dar\u0259\u00e7ilik Akademiyas\u0131n\u0131n F\u0259ls\u0259f\u0259 v\u0259 Sosial Psixologiya kafedras\u0131n\u0131n m\u00fcdiri&nbsp;<strong>professor Etibar N\u0259c\u0259fov<\/strong>&nbsp;\u201c<strong>Az\u0259rbaycan\u00e7\u0131l\u0131q milli ideyas\u0131n\u0131n inki\u015faf m\u0259rh\u0259l\u0259l\u0259ri<\/strong>\u201d, Bak\u0131 Beyn\u0259lxalq Multikulturalizm M\u0259rk\u0259zinin icra\u00e7\u0131 direktor \u0259v\u0259zi&nbsp;<strong>R\u0259van H\u0259s\u0259nov&nbsp;<\/strong>\u201c<strong>Az\u0259rbaycan multikulturalizminin siyasi v\u0259 h\u00fcquqi \u0259saslar\u0131<\/strong>\u201d, Az\u0259rbaycan Dill\u0259r Universitetinin Multikulturalizm Elmi \u2013 T\u0259dqiqat laboratoriyas\u0131n\u0131n m\u00fcdiri, dosent&nbsp;<strong>\u0130rina Kunina&nbsp;<\/strong>\u201c<strong>Multikulturalizm v\u0259 interkulturalizm<\/strong>\u201d, AMEA-n\u0131n H\u00fcquq v\u0259 \u0130nsan&nbsp; Haqlar\u0131 \u0130nstitutunun Beyn\u0259lxalq m\u00fcnasib\u0259tl\u0259r v\u0259 insan h\u00fcquqlar\u0131 \u015f\u00f6b\u0259sinin m\u00fcdiri,dosent&nbsp;<strong>El\u015fad Mirb\u0259\u015firo\u011flu&nbsp;<\/strong>\u201c<strong>\u00dcmummilli lider Heyd\u0259r \u018fliyev v\u0259 Az\u0259rbaycanda multikulturalizm siyas\u0259tinin formala\u015fmas\u0131<\/strong>\u201d, D\u0130A-n\u0131n F\u0259ls\u0259f\u0259 v\u0259 Sosial Psixologiya kafedras\u0131n\u0131ndosenti&nbsp;<strong>Sakit \u018fliyev&nbsp;<\/strong>\u201c<strong>Multikulturalizm Az\u0259rbaycan\u00e7\u0131l\u0131q ideologiyas\u0131n\u0131n t\u0259rkib hiss\u0259si kimi<\/strong>\u201d, AMEA-n\u0131n F\u0259ls\u0259f\u0259 \u0130nstitutunun Multikulturalizm v\u0259 tolerantl\u0131q f\u0259ls\u0259f\u0259si \u015f\u00f6b\u0259sinin b\u00f6y\u00fck elmi i\u015f\u00e7isi f\u0259ls\u0259f\u0259 \u00fczr\u0259 f\u0259ls\u0259f\u0259 doktoru&nbsp;<strong>Radif Mustafayev&nbsp;<\/strong>\u201cAz\u0259<strong>rbaycan Xalq C\u00fcmhuriyy\u0259tind\u0259 mill\u0259t anlay\u0131\u015f\u0131n\u0131n m\u00fcasir d\u00f6vr az\u0259rbaycan\u00e7\u0131l\u0131q ideologiyas\u0131nda davam\u0131<\/strong>\u201d v\u0259 D\u0130A-n\u0131n F\u0259ls\u0259f\u0259 v\u0259 Sosial Psixologiya kafedras\u0131n\u0131ndosent \u0259v\u0259zi&nbsp;<strong>Cahangir Cahangirli<\/strong>&nbsp;\u201c<strong>Az\u0259rbaycanda d\u00f6vl\u0259t idar\u0259\u00e7iliyi sisteminin t\u0259kmill\u0259\u015fdirilm\u0259sind\u0259 multikulturalizm siyas\u0259tinin \u0259h\u0259miyy\u0259ti<\/strong>\u201d m\u00f6vzusunda m\u0259ruz\u0259 il\u0259 \u00e7\u0131x\u0131\u015f edibl\u0259r.<\/p>","protected":false},"excerpt":{"rendered":"<p>\u201cAz\u0259rbaycan\u00e7\u0131l\u0131q v\u0259 multikulturalizm\u201d m\u00f6vzusunda respublika elmi konfrans ke\u00e7irilibMay 07 , 2018 &#8211; 11:00 Az\u0259rbaycan Respublikas\u0131n\u0131n Prezidenti yan\u0131nda D\u00f6vl\u0259t \u0130dar\u0259\u00e7ilik Akademiyas\u0131nda Az\u0259rbaycan xalq\u0131n\u0131n \u00dcmummilli lideri Heyd\u0259r \u018fliyevin anadan olmas\u0131n\u0131n 95-ci ild\u00f6n\u00fcm\u00fcn\u0259 h\u0259sr olunmu\u015f&nbsp;\u201cAz\u0259rbaycan\u00e7\u0131l\u0131q v\u0259 multikulturalizm\u201d&nbsp;m\u00f6vzusunda Respublika elmi konfrans ke\u00e7irilmi\u015fdir. Konfrans\u0131 giri\u015f s\u00f6z\u00fc il\u0259 Az\u0259rbaycan Respublikas\u0131n\u0131n Prezidenti yan\u0131nda D\u00f6vl\u0259t \u0130dar\u0259\u00e7ilik Akademiyas\u0131n\u0131n rektoru, akademik Urxan \u018fl\u0259kb\u0259rov a\u00e7\u0131b. Az\u0259rbaycan [&hellip;]<\/p>","protected":false},"author":2,"featured_media":11988,"comment_status":"closed","ping_status":"closed","sticky":false,"template":"","format":"standard","meta":[],"categories":[137],"tags":[],"_links":{"self":[{"href":"https:\/\/legacy.dia.edu.az\/en\/wp-json\/wp\/v2\/posts\/12023"}],"collection":[{"href":"https:\/\/legacy.dia.edu.az\/en\/wp-json\/wp\/v2\/posts"}],"about":[{"href":"https:\/\/legacy.dia.edu.az\/en\/wp-json\/wp\/v2\/types\/post"}],"author":[{"embeddable":true,"href":"https:\/\/legacy.dia.edu.az\/en\/wp-json\/wp\/v2\/users\/2"}],"replies":[{"embeddable":true,"href":"https:\/\/legacy.dia.edu.az\/en\/wp-json\/wp\/v2\/comments?post=12023"}],"version-history":[{"count":0,"href":"https:\/\/legacy.dia.edu.az\/en\/wp-json\/wp\/v2\/posts\/12023\/revisions"}],"wp:featuredmedia":[{"embeddable":true,"href":"https:\/\/legacy.dia.edu.az\/en\/wp-json\/wp\/v2\/media\/11988"}],"wp:attachment":[{"href":"https:\/\/legacy.dia.edu.az\/en\/wp-json\/wp\/v2\/media?parent=12023"}],"wp:term":[{"taxonomy":"category","embeddable":true,"href":"https:\/\/legacy.dia.edu.az\/en\/wp-json\/wp\/v2\/categories?post=12023"},{"taxonomy":"post_tag","embeddable":true,"href":"https:\/\/legacy.dia.edu.az\/en\/wp-json\/wp\/v2\/tags?post=12023"}],"curies":[{"name":"wp","href":"https:\/\/api.w.org\/{rel}","templated":true}]}}