{"id":12020,"date":"2018-05-07T00:20:00","date_gmt":"2018-05-06T21:20:00","guid":{"rendered":"https:\/\/dia.edu.az\/?p=12020"},"modified":"2021-03-15T00:20:54","modified_gmt":"2021-03-14T21:20:54","slug":"dovl%c9%99t-idar%c9%99cilik-akademiyasinda-heyd%c9%99r-%c9%99liyev-v%c9%99-az%c9%99rbaycanin-milli-inkisaf-strategiyasi-movzusunda-elmi-praktik-konfrans-kecirilib","status":"publish","type":"post","link":"https:\/\/legacy.dia.edu.az\/en\/arxivl\u0259r\/12020","title":{"rendered":"D\u00f6vl\u0259t \u0130dar\u0259\u00e7ilik Akademiyas\u0131nda \u201cHeyd\u0259r \u018fliyev v\u0259 Az\u0259rbaycan\u0131n milli inki\u015faf strategiyas\u0131\u201d m\u00f6vzusunda elmi-praktik konfrans ke\u00e7irilib"},"content":{"rendered":"<p><strong>D\u00f6vl\u0259t \u0130dar\u0259\u00e7ilik Akademiyas\u0131nda \u201cHeyd\u0259r \u018fliyev v\u0259 Az\u0259rbaycan\u0131n milli inki\u015faf strategiyas\u0131\u201d m\u00f6vzusunda elmi-praktik konfrans ke\u00e7irilib<\/strong><br><em>May 07 , 2018 &#8211; 09:16<\/em><\/p>\n\n\n\n<p>May\u0131n 4-d\u0259 Az\u0259rbaycan Respublikas\u0131n\u0131n Prezidenti yan\u0131nda D\u00f6vl\u0259t \u0130dar\u0259\u00e7ilik Akademiyas\u0131nda doktorant v\u0259 dissertantlar\u0131n \u00dcmummilli Lider Heyd\u0259r \u018fliyevin 95-c\u00fc ild\u00f6n\u00fcm\u00fcn\u0259 h\u0259sr edilmi\u015f \u201cHeyd\u0259r \u018fliyev v\u0259 Az\u0259rbaycan\u0131n milli inki\u015faf strategiyas\u0131\u201d \u00a0m\u00f6vzusunda elmi-praktik konfrans ke\u00e7irilib. D\u0130A-n\u0131n \u201cElmi-t\u0259\u015fkilat\u201d \u015f\u00f6b\u0259sinin t\u0259\u015fkilat\u00e7\u0131ll\u0131\u011f\u0131 il\u0259 ke\u00e7iril\u0259n elmi-praktik konfrans\u0131 giri\u015f s\u00f6z\u00fc il\u0259 a\u00e7an D\u00f6vl\u0259t \u0130dar\u0259\u00e7ilik Akademiyas\u0131n\u0131n rektoru, akademik Urxan \u018fl\u0259kb\u0259rov \u00fcmummilli lider Heyd\u0259r \u018fliyevin Az\u0259rbaycan d\u00f6vl\u0259ti v\u0259 xalq\u0131 qar\u015f\u0131s\u0131ndak\u0131 m\u00fcst\u0259sna xidm\u0259tl\u0259rind\u0259n, ulu \u00f6nd\u0259rin z\u0259ngin siyasi irsinin, idar\u0259\u00e7ilik t\u0259cr\u00fcb\u0259sinin \u0259h\u0259miyy\u0259tind\u0259n dan\u0131\u015f\u0131b. Rektor qeyd edib ki, \u00f6lk\u0259mizin m\u00fcasir inki\u015faf tarixi Heyd\u0259r \u018fliyevin ad\u0131 il\u0259 ba\u011fl\u0131d\u0131r. Heyd\u0259r \u018fliyev ideyalar\u0131n\u0131n v\u0259 siyasi irsinin lay\u0131qli davam\u00e7\u0131s\u0131 Prezident \u0130lham \u018fliyevin d\u00fc\u015f\u00fcn\u00fclm\u00fc\u015f siyas\u0259ti n\u0259tic\u0259sind\u0259 Az\u0259rbaycan d\u00fcnyada inki\u015faf etmi\u015f \u00f6lk\u0259l\u0259r s\u0131ras\u0131nda lay\u0131qli yerini tutmu\u015fdur. Daha sonra D\u0130A-n\u0131n doktorant v\u0259 dissertantlar\u0131n\u0131n 20 m\u0259ruz\u0259si dinl\u0259nilmi\u015fdir.<\/p>\n\n\n\n<p><\/p>\n\n\n\n<figure class=\"wp-container-2 wp-block-gallery-1 wp-block-gallery columns-1 is-cropped\"><ul class=\"blocks-gallery-grid\"><li class=\"blocks-gallery-item\"><figure><img width=\"640\" height=\"424\" src=\"https:\/\/dia.edu.az\/wp-content\/uploads\/2021\/03\/13.05.jpg\" alt=\"\" data-id=\"12021\" data-full-url=\"https:\/\/dia.edu.az\/wp-content\/uploads\/2021\/03\/13.05.jpg\" data-link=\"https:\/\/dia.edu.az\/?attachment_id=12021\" class=\"wp-image-12021\" srcset=\"https:\/\/legacy.dia.edu.az\/wp-content\/uploads\/2021\/03\/13.05.jpg 640w, https:\/\/legacy.dia.edu.az\/wp-content\/uploads\/2021\/03\/13.05-300x199.jpg 300w, https:\/\/legacy.dia.edu.az\/wp-content\/uploads\/2021\/03\/13.05-16x12.jpg 16w, https:\/\/legacy.dia.edu.az\/wp-content\/uploads\/2021\/03\/13.05-150x100.jpg 150w, https:\/\/legacy.dia.edu.az\/wp-content\/uploads\/2021\/03\/13.05-300x199@2x.jpg 600w\" sizes=\"(max-width: 640px) 100vw, 640px\" \/><\/figure><\/li><\/ul><\/figure>","protected":false},"excerpt":{"rendered":"<p>D\u00f6vl\u0259t \u0130dar\u0259\u00e7ilik Akademiyas\u0131nda \u201cHeyd\u0259r \u018fliyev v\u0259 Az\u0259rbaycan\u0131n milli inki\u015faf strategiyas\u0131\u201d m\u00f6vzusunda elmi-praktik konfrans ke\u00e7irilibMay 07 , 2018 &#8211; 09:16 May\u0131n 4-d\u0259 Az\u0259rbaycan Respublikas\u0131n\u0131n Prezidenti yan\u0131nda D\u00f6vl\u0259t \u0130dar\u0259\u00e7ilik Akademiyas\u0131nda doktorant v\u0259 dissertantlar\u0131n \u00dcmummilli Lider Heyd\u0259r \u018fliyevin 95-c\u00fc ild\u00f6n\u00fcm\u00fcn\u0259 h\u0259sr edilmi\u015f \u201cHeyd\u0259r \u018fliyev v\u0259 Az\u0259rbaycan\u0131n milli inki\u015faf strategiyas\u0131\u201d \u00a0m\u00f6vzusunda elmi-praktik konfrans ke\u00e7irilib. D\u0130A-n\u0131n \u201cElmi-t\u0259\u015fkilat\u201d \u015f\u00f6b\u0259sinin t\u0259\u015fkilat\u00e7\u0131ll\u0131\u011f\u0131 il\u0259 [&hellip;]<\/p>","protected":false},"author":2,"featured_media":12021,"comment_status":"closed","ping_status":"closed","sticky":false,"template":"","format":"standard","meta":[],"categories":[137],"tags":[],"_links":{"self":[{"href":"https:\/\/legacy.dia.edu.az\/en\/wp-json\/wp\/v2\/posts\/12020"}],"collection":[{"href":"https:\/\/legacy.dia.edu.az\/en\/wp-json\/wp\/v2\/posts"}],"about":[{"href":"https:\/\/legacy.dia.edu.az\/en\/wp-json\/wp\/v2\/types\/post"}],"author":[{"embeddable":true,"href":"https:\/\/legacy.dia.edu.az\/en\/wp-json\/wp\/v2\/users\/2"}],"replies":[{"embeddable":true,"href":"https:\/\/legacy.dia.edu.az\/en\/wp-json\/wp\/v2\/comments?post=12020"}],"version-history":[{"count":0,"href":"https:\/\/legacy.dia.edu.az\/en\/wp-json\/wp\/v2\/posts\/12020\/revisions"}],"wp:featuredmedia":[{"embeddable":true,"href":"https:\/\/legacy.dia.edu.az\/en\/wp-json\/wp\/v2\/media\/12021"}],"wp:attachment":[{"href":"https:\/\/legacy.dia.edu.az\/en\/wp-json\/wp\/v2\/media?parent=12020"}],"wp:term":[{"taxonomy":"category","embeddable":true,"href":"https:\/\/legacy.dia.edu.az\/en\/wp-json\/wp\/v2\/categories?post=12020"},{"taxonomy":"post_tag","embeddable":true,"href":"https:\/\/legacy.dia.edu.az\/en\/wp-json\/wp\/v2\/tags?post=12020"}],"curies":[{"name":"wp","href":"https:\/\/api.w.org\/{rel}","templated":true}]}}