{"id":12007,"date":"2018-05-08T00:16:00","date_gmt":"2018-05-07T21:16:00","guid":{"rendered":"https:\/\/dia.edu.az\/?p=12007"},"modified":"2021-03-15T00:17:35","modified_gmt":"2021-03-14T21:17:35","slug":"dia-da-heyd%c9%99r-%c9%99liyev-v%c9%99-az%c9%99rbaycanin-milli-inkisaf-strategiyasi-proses-v%c9%99-n%c9%99tic%c9%99-movzusunda-elmi-konfrans-kecirilib","status":"publish","type":"post","link":"https:\/\/legacy.dia.edu.az\/en\/arxivl\u0259r\/12007","title":{"rendered":"D\u0130A-da \u201cHeyd\u0259r \u018fliyev v\u0259 Az\u0259rbaycan\u0131n milli inki\u015faf strategiyas\u0131: proses v\u0259 n\u0259tic\u0259\u201d m\u00f6vzusunda elmi konfrans ke\u00e7irilib"},"content":{"rendered":"<p><\/p>\n\n\n\n<p><strong>D\u0130A-da \u201cHeyd\u0259r \u018fliyev v\u0259 Az\u0259rbaycan\u0131n milli inki\u015faf strategiyas\u0131: proses v\u0259 n\u0259tic\u0259\u201d m\u00f6vzusunda elmi konfrans ke\u00e7irilib<\/strong><br><em>May 08 , 2018 &#8211; 09:06<\/em><\/p>\n\n\n\n<p>May\u0131n 8-d\u0259 Az\u0259rbaycan Respublikas\u0131n\u0131n Prezidenti yan\u0131nda D\u00f6vl\u0259t \u0130dar\u0259\u00e7ilik Akademiyas\u0131nda (D\u0130A) \u00fcmummilli lider Heyd\u0259r \u018fliyevin anadan olmas\u0131n\u0131n 95 illiyin\u0259 h\u0259sr edilmi\u015f \u201cHeyd\u0259r \u018fliyev v\u0259 Az\u0259rbaycan\u0131n milli inki\u015faf strategiyas\u0131: proses v\u0259 n\u0259tic\u0259\u201d m\u00f6vzusunda elmi konfrans ke\u00e7irilib.<\/p>\n\n\n\n<p>\u018fvv\u0259lc\u0259 t\u0259dbir i\u015ftirak\u00e7\u0131lar\u0131 ulu \u00f6nd\u0259r Heyd\u0259r \u018fliyevin bu ali m\u0259kt\u0259bd\u0259ki b\u00fcst\u00fc \u00f6n\u00fcn\u0259 g\u00fcll\u0259r d\u00fcz\u00fcb, \u0259ziz xatir\u0259sini ehtiramla an\u0131blar.<\/p>\n\n\n\n<p>T\u0259dbird\u0259 D\u0130A-n\u0131n rektoru, akademik Urxan \u018fl\u0259kb\u0259rov m\u00fcasir m\u00fcst\u0259qil d\u00f6vl\u0259timizin qurucusu v\u0259 memar\u0131, \u00fcmummilli lider Heyd\u0259r \u018fliyevin tarixi xidm\u0259tl\u0259rini vur\u011fulay\u0131b.<\/p>\n\n\n\n<p>Heyd\u0259r \u018fliyev siyas\u0259tinin u\u011furlu n\u0259tic\u0259l\u0259rind\u0259n dan\u0131\u015fan rektor dahi r\u0259hb\u0259rin ideyalar\u0131n\u0131n Prezident \u0130lham \u018fliyev t\u0259r\u0259find\u0259n \u0259zml\u0259 h\u0259yata ke\u00e7irildiyini, Az\u0259rbaycan\u0131n \u00e7ox s\u00fcr\u0259tl\u0259 inki\u015faf etdiyini bildirib.<\/p>\n\n\n\n<p>D\u0130A-n\u0131n d\u00f6vl\u0259t qullu\u011fu v\u0259 kadr siyas\u0259ti kafedras\u0131n\u0131n dosenti, Milli M\u0259clisin deputat\u0131 Ayd\u0131n Mirz\u0259zad\u0259, professor \u018fli Nuriyev, D\u00f6vl\u0259t T\u0259hl\u00fck\u0259sizlik Xidm\u0259tinin \u0259m\u0259kda\u015f\u0131 Az\u0259r S\u0259limov, D\u0130A-n\u0131n siyasi idar\u0259etm\u0259 fak\u00fclt\u0259sinin dekan\u0131, professor El\u00e7in \u018fhm\u0259dov m\u00f6vzuya dair m\u0259ruz\u0259l\u0259rl\u0259 \u00e7\u0131x\u0131\u015f edibl\u0259r. M\u0259ruz\u0259\u00e7il\u0259r \u00fcmummilli lider Heyd\u0259r \u018fliyevin \u015f\u0259xsiyy\u0259tinin b\u00f6y\u00fckl\u00fcy\u00fcnd\u0259n, \u00f6lk\u0259mizd\u0259 demokratik, h\u00fcquqi d\u00f6vl\u0259t quruculu\u011fu istiqam\u0259tind\u0259 h\u0259yata ke\u00e7irdiyi u\u011furlu islahatlardan b\u0259hs edib, Ulu \u00d6nd\u0259rin Az\u0259rbaycan\u0131n d\u00f6vl\u0259t\u00e7ilik maraqlar\u0131n\u0131 h\u0259mi\u015f\u0259 \u00fcst\u00fcn tutdu\u011funu vur\u011fulay\u0131blar.<\/p>","protected":false},"excerpt":{"rendered":"<p>D\u0130A-da \u201cHeyd\u0259r \u018fliyev v\u0259 Az\u0259rbaycan\u0131n milli inki\u015faf strategiyas\u0131: proses v\u0259 n\u0259tic\u0259\u201d m\u00f6vzusunda elmi konfrans ke\u00e7irilibMay 08 , 2018 &#8211; 09:06 May\u0131n 8-d\u0259 Az\u0259rbaycan Respublikas\u0131n\u0131n Prezidenti yan\u0131nda D\u00f6vl\u0259t \u0130dar\u0259\u00e7ilik Akademiyas\u0131nda (D\u0130A) \u00fcmummilli lider Heyd\u0259r \u018fliyevin anadan olmas\u0131n\u0131n 95 illiyin\u0259 h\u0259sr edilmi\u015f \u201cHeyd\u0259r \u018fliyev v\u0259 Az\u0259rbaycan\u0131n milli inki\u015faf strategiyas\u0131: proses v\u0259 n\u0259tic\u0259\u201d m\u00f6vzusunda elmi konfrans ke\u00e7irilib. \u018fvv\u0259lc\u0259 [&hellip;]<\/p>","protected":false},"author":2,"featured_media":12008,"comment_status":"closed","ping_status":"closed","sticky":false,"template":"","format":"standard","meta":[],"categories":[137],"tags":[],"_links":{"self":[{"href":"https:\/\/legacy.dia.edu.az\/en\/wp-json\/wp\/v2\/posts\/12007"}],"collection":[{"href":"https:\/\/legacy.dia.edu.az\/en\/wp-json\/wp\/v2\/posts"}],"about":[{"href":"https:\/\/legacy.dia.edu.az\/en\/wp-json\/wp\/v2\/types\/post"}],"author":[{"embeddable":true,"href":"https:\/\/legacy.dia.edu.az\/en\/wp-json\/wp\/v2\/users\/2"}],"replies":[{"embeddable":true,"href":"https:\/\/legacy.dia.edu.az\/en\/wp-json\/wp\/v2\/comments?post=12007"}],"version-history":[{"count":0,"href":"https:\/\/legacy.dia.edu.az\/en\/wp-json\/wp\/v2\/posts\/12007\/revisions"}],"wp:featuredmedia":[{"embeddable":true,"href":"https:\/\/legacy.dia.edu.az\/en\/wp-json\/wp\/v2\/media\/12008"}],"wp:attachment":[{"href":"https:\/\/legacy.dia.edu.az\/en\/wp-json\/wp\/v2\/media?parent=12007"}],"wp:term":[{"taxonomy":"category","embeddable":true,"href":"https:\/\/legacy.dia.edu.az\/en\/wp-json\/wp\/v2\/categories?post=12007"},{"taxonomy":"post_tag","embeddable":true,"href":"https:\/\/legacy.dia.edu.az\/en\/wp-json\/wp\/v2\/tags?post=12007"}],"curies":[{"name":"wp","href":"https:\/\/api.w.org\/{rel}","templated":true}]}}